{"id":39812,"date":"2021-09-07T15:54:51","date_gmt":"2021-09-07T21:54:51","guid":{"rendered":"https:\/\/redsemlac.com\/semmexico\/?p=39812"},"modified":"2023-07-21T17:06:31","modified_gmt":"2023-07-21T22:06:31","slug":"estrenaran-bicefalo-de-mariana-hartasanchez","status":"publish","type":"post","link":"https:\/\/redsemlac.com\/semmexico\/estrenaran-bicefalo-de-mariana-hartasanchez\/","title":{"rendered":"Estrenar\u00e1n Bic\u00e9falo de Mariana Hartas\u00e1nchez"},"content":{"rendered":"\n<ul class=\"wp-block-list\"><li><strong>Como parte de&nbsp;<em>En compa\u00f1\u00eda de la Compa\u00f1\u00eda,<\/em>&nbsp;en colaboraci\u00f3n con la agrupaci\u00f3n queretana Sabandijas de Palacio<\/strong><\/li><li><strong>Estar\u00e1 en cartelera del 9 de septiembre al 3 de octubre&nbsp;&nbsp;<\/strong><\/li><\/ul>\n\n\n\n<p class=\"wp-block-paragraph\"><strong>Redacci\u00f3n<\/strong><\/p>\n\n\n\n<p class=\"wp-block-paragraph\">SemM\u00e9xico, Cd. de M\u00e9xico, 7 de septiembre, 2021.- Vinzo, un t\u00edmido ornit\u00f3logo, aparece en un restaurante en las inmediaciones de una carretera desolada. Noria, la hosca propietaria del lugar, lo atiende con displicencia. A pesar de que los comensales no suelen regresar al decadente sitio, Vinzo lo hace a diario y se gana poco a poco la confianza de la restaurantera, desesperada por encontrar al asesino de su hermana. Vinzo intenta ayudarla a descubrir al culpable de este crimen atroz que ha sumido a Elia, la sobrina de Noria, en una depresi\u00f3n. La intrincada relaci\u00f3n entre los tres personajes acaba por desencadenar sucesos imprevisibles y violentos.&nbsp;<\/p>\n\n\n\n<p class=\"wp-block-paragraph\">\u00c9sta es la trama de&nbsp;<em>Bic\u00e9falo<\/em>, obra de Mariana Hartas\u00e1nchez que ser\u00e1 escenificada, bajo la direcci\u00f3n de Guillermo Heras por la Compa\u00f1\u00eda Nacional de Teatro (CNT), los jueves y viernes a las 20:00 horas, los s\u00e1bados a las 19:00 y los domingos a las 18:00, del 9 de septiembre al 3 de octubre en la Sala&nbsp;<em>H\u00e9ctor Mendoza<\/em>&nbsp;de la agrupaci\u00f3n del&nbsp;Instituto Nacional de Bellas Artes y Literatura (INBAL), en el marco de la campa\u00f1a&nbsp;<strong>#VolverAVerte<\/strong>&nbsp;de la Secretar\u00eda de Cultura del Gobierno de M\u00e9xico.&nbsp;<\/p>\n\n\n\n<p class=\"wp-block-paragraph\">El montaje ser\u00e1 estrenado como parte de&nbsp;<em>En compa\u00f1\u00eda de la Compa\u00f1\u00eda,<\/em>&nbsp;en colaboraci\u00f3n con la agrupaci\u00f3n queretana Sabandijas de Palacio. Este programa de coproducci\u00f3n inici\u00f3 en 2017 como apoyo a compa\u00f1\u00edas teatrales independientes de diversas ciudades de la Rep\u00fablica, como El Rinoceronte Enamorado, de San Luis Potos\u00ed; La Rendija, de M\u00e9rida, Yucat\u00e1n; La Piedra de S\u00edsifo, de Guadalajara, Jalisco; la Organizaci\u00f3n Teatral de la Universidad Veracruzana, de Xalapa, Veracruz; la Compa\u00f1\u00eda Titular de Teatro del Complejo Cultural Universitario de la Benem\u00e9rita Universidad Aut\u00f3noma de Puebla, en Puebla, e Iguana Roja, de Mazatl\u00e1n, Sinaloa.&nbsp;<\/p>\n\n\n\n<p class=\"wp-block-paragraph\">Sabandijas de Palacio fue fundada por Hartas\u00e1nchez en 2004, a\u00f1o a partir del cual ha realizado 31 montajes esc\u00e9nicos, 20 de ellos de obras escritas por la tambi\u00e9n actriz y directora teatral.&nbsp;<\/p>\n\n\n\n<p class=\"wp-block-paragraph\">Sobre la colaboraci\u00f3n con la CNT, la dramaturga comenta: \u201cNos sentimos felices por la posibilidad que se nos otorga al tener dos puntos de vista y por estrechar estos v\u00ednculos art\u00edsticos. Ha sido un proceso muy a\u00f1orado porque se atraves\u00f3 la COVID-19 y esto hizo que se demorara un a\u00f1o, m\u00e1s o menos, el estreno.&nbsp;<\/p>\n\n\n\n<p class=\"wp-block-paragraph\">\u201cA ra\u00edz de la contingencia sanitaria, pensamos en esta obra para dos personajes, pero con una cuesti\u00f3n que para m\u00ed resulta sumamente interesante y atractiva como dramaturga, porque vamos a tener dos elencos. Yo act\u00fao como parte de Sabandijas de Palacio, y Antonio Rojas, de la CNT. El otro elenco est\u00e1 integrado por Amanda Schmelz, de la CNT, y Austin Morgan como nuestro invitado de Sabandijas de Palacio\u201d.&nbsp;<\/p>\n\n\n\n<p class=\"wp-block-paragraph\">Hartas\u00e1nchez comenz\u00f3 a trabajar este texto hace siete a\u00f1os con una estructura de novela policiaca. \u201cFue largo el proceso justamente porque lo policiaco demanda una atenci\u00f3n muy especial en los detalles. Me interesaba hablar de la cuesti\u00f3n de la violencia de g\u00e9nero, sobre feminicidios, pero de ninguna manera abordarlo de una forma melodram\u00e1tica, sino tratar de buscar una situaci\u00f3n que tuviera una especificidad real.&nbsp;<\/p>\n\n\n\n<p class=\"wp-block-paragraph\">\u201cLo que hice fue que al personaje masculino le di caracter\u00edsticas que normalmente se le asignan a las mujeres, y al femenino, a los hombres. Entonces, de esta manera, las y los espectadores pueden empatizar con ambos personajes. La idea es voltear un poco el universo para poder ampliar la mirada general\u201d, finaliza la escritora, directora e int\u00e9rprete.&nbsp;<\/p>\n\n\n\n<p class=\"wp-block-paragraph\"><em>Bic\u00e9falo&nbsp;<\/em>cuenta con acompa\u00f1amiento creativo y textos en&nbsp;<em>off&nbsp;<\/em>de Hayde\u00e9 Boetto; dise\u00f1o de escenograf\u00eda e iluminaci\u00f3n de Fernando Flores; dise\u00f1o y realizaci\u00f3n de vestuario de Leticia M\u00e9ndez; dise\u00f1o y elaboraci\u00f3n de t\u00edteres de N\u00fabila Teatro, Hayde\u00e9 Boetto, Francisco Bahena y Luisa M\u00e1rquez; m\u00fasica original de Ra\u00fal Zambrano; adaptaci\u00f3n musical y m\u00fasica en escena de Julio G\u00e1ndara, adem\u00e1s del dise\u00f1o multimedia y producci\u00f3n ejecutiva de Ismael Gimate.&nbsp;<\/p>\n\n\n\n<p class=\"wp-block-paragraph\">La Sala&nbsp;<em>H\u00e9ctor Mendoza<\/em>&nbsp;est\u00e1 ubicada en Francisco Sosa 159, colonia Del Carmen, Alcald\u00eda Coyoac\u00e1n. La duraci\u00f3n aproximada de la puesta en escena es de 90 minutos. La entrada es libre con reservaci\u00f3n en el correo electr\u00f3nico&nbsp;<a href=\"mailto:publicos.cnteatro@inba.gob.mx\" target=\"_blank\" rel=\"noreferrer noopener\">publicos.cnteatro@inba.gob.mx<\/a>&nbsp;<\/p>\n\n\n\n<p class=\"wp-block-paragraph\">Habr\u00e1 un estricto apego a las medidas de protecci\u00f3n para artistas, trabajadores y asistentes, las cuales consisten en la instalaci\u00f3n de un filtro con tapete desinfectante, aplicaci\u00f3n de gel antibacterial, revisi\u00f3n de la temperatura que no rebase los 37.5\u00baC, uso obligatorio de cubreboca al momento del acceso y durante las funciones, y respeto a la sana distancia. El cambio de programaci\u00f3n est\u00e1 sujeto a las condiciones sanitarias establecidas por las autoridades de las secretar\u00edas de Salud y de Cultura del Gobierno de M\u00e9xico.&nbsp;<\/p>\n\n\n\n<p class=\"wp-block-paragraph\">SEM\/<\/p>\n","protected":false},"excerpt":{"rendered":"<p>Como parte de\u00a0En compa\u00f1\u00eda de la Compa\u00f1\u00eda,\u00a0en colaboraci\u00f3n con la agrupaci\u00f3n queretana Sabandijas de Palacio.<\/p>\n","protected":false},"author":3,"featured_media":39813,"comment_status":"open","ping_status":"open","sticky":false,"template":"","format":"standard","meta":{"_monsterinsights_skip_tracking":false,"footnotes":""},"categories":[692,45,46],"tags":[],"class_list":["post-39812","post","type-post","status-publish","format-standard","has-post-thumbnail","category-692","category-cultura","category-cultura-cultura"],"_links":{"self":[{"href":"https:\/\/redsemlac.com\/semmexico\/wp-json\/wp\/v2\/posts\/39812","targetHints":{"allow":["GET"]}}],"collection":[{"href":"https:\/\/redsemlac.com\/semmexico\/wp-json\/wp\/v2\/posts"}],"about":[{"href":"https:\/\/redsemlac.com\/semmexico\/wp-json\/wp\/v2\/types\/post"}],"author":[{"embeddable":true,"href":"https:\/\/redsemlac.com\/semmexico\/wp-json\/wp\/v2\/users\/3"}],"replies":[{"embeddable":true,"href":"https:\/\/redsemlac.com\/semmexico\/wp-json\/wp\/v2\/comments?post=39812"}],"version-history":[{"count":0,"href":"https:\/\/redsemlac.com\/semmexico\/wp-json\/wp\/v2\/posts\/39812\/revisions"}],"wp:featuredmedia":[{"embeddable":true,"href":"https:\/\/redsemlac.com\/semmexico\/wp-json\/wp\/v2\/media\/39813"}],"wp:attachment":[{"href":"https:\/\/redsemlac.com\/semmexico\/wp-json\/wp\/v2\/media?parent=39812"}],"wp:term":[{"taxonomy":"category","embeddable":true,"href":"https:\/\/redsemlac.com\/semmexico\/wp-json\/wp\/v2\/categories?post=39812"},{"taxonomy":"post_tag","embeddable":true,"href":"https:\/\/redsemlac.com\/semmexico\/wp-json\/wp\/v2\/tags?post=39812"}],"curies":[{"name":"wp","href":"https:\/\/api.w.org\/{rel}","templated":true}]}}