{"id":39806,"date":"2021-09-07T13:49:34","date_gmt":"2021-09-07T19:49:34","guid":{"rendered":"https:\/\/redsemlac.com\/semmexico\/?p=39806"},"modified":"2023-07-21T17:06:31","modified_gmt":"2023-07-21T22:06:31","slug":"corte-despenaliza-del-aborto-en-coahuila","status":"publish","type":"post","link":"https:\/\/redsemlac.com\/semmexico\/corte-despenaliza-del-aborto-en-coahuila\/","title":{"rendered":"Corte despenaliza del aborto en Coahuila"},"content":{"rendered":"\n<figure class=\"wp-block-image size-large\"><a href=\"https:\/\/redsemlac.com\/semmexico\/2021-lo-mas-destacado\/\" target=\"_blank\" rel=\"https:\/\/redsemlac.com\/semmexico\/2021-lo-mas-destacado\/ noopener\"><img decoding=\"async\" src=\"https:\/\/redsemlac.com\/semmexico\/wp-content\/uploads\/2021\/12\/DESTACADO-BANNER-1024x164.png\" alt=\"\" class=\"wp-image-43481\"\/><\/a><\/figure>\n\n\n\n<ul class=\"wp-block-list\"><li>10 de los 11 ministros votaron a favor del proyecto a cargo de la ponencia de Luis Mar\u00eda Aguilar Morales<\/li><\/ul>\n\n\n\n<ul class=\"wp-block-list\"><li>Fij\u00f3 una jurisprudencia que obligar\u00eda al resto de los estados a reconocer como inconstitucional criminalizar al aborto<\/li><\/ul>\n\n\n\n<p class=\"wp-block-paragraph\">Redacci\u00f3n<br>SemM\u00e9xico\/EFE, Cd. de M\u00e9xico, 7 de septiembre, 2021.- La Suprema Corte de Justicia de Naci\u00f3n (SCJN) aprob\u00f3 este martes la despenalizaci\u00f3n del aborto en Coahuila al confirmar que la actual legislaci\u00f3n actual violenta los derechos de autonom\u00eda y libertad reproductiva de las mujeres.<\/p>\n\n\n\n<p class=\"wp-block-paragraph\">En sesi\u00f3n del pleno de la Corte, 10 de los 11 ministros votaron a favor del proyecto a cargo de la ponencia de Luis Mar\u00eda Aguilar Morales. El voto faltante fue por la ausencia de un ministro.<\/p>\n\n\n\n<p class=\"wp-block-paragraph\">En la sentencia se alega que no debe pesar ninguna sanci\u00f3n penal en contra de las mujeres o personas con la capacidad de gestar que decidan \u201csobre su vida, su cuerpo y su elecci\u00f3n a ser o no madre\u201d.<\/p>\n\n\n\n<p class=\"wp-block-paragraph\">Los ministros declararon inconstitucional del art\u00edculo 196 del C\u00f3digo Penal local, que actualmente establecen que \u201cse impondr\u00e1 de uno a tres a\u00f1os de prisi\u00f3n, a la mujer que voluntariamente practique su aborto o a la persona que la hiciere abortar con el consentimiento de ella\u201d.<\/p>\n\n\n\n<p class=\"wp-block-paragraph\">Al aprobar el proyecto, la Suprema Corte tambi\u00e9n fij\u00f3 una jurisprudencia que obligar\u00eda al resto de los estados a reconocer como inconstitucional las disposiciones legales que buscan criminalizar al aborto.<\/p>\n\n\n\n<p class=\"wp-block-paragraph\">El caso lleg\u00f3 hasta el m\u00e1ximo Tribunal luego de que, en 2017, la entonces Procuradur\u00eda General de la Rep\u00fablica (PGR) promoviera una acci\u00f3n de inconstitucionalidad asegurando que el C\u00f3digo Penal de Coahuila atenta contra los derechos de autonom\u00eda y libertad reproductiva de las mujeres.<\/p>\n\n\n\n<p class=\"wp-block-paragraph\">En su recurso, la PGR tambi\u00e9n consider\u00f3 que los diputados locales no deb\u00edan establecer la medida de prisi\u00f3n preventiva oficiosa para quien practicara un aborto o recibiera ayuda para hacerlo, porque se trataba de una facultad exclusiva del Congreso de la Uni\u00f3n.<\/p>\n\n\n\n<p class=\"wp-block-paragraph\">Un d\u00eda antes, al anunciar su voto a favor, el ministro presidente de la SCJN, Arturo Zald\u00edvar, afirm\u00f3 que las razones que llevan a abortar a una mujer, las condiciones de insalubridad y clandestinidad en que algunas se ven forzadas a hacerlo, las secuelas, la criminalizaci\u00f3n de las que son objeto o la obligaci\u00f3n de llevar un embarazo no deseado, producen un dolor humano inimaginable.<\/p>\n\n\n\n<p class=\"wp-block-paragraph\">Asever\u00f3 que las mujeres y ni\u00f1as que viven en condiciones de marginaci\u00f3n econ\u00f3mica y social son las m\u00e1s afectadas con la criminalizaci\u00f3n del aborto.<\/p>\n\n\n\n<p class=\"wp-block-paragraph\">\u201cEl tipo de aborto castiga a las mujeres m\u00e1s pobres, m\u00e1s marginadas, olvidadas y discriminadas de este pa\u00eds, es un delito que en los hechos castiga a la pobreza (\u2026) Nos corresponde como Tribunal reconocer de una vez por todas el derecho fundamental a la interrupci\u00f3n del embarazo y darle plena efectividad. Es una exigencia constitucional b\u00e1sica impostergable, cimentada en la dignidad y libertad de todas las mujeres que nuestra Constituci\u00f3n protege\u201d, dijo.<\/p>\n\n\n\n<p class=\"wp-block-paragraph\">SEM-EFE<\/p>\n","protected":false},"excerpt":{"rendered":"<p>10 de los 11 ministros votaron a favor del proyecto a cargo de la ponencia de Luis Mar\u00eda Aguilar Morales<\/p>\n","protected":false},"author":3,"featured_media":39807,"comment_status":"open","ping_status":"open","sticky":false,"template":"","format":"standard","meta":{"_monsterinsights_skip_tracking":false,"footnotes":""},"categories":[692,51,628,635],"tags":[629],"class_list":["post-39806","post","type-post","status-publish","format-standard","has-post-thumbnail","category-692","category-ejecutivo","category-lo-destacado-2021","category-septiembre-destacado","tag-destacado2021"],"_links":{"self":[{"href":"https:\/\/redsemlac.com\/semmexico\/wp-json\/wp\/v2\/posts\/39806","targetHints":{"allow":["GET"]}}],"collection":[{"href":"https:\/\/redsemlac.com\/semmexico\/wp-json\/wp\/v2\/posts"}],"about":[{"href":"https:\/\/redsemlac.com\/semmexico\/wp-json\/wp\/v2\/types\/post"}],"author":[{"embeddable":true,"href":"https:\/\/redsemlac.com\/semmexico\/wp-json\/wp\/v2\/users\/3"}],"replies":[{"embeddable":true,"href":"https:\/\/redsemlac.com\/semmexico\/wp-json\/wp\/v2\/comments?post=39806"}],"version-history":[{"count":0,"href":"https:\/\/redsemlac.com\/semmexico\/wp-json\/wp\/v2\/posts\/39806\/revisions"}],"wp:featuredmedia":[{"embeddable":true,"href":"https:\/\/redsemlac.com\/semmexico\/wp-json\/wp\/v2\/media\/39807"}],"wp:attachment":[{"href":"https:\/\/redsemlac.com\/semmexico\/wp-json\/wp\/v2\/media?parent=39806"}],"wp:term":[{"taxonomy":"category","embeddable":true,"href":"https:\/\/redsemlac.com\/semmexico\/wp-json\/wp\/v2\/categories?post=39806"},{"taxonomy":"post_tag","embeddable":true,"href":"https:\/\/redsemlac.com\/semmexico\/wp-json\/wp\/v2\/tags?post=39806"}],"curies":[{"name":"wp","href":"https:\/\/api.w.org\/{rel}","templated":true}]}}