{"id":39799,"date":"2021-09-07T13:30:00","date_gmt":"2021-09-07T19:30:00","guid":{"rendered":"https:\/\/redsemlac.com\/semmexico\/?p=39799"},"modified":"2023-07-21T17:06:32","modified_gmt":"2023-07-21T22:06:32","slug":"presentan-el-libro-biografico-leona-inquebrantable-simiente-de-la-patria","status":"publish","type":"post","link":"https:\/\/redsemlac.com\/semmexico\/presentan-el-libro-biografico-leona-inquebrantable-simiente-de-la-patria\/","title":{"rendered":"Presentan el libro biogr\u00e1fico: Leona, inquebrantable simiente de la patria"},"content":{"rendered":"\n<ul class=\"wp-block-list\"><li><strong> La obra recupera momentos cruciales de la vida de una mujer de altos ideales<\/strong><\/li><\/ul>\n\n\n\n<ul class=\"wp-block-list\"><li><strong>Se sum\u00f3 a la causa insurgente y puso su fortuna a disposici\u00f3n del movimiento independentista<\/strong><\/li><\/ul>\n\n\n\n<p class=\"wp-block-paragraph\"><strong>Redacci\u00f3n<\/strong><\/p>\n\n\n\n<p class=\"wp-block-paragraph\">SemM\u00e9xico. Ciudad de M\u00e9xico, 7 de septiembre de 2021.- El libro Leona, inquebrantable simiente de la patria, de Alejandro Lu\u00e9vano, fue presentado en la casona donde vivi\u00f3 y muri\u00f3 Leona Vicario \u2013ahora oficinas del Inbal\u2013, con el fin de reivindicar y honrar la memoria de una de las mujeres clave en las transformaciones pol\u00edticas y sociales que ha vivido nuestro pa\u00eds.<\/p>\n\n\n\n<p class=\"wp-block-paragraph\">Alejandro Lu\u00e9vano, autor del libro, destac\u00f3 que, a pesar de los importantes aportes de Leona Vicario, su vida no ha sido develada completamente, pero gracias a la investigaci\u00f3n de autoras y autores que la han estudiado y documentos hist\u00f3ricos, fue posible recuperar momentos cruciales de la vida de Leona, hija \u00fanica de una familia muy rica, pero de altos ideales y esp\u00edritu inquebrantable que se sum\u00f3 a la causa insurgente y puso su fortuna a disposici\u00f3n del movimiento independentista:<\/p>\n\n\n\n<p class=\"wp-block-paragraph\">\u201cLeona Vicario fue una mujer caracterizada por su esp\u00edritu humanitario, su juventud de gran fuerza y motivaci\u00f3n que la llev\u00f3 a ser pieza clave del movimiento insurgente. El objetivo de este libro bibliogr\u00e1fico es contextualizar a la persona, comprender las motivaciones para reconocer el alcance de sus acciones y tambi\u00e9n para hacer un homenaje a otros cientos de mujeres que se sumaron a la causa para fundar una patria diferente.\u201d<\/p>\n\n\n\n<p class=\"wp-block-paragraph\">Como \u201cBenem\u00e9rita Madre de la Matria\u201d se refiri\u00f3 a Leona Vicario la presidenta del Instituto Nacional de las Mujeres, Nadine Gasman Zylbermann, y la reconoci\u00f3 como una de las mujeres m\u00e1s destacadas en la historia de M\u00e9xico que defendi\u00f3 el derecho de las mujeres a participar en la vida pol\u00edtica del pa\u00eds, \u201ccomo actualmente muchas mujeres lo continuar\u00e1n haciendo gracias a los avances que est\u00e1n permitiendo las reformas constitucionales de 2014 y 2019 en materia de paridad\u201d.<\/p>\n\n\n\n<p class=\"wp-block-paragraph\">Al igual que lo hiciera Leona Vicario durante la primera transformaci\u00f3n de M\u00e9xico, las mujeres no han parado en luchar por sus derechos y conquistar espacios, como ocurri\u00f3 tras el \u00faltimo proceso electoral, donde por primera vez la C\u00e1mara Baja tendr\u00e1 paridad con 250 diputadas y 13 mujeres ind\u00edgenas ser\u00e1n diputadas federales gracias a las acciones afirmativas; adem\u00e1s, seis gobernadoras resultaron electas de manera simult\u00e1nea; en 15 entidades, los congresos estatales rebasaron la paridad y tambi\u00e9n aumentaron las presidentas municipales electas; igualmente, las alcald\u00edas de la Ciudad de M\u00e9xico ser\u00e1n gobernadas de forma paritaria, refiri\u00f3 Gasman.<\/p>\n\n\n\n<p class=\"wp-block-paragraph\">La coordinadora nacional de Literatura del Instituto Nacional de Bellas Artes y Literatura, Leticia Luna Aguilar, destac\u00f3 dos momentos de suma trascendencia para el movimiento insurgente: las tertulias literarias, organizadas muchas veces de forma clandestina, y la imprenta m\u00f3vil que Leona Vicario, junto con otras mujeres, guardaba entres sus ropajes para trasladar a los campamentos insurgentes.<\/p>\n\n\n\n<p class=\"wp-block-paragraph\">Por su parte, el coordinador general de Comunicaci\u00f3n Social y vocero de Presidencia, Jes\u00fas Ram\u00edrez Cuevas, coment\u00f3 que Leona Vicario es la \u00fanica mujer que a su muerte recibi\u00f3 honores de Estado, sus restos fueron trasladados a la Columna de la Independencia y su nombre qued\u00f3 inscrito en letras de oro en la C\u00e1mara de Diputados:<\/p>\n\n\n\n<p class=\"wp-block-paragraph\">\u201cEs una mujer que nos recuerda que la historia de M\u00e9xico ha sido un esfuerzo y sacrificio de hombres y mujeres que han cre\u00eddo en la trasformaci\u00f3n del pa\u00eds y levantado la dignidad \u2013 que para ser dignos hay que ser libres y que para ser libres hay que luchar por ello\u2013, y no queda duda de que no es un regalo de nadie.\u201d<\/p>\n\n\n\n<p class=\"wp-block-paragraph\">El director general del Instituto Nacional de Estudios Hist\u00f3ricos de las Revoluciones de M\u00e9xico, Felipe \u00c1vila Espinosa resalt\u00f3 la importancia de trabajar con un gobierno al que le interesa la historia, que conoce la historia y busca que la sociedad mexicana conozca, se informe, reflexione:<\/p>\n\n\n\n<p class=\"wp-block-paragraph\">\u201cLa historia est\u00e1 viva, presente, permanentemente en di\u00e1logo interactuando con nuestro presente con una sociedad pluri\u00e9tnica, plurirreligiosa y plurisexual; se trata de una conquista a trav\u00e9s de la lucha y el esfuerzo de la vida de miles de mujeres y hombres que han dado su mejor esfuerzo para construir esta sociedad que hoy tenemos.\u201d<\/p>\n\n\n\n<p class=\"wp-block-paragraph\">Hoy en d\u00eda no hay mujeres que no seamos unas verdaderas insurgentas, coment\u00f3 la curadora de la obra e historiadora del INEHRM, Noem\u00ed Ju\u00e1rez P\u00e9rez, subrayando la importancia de reivindicar la lucha de las mujeres a lo largo de la historia, recordando que, a prop\u00f3sito de la conmemoraci\u00f3n de los 200 a\u00f1os de la consumaci\u00f3n de la Independencia, deben resaltarse las voces de tantas mujeres, pero tambi\u00e9n de las mujeres contempor\u00e1neas que han luchado y siguen luchando por mejor futuro.<\/p>\n\n\n\n<p class=\"wp-block-paragraph\">Leona, inquebrantable simiente de la patria est\u00e1 disponible en versi\u00f3n digital en: https:\/\/bit.ly\/3l2WmEW, les invitamos a conocer la vida y obra de la Benem\u00e9rita Madre de la Patria.<\/p>\n\n\n\n<p class=\"wp-block-paragraph\">SEM\/sj<\/p>\n","protected":false},"excerpt":{"rendered":"<p>Se sum\u00f3 a la causa insurgente y puso su fortuna a disposici\u00f3n del movimiento independentista<\/p>\n","protected":false},"author":3,"featured_media":39800,"comment_status":"open","ping_status":"open","sticky":false,"template":"","format":"standard","meta":{"_monsterinsights_skip_tracking":false,"footnotes":""},"categories":[692,51],"tags":[],"class_list":["post-39799","post","type-post","status-publish","format-standard","has-post-thumbnail","category-692","category-ejecutivo"],"_links":{"self":[{"href":"https:\/\/redsemlac.com\/semmexico\/wp-json\/wp\/v2\/posts\/39799","targetHints":{"allow":["GET"]}}],"collection":[{"href":"https:\/\/redsemlac.com\/semmexico\/wp-json\/wp\/v2\/posts"}],"about":[{"href":"https:\/\/redsemlac.com\/semmexico\/wp-json\/wp\/v2\/types\/post"}],"author":[{"embeddable":true,"href":"https:\/\/redsemlac.com\/semmexico\/wp-json\/wp\/v2\/users\/3"}],"replies":[{"embeddable":true,"href":"https:\/\/redsemlac.com\/semmexico\/wp-json\/wp\/v2\/comments?post=39799"}],"version-history":[{"count":0,"href":"https:\/\/redsemlac.com\/semmexico\/wp-json\/wp\/v2\/posts\/39799\/revisions"}],"wp:featuredmedia":[{"embeddable":true,"href":"https:\/\/redsemlac.com\/semmexico\/wp-json\/wp\/v2\/media\/39800"}],"wp:attachment":[{"href":"https:\/\/redsemlac.com\/semmexico\/wp-json\/wp\/v2\/media?parent=39799"}],"wp:term":[{"taxonomy":"category","embeddable":true,"href":"https:\/\/redsemlac.com\/semmexico\/wp-json\/wp\/v2\/categories?post=39799"},{"taxonomy":"post_tag","embeddable":true,"href":"https:\/\/redsemlac.com\/semmexico\/wp-json\/wp\/v2\/tags?post=39799"}],"curies":[{"name":"wp","href":"https:\/\/api.w.org\/{rel}","templated":true}]}}