{"id":39797,"date":"2021-09-07T12:54:19","date_gmt":"2021-09-07T18:54:19","guid":{"rendered":"https:\/\/redsemlac.com\/semmexico\/?p=39797"},"modified":"2023-07-21T17:06:32","modified_gmt":"2023-07-21T22:06:32","slug":"macromachismos-irme-a-afganistan","status":"publish","type":"post","link":"https:\/\/redsemlac.com\/semmexico\/macromachismos-irme-a-afganistan\/","title":{"rendered":"Macromachismos| Irme a Afganist\u00e1n"},"content":{"rendered":"\n<p class=\"wp-block-paragraph\"><strong>Lorena Piedad<\/strong><\/p>\n\n\n\n<p class=\"wp-block-paragraph\">SemM\u00e9xico, 7 de septiembre, 2021.- \u00bfD\u00f3nde est\u00e1n las feministas? Fue la primera pregunta que surgi\u00f3 en redes sociales para \u201copinar\u201d sobre la situaci\u00f3n de las mujeres en Afganist\u00e1n el pasado agosto, con tal cuestionamiento fue respaldada la teor\u00eda de los detractores que, aseguran, las marchas son p\u00e9rdida de tiempo, romper vidrios ni rayar paredes son formas, quieren legalizar el aborto para ser irresponsables con su vida sexual, necesitan una cogida o son mujeres que nadie les hace caso.&nbsp;&nbsp;<\/p>\n\n\n\n<p class=\"wp-block-paragraph\">Si existen marchas para exigir justicia por un feminicidio, las feministas creen que ya con eso se va a resolver, pero, \u00bfen d\u00f3nde estaban cuando el Talib\u00e1n asumi\u00f3 nuevamente el poder? \u00bfPor qu\u00e9 no se teletransportaron a Afganist\u00e1n para rayar los monumentos encueradas?<\/p>\n\n\n\n<p class=\"wp-block-paragraph\">Aunque usted no lo crea o s\u00ed lo crea, son los argumentos de unos cuantos para \u201ccuestionar\u201d la funci\u00f3n de las feministas en la sociedad y para que lea que no lo invento aqu\u00ed unos ejemplos de dos \u00bfperiodistas?:<\/p>\n\n\n\n<p class=\"wp-block-paragraph\">El locutor ecuatoriano Andr\u00e9s Pellacini en el programa <em>Mucho que contar<\/em> invit\u00f3 a todas las feministas a trabajar en Afganist\u00e1n, \u201c\u00bfPor qu\u00e9 no van a trabajar all\u00e1?\u201d, a lo que uno de sus compa\u00f1eros respondi\u00f3 que una mujer que reclame por sus derechos en ese pa\u00eds podr\u00eda morir y al tal Pellacini se le ocurri\u00f3 expresar \u201c\u00bfPor qu\u00e9 crees que les estoy mandando para all\u00e1?\u201d.<\/p>\n\n\n\n<p class=\"wp-block-paragraph\">\u00bfNo le fue suficiente? Espere, tengo otra.<\/p>\n\n\n\n<p class=\"wp-block-paragraph\">Javier Arnal, del medio ECD Confidencial Digital, escribe en su columna: \u201c\u00bfQu\u00e9 han dicho o hecho en estos d\u00edas los movimientos feministas ante esta tragedia, que especialmente golpea a millones de mujeres afganas? \u00bfQu\u00e9 van a hacer? Hasta ahora, se percibe un silencio atronador del feminismo mundial. Y voy m\u00e1s all\u00e1: \u00bfy su silencio sistem\u00e1tico ante la situaci\u00f3n de las mujeres en diversos pa\u00edses isl\u00e1micos? Alguien, alg\u00fan d\u00eda, tendr\u00e1 que explicar este silencio y esta pasividad (sic)\u201d.<\/p>\n\n\n\n<p class=\"wp-block-paragraph\">Me pregunto, \u00bfsabr\u00e1n estas personas que me niego a llamar periodistas el impacto que puede tener su discurso? \u00bfSon conscientes de a cu\u00e1ntas personas pueden influenciar? Aunque quiz\u00e1 esto no es necesario porque lamentablemente las redes sociales hoy son aprobadas por la poblaci\u00f3n sin cuestionar fuentes, estad\u00edsticas o investigaciones sobre tal o cual tema, pero uno de los preferidos es el feminismo, por supuesto.<\/p>\n\n\n\n<p class=\"wp-block-paragraph\">Para muestra, no faltar\u00e1 en sus hogares el familiar inc\u00f3modo que la ha intentado exponer a la burla para que se detracte del feminismo. \u00bfNo le ha sucedido? A m\u00ed s\u00ed. Todo el tiempo\u2026<\/p>\n\n\n\n<p class=\"wp-block-paragraph\">Hace algunos d\u00edas al llegar a una comida familiar, a un personaje masculino de mi \u00e1rbol geneal\u00f3gico le result\u00f3 interesante decirme: \u201cYa me dijeron que t\u00fa eres seguidora de las feministas, v\u00e1yanse a Afganist\u00e1n, a ver si es cierto que muy valientes\u201d.<\/p>\n\n\n\n<p class=\"wp-block-paragraph\">Confieso que la ira estuvo a punto de ganarme la batalla e inmediatamente comenc\u00e9 a responderle en mi mente sobre lo que le\u00ed en CIMAC Noticias \u201cen M\u00e9xico 65 por ciento de la violencia contra mujeres y ni\u00f1as se da dentro de los hogares, los agresores son los hombres de su familia\u201d. \u00bfTe gustar\u00eda charlar sobre las veces que le pegaste a tu esposa? Luego me acord\u00e9 de la columna de Estefan\u00eda Veloz en Milenio \u201cNadie puede negar la lamentable situaci\u00f3n en Afganist\u00e1n y, por esa misma raz\u00f3n, deber\u00edamos reflexionar sobre la situaci\u00f3n que viven las mujeres en M\u00e9xico, el cual, aunque es un pa\u00eds sin prohibiciones formales tan radicales como en Afganist\u00e1n, presenta graves problemas de deserci\u00f3n escolar de 2.3 millones de ni\u00f1as por falta de acceso a productos de higiene b\u00e1sicos, violencia sexual por la que 32 ni\u00f1as de entre 10 y 14 a\u00f1os quedan embarazadas por violaci\u00f3n cada d\u00eda. En M\u00e9xico pesar de poder salir solas y sin restricciones, hay 11 asesinatos diarios de mujeres\u201d.<\/p>\n\n\n\n<p class=\"wp-block-paragraph\">\u00bfPero por qu\u00e9 tengo que explicarle lo anterior a este individuo que me ha dicho tambi\u00e9n que ya ni en rifa salgo porque no me he casado? \u00bfLo har\u00e9 cambiar de opini\u00f3n? \u00bfLas feministas dejar\u00e1n de accionar por lo que \u00e9l me est\u00e1 diciendo? \u00bfTiene alg\u00fan caso desperdiciar mi tiempo en una discusi\u00f3n est\u00e9ril que tiene como base un viejo discurso machista?<\/p>\n\n\n\n<p class=\"wp-block-paragraph\">Serv\u00ed refresco para toda la familia, al llegar su turno le pregunt\u00e9: \u00bfEst\u00e1 bien en vaso de pl\u00e1stico o eso tambi\u00e9n afectar\u00eda su fr\u00e1gil virilidad? Sonre\u00ed.<\/p>\n","protected":false},"excerpt":{"rendered":"<p>\u00bfD\u00f3nde est\u00e1n las feministas? Fue la primera pregunta que surgi\u00f3 en redes sociales para \u201copinar\u201d sobre la situaci\u00f3n de las mujeres en Afganist\u00e1n.<\/p>\n","protected":false},"author":3,"featured_media":39618,"comment_status":"open","ping_status":"open","sticky":false,"template":"","format":"standard","meta":{"_monsterinsights_skip_tracking":false,"footnotes":""},"categories":[692,625,624,35],"tags":[459],"class_list":["post-39797","post","type-post","status-publish","format-standard","has-post-thumbnail","category-692","category-lorena-piedad","category-macromachismos","category-opinion","tag-opinion"],"_links":{"self":[{"href":"https:\/\/redsemlac.com\/semmexico\/wp-json\/wp\/v2\/posts\/39797","targetHints":{"allow":["GET"]}}],"collection":[{"href":"https:\/\/redsemlac.com\/semmexico\/wp-json\/wp\/v2\/posts"}],"about":[{"href":"https:\/\/redsemlac.com\/semmexico\/wp-json\/wp\/v2\/types\/post"}],"author":[{"embeddable":true,"href":"https:\/\/redsemlac.com\/semmexico\/wp-json\/wp\/v2\/users\/3"}],"replies":[{"embeddable":true,"href":"https:\/\/redsemlac.com\/semmexico\/wp-json\/wp\/v2\/comments?post=39797"}],"version-history":[{"count":0,"href":"https:\/\/redsemlac.com\/semmexico\/wp-json\/wp\/v2\/posts\/39797\/revisions"}],"wp:featuredmedia":[{"embeddable":true,"href":"https:\/\/redsemlac.com\/semmexico\/wp-json\/wp\/v2\/media\/39618"}],"wp:attachment":[{"href":"https:\/\/redsemlac.com\/semmexico\/wp-json\/wp\/v2\/media?parent=39797"}],"wp:term":[{"taxonomy":"category","embeddable":true,"href":"https:\/\/redsemlac.com\/semmexico\/wp-json\/wp\/v2\/categories?post=39797"},{"taxonomy":"post_tag","embeddable":true,"href":"https:\/\/redsemlac.com\/semmexico\/wp-json\/wp\/v2\/tags?post=39797"}],"curies":[{"name":"wp","href":"https:\/\/api.w.org\/{rel}","templated":true}]}}