{"id":39774,"date":"2021-09-06T15:00:00","date_gmt":"2021-09-06T21:00:00","guid":{"rendered":"https:\/\/redsemlac.com\/semmexico\/?p=39774"},"modified":"2023-07-21T17:06:33","modified_gmt":"2023-07-21T22:06:33","slug":"castigaran-a-quien-incumpla-ordenes-de-proteccion-a-mujeres-victimas-de-violencia","status":"publish","type":"post","link":"https:\/\/redsemlac.com\/semmexico\/castigaran-a-quien-incumpla-ordenes-de-proteccion-a-mujeres-victimas-de-violencia\/","title":{"rendered":"Castigar\u00e1n a quien incumpla \u00f3rdenes de protecci\u00f3n a mujeres v\u00edctimas de violencia"},"content":{"rendered":"\n<ul class=\"wp-block-list\"><li><strong>Se impondr\u00e1 una pena de dos a cinco a\u00f1os de prisi\u00f3n y multa<\/strong><\/li><li><strong>Busca Congreso salvaguardar a mujeres ni\u00f1as que vivan en situaciones de violencia machista<\/strong><\/li><\/ul>\n\n\n\n<p class=\"wp-block-paragraph\"><strong>Patricia Brise\u00f1o<\/strong><\/p>\n\n\n\n<p class=\"wp-block-paragraph\">SemM\u00e9xico, Oaxaca, 6 de septiembre, 2021.- El Congreso de Oaxaca decret\u00f3 castigar con c\u00e1rcel, a la persona que incumpla o desacate medidas u \u00f3rdenes de protecci\u00f3n otorgadas a mujeres v\u00edctimas de violencia.&nbsp;<\/p>\n\n\n\n<p class=\"wp-block-paragraph\">A partir de la adici\u00f3n al Art\u00edculo 178 del C\u00f3digo Penal del estado, la legislatura estableci\u00f3 que, adem\u00e1s, de lo previsto en la ley, se impondr\u00e1 una pena de dos a cinco a\u00f1os de prisi\u00f3n al que desobedezca, no acate, incumpla o infrinja una orden o medida de protecci\u00f3n decretada por alguna autoridad.<\/p>\n\n\n\n<p class=\"wp-block-paragraph\">Adem\u00e1s de la pena privativa de la libertad, se interpondr\u00e1 una multa desde los cuatro mil 481 pesos, hasta los ocho mil 962 pesos.<\/p>\n\n\n\n<p class=\"wp-block-paragraph\">La disposici\u00f3n legal establece que las \u00f3rdenes de protecci\u00f3n van desde la desocupaci\u00f3n del domicilio conyugal por el agresor, el impedimento de acercarse a la residencia, la prohibici\u00f3n de intimidar a la v\u00edctima, la retenci\u00f3n de armas al agresor, hasta el embargo preventivo de sus bienes y la suspensi\u00f3n temporal de visitas y convivencias.&nbsp;<\/p>\n\n\n\n<p class=\"wp-block-paragraph\">Con esta nueva redacci\u00f3n, el Poder Legislativo busca salvaguardar la integridad y seguridad de las mujeres y ni\u00f1as que vivan en situaciones de violencia en la entidad, y que hayan solicitado \u00f3rdenes u otros mecanismos de ayuda.&nbsp;<\/p>\n\n\n\n<p class=\"wp-block-paragraph\">&nbsp;Elisa Zepeda Lagunas, diputada del partido Morena, present\u00f3 la iniciativa dictaminada por las Comisiones Permanentes Unidas de Administraci\u00f3n y Procuraci\u00f3n de Justicia y de Igualdad de G\u00e9nero y avalada por el pleno del Congreso.<\/p>\n\n\n\n<p class=\"wp-block-paragraph\">SEM\/pb\/sj<\/p>\n","protected":false},"excerpt":{"rendered":"<p>Se impondr\u00e1 una pena de dos a cinco a\u00f1os de prisi\u00f3n y multa<\/p>\n","protected":false},"author":3,"featured_media":39775,"comment_status":"open","ping_status":"open","sticky":false,"template":"","format":"standard","meta":{"_monsterinsights_skip_tracking":false,"footnotes":""},"categories":[692,50],"tags":[],"class_list":["post-39774","post","type-post","status-publish","format-standard","has-post-thumbnail","category-692","category-congreso"],"_links":{"self":[{"href":"https:\/\/redsemlac.com\/semmexico\/wp-json\/wp\/v2\/posts\/39774","targetHints":{"allow":["GET"]}}],"collection":[{"href":"https:\/\/redsemlac.com\/semmexico\/wp-json\/wp\/v2\/posts"}],"about":[{"href":"https:\/\/redsemlac.com\/semmexico\/wp-json\/wp\/v2\/types\/post"}],"author":[{"embeddable":true,"href":"https:\/\/redsemlac.com\/semmexico\/wp-json\/wp\/v2\/users\/3"}],"replies":[{"embeddable":true,"href":"https:\/\/redsemlac.com\/semmexico\/wp-json\/wp\/v2\/comments?post=39774"}],"version-history":[{"count":0,"href":"https:\/\/redsemlac.com\/semmexico\/wp-json\/wp\/v2\/posts\/39774\/revisions"}],"wp:featuredmedia":[{"embeddable":true,"href":"https:\/\/redsemlac.com\/semmexico\/wp-json\/wp\/v2\/media\/39775"}],"wp:attachment":[{"href":"https:\/\/redsemlac.com\/semmexico\/wp-json\/wp\/v2\/media?parent=39774"}],"wp:term":[{"taxonomy":"category","embeddable":true,"href":"https:\/\/redsemlac.com\/semmexico\/wp-json\/wp\/v2\/categories?post=39774"},{"taxonomy":"post_tag","embeddable":true,"href":"https:\/\/redsemlac.com\/semmexico\/wp-json\/wp\/v2\/tags?post=39774"}],"curies":[{"name":"wp","href":"https:\/\/api.w.org\/{rel}","templated":true}]}}