{"id":39763,"date":"2021-09-06T15:45:00","date_gmt":"2021-09-06T21:45:00","guid":{"rendered":"https:\/\/redsemlac.com\/semmexico\/?p=39763"},"modified":"2023-07-21T17:06:33","modified_gmt":"2023-07-21T22:06:33","slug":"cuba-autoridades-alertan-por-incremento-de-covid-19-en-embarazadas","status":"publish","type":"post","link":"https:\/\/redsemlac.com\/semmexico\/cuba-autoridades-alertan-por-incremento-de-covid-19-en-embarazadas\/","title":{"rendered":"Cuba: Autoridades alertan por incremento de covid-19 en embarazadas"},"content":{"rendered":"\n<p class=\"wp-block-paragraph\"><strong>Por Sara M\u00e1s<\/strong><\/p>\n\n\n\n<p class=\"wp-block-paragraph\">SemM\u00e9xico\/ SEMlac. La Habana, 06 de eptiembre2021.- Autoridades de salud en Cuba advierten sobre el aumento del n\u00famero de personas positivas al virus del el SARS-CoV-2 en el grupo vulnerable de las mujeres embarazadas y pu\u00e9rperas, en medio de del incremento sostenido de contagios en la naci\u00f3n caribe\u00f1a.<\/p>\n\n\n\n<p class=\"wp-block-paragraph\">El ministro de Salud P\u00fablica, Jos\u00e9 \u00c1ngel Portal Miranda, calific\u00f3 esa situaci\u00f3n como \u00abuna tendencia muy preocupante\u00bb y le dedic\u00f3 un post en su perfil de Facebook, el pasado lunes 30 de agosto.<\/p>\n\n\n\n<p class=\"wp-block-paragraph\">El funcionario hizo un llamado a extremar todas las medidas de precauci\u00f3n en los hogares donde existan gestantes en estos momentos, cuando circulan en el pa\u00eds variantes m\u00e1s infecciosas del coronavirus, como la Delta, que llevan a estadios graves de la enfermedad.<\/p>\n\n\n\n<p class=\"wp-block-paragraph\">Datos oficiales indican que, en 2020, se produjeron 110 contagios en embarazadas y 75 por ciento de las mujeres en estado de gestaci\u00f3n que enfermaron lo hicieron de forma asintom\u00e1tica. Ese a\u00f1o no falleci\u00f3 ninguna embarazada por covid-19 y solamente una lleg\u00f3 a estado cr\u00edtico.<\/p>\n\n\n\n<p class=\"wp-block-paragraph\">La situaci\u00f3n ha variado en 2021, cuando m\u00e1s de 2 .000 mujeres de ese grupo de riesgo se han diagnosticado con el SARS-CoV-2 y han ocurrido varios fallecimientos.<\/p>\n\n\n\n<p class=\"wp-block-paragraph\">A mediados de agosto, Noem\u00ed Cauza Palma, jefa nacional del Programa de Atenci\u00f3n Materno Infantil (PAMI), advert\u00eda que para las gestantes constituyen factores de riesgo la edad materna por encima de los 30 a\u00f1os, una edad gestacional superior a las 26 semanas, la obesidad, la hipertensi\u00f3n arterial y la diabetes.<\/p>\n\n\n\n<p class=\"wp-block-paragraph\">De enero al 10 de agosto de este a\u00f1o, unas 4. 536 gestantes y pu\u00e9rperas han sido diagnosticadas con el virus y 320 han ingresado en las unidades de cuidados intensivos, lo que representa 7,1 por ciento de todas las que han enfermado, inform\u00f3 un reporte del diario Granma.<\/p>\n\n\n\n<p class=\"wp-block-paragraph\">Hasta el 10 de agosto hab\u00edan fallecido 35 gestantes y pu\u00e9rperas, precis\u00f3 la doctora en una reuni\u00f3n que analiz\u00f3 el problema, con participaci\u00f3n de cient\u00edficos, especialistas y el presidente cubano Miguel D\u00edaz-Canel.<\/p>\n\n\n\n<p class=\"wp-block-paragraph\">Entonces Cauza Palma dijo que 97 por ciento de las gestantes y pu\u00e9rperas fallecidas ten\u00edan m\u00e1s de 26 semanas de gestaci\u00f3n, su edad oscilaba entre 20 y 38 a\u00f1os, 34 por ciento padec\u00eda comorbilidades asociadas, como asma bronquial, epilepsia, sicklemia y Lupus Eritematoso; y 37 por ciento muri\u00f3 con troboembolismo pulmonar.<\/p>\n\n\n\n<p class=\"wp-block-paragraph\">El actual llamado de las autoridades se enfoca en extremar las medidas de precauci\u00f3n en los hogares donde existan gestantes, para lograr reducir so contagios. \u00abHacerlo no solo protege a nuestras embarazadas y pu\u00e9rperas, sino tambi\u00e9n al resto de los miembros de la familia\u00bb, se\u00f1al\u00f3 el ministro.<\/p>\n\n\n\n<p class=\"wp-block-paragraph\">El funcionario advirti\u00f3 que es vital acudir con inmediatez a los servicios m\u00e9dicos, por tratarse de \u00abuna enfermedad que puede tener una r\u00e1pida progresi\u00f3n hacia la gravedad\u00bb.<\/p>\n\n\n\n<p class=\"wp-block-paragraph\">Alert\u00f3, adem\u00e1s, que los cambios en las funciones corporales relacionados con el embarazo pueden explicar por qu\u00e9? el virus es m\u00e1s peligroso para las futuras madres, en alusi\u00f3n a transformaciones que incluyen una capacidad pulmonar reducida, as\u00ed como ajustes en el sistema inmunol\u00f3gico que combate las enfermedades, protege al feto y lo ayuda a crecer.<\/p>\n\n\n\n<p class=\"wp-block-paragraph\">A esos procesos se agrega la elevaci\u00f3n del riesgo de complicaciones y de sufrir gravedad en quienes padecen enfermedades como obesidad, hipertensi\u00f3n o diabetes.<\/p>\n\n\n\n<p class=\"wp-block-paragraph\">\u00abDurante el embarazo se produce una serie de alteraciones hormonales y funcionales del sistema inmunitario que vuelve a las gestantes m\u00e1s vulnerables a infecciones virales, con mayores complicaciones asociadas y mortalidad que el resto de la poblaci\u00f3n\u00bb, agreg\u00f3.<\/p>\n\n\n\n<p class=\"wp-block-paragraph\">Entre las medidas indicadas para proteger a este segmento vulnerable, est\u00e1 la vacunaci\u00f3n contra la covid-19 a embarazadas y mujeres que lactan, que inici\u00f3 en julio pasado; el ingreso en hogares maternos a las gestantes con factores de riego y 26 semanas de embarazo y no permitir el ingreso domiciliario de ning\u00fan paciente sospechoso o positivo de bajo riesgo si convive en el hogar alguna gestante o pu\u00e9rpera.<\/p>\n","protected":false},"excerpt":{"rendered":"<p>Autoridades de salud en Cuba advierten sobre el aumento del n\u00famero de personas positivas al virus del el SARS-CoV-2 en el grupo vulnerable de las mujeres embarazadas y pu\u00e9rperas, en medio de del incremento sostenido de contagios en la naci\u00f3n caribe\u00f1a.<\/p>\n","protected":false},"author":3,"featured_media":39764,"comment_status":"open","ping_status":"open","sticky":false,"template":"","format":"standard","meta":{"_monsterinsights_skip_tracking":false,"footnotes":""},"categories":[692,135],"tags":[],"class_list":["post-39763","post","type-post","status-publish","format-standard","has-post-thumbnail","category-692","category-emergencia-sanitaria-covid-19"],"_links":{"self":[{"href":"https:\/\/redsemlac.com\/semmexico\/wp-json\/wp\/v2\/posts\/39763","targetHints":{"allow":["GET"]}}],"collection":[{"href":"https:\/\/redsemlac.com\/semmexico\/wp-json\/wp\/v2\/posts"}],"about":[{"href":"https:\/\/redsemlac.com\/semmexico\/wp-json\/wp\/v2\/types\/post"}],"author":[{"embeddable":true,"href":"https:\/\/redsemlac.com\/semmexico\/wp-json\/wp\/v2\/users\/3"}],"replies":[{"embeddable":true,"href":"https:\/\/redsemlac.com\/semmexico\/wp-json\/wp\/v2\/comments?post=39763"}],"version-history":[{"count":0,"href":"https:\/\/redsemlac.com\/semmexico\/wp-json\/wp\/v2\/posts\/39763\/revisions"}],"wp:featuredmedia":[{"embeddable":true,"href":"https:\/\/redsemlac.com\/semmexico\/wp-json\/wp\/v2\/media\/39764"}],"wp:attachment":[{"href":"https:\/\/redsemlac.com\/semmexico\/wp-json\/wp\/v2\/media?parent=39763"}],"wp:term":[{"taxonomy":"category","embeddable":true,"href":"https:\/\/redsemlac.com\/semmexico\/wp-json\/wp\/v2\/categories?post=39763"},{"taxonomy":"post_tag","embeddable":true,"href":"https:\/\/redsemlac.com\/semmexico\/wp-json\/wp\/v2\/tags?post=39763"}],"curies":[{"name":"wp","href":"https:\/\/api.w.org\/{rel}","templated":true}]}}