{"id":39700,"date":"2021-09-03T12:10:46","date_gmt":"2021-09-03T18:10:46","guid":{"rendered":"https:\/\/redsemlac.com\/semmexico\/?p=39700"},"modified":"2023-07-21T17:05:57","modified_gmt":"2023-07-21T22:05:57","slug":"se-revela-plan-para-eliminar-al-instituto-nacional-de-las-mujeres-sipinna-conapred-conapo-y-conavim","status":"publish","type":"post","link":"https:\/\/redsemlac.com\/semmexico\/se-revela-plan-para-eliminar-al-instituto-nacional-de-las-mujeres-sipinna-conapred-conapo-y-conavim\/","title":{"rendered":"Se revela plan para eliminar al Instituto Nacional de las Mujeres, Sipinna, Conapred, Conapo y Conavim"},"content":{"rendered":"\n<ul class=\"wp-block-list\"><li><strong>Es el \u00faltimo golpe a la pol\u00edtica de igualdad y g\u00e9nero en nombre de la austeridad y reestructuraci\u00f3n a Gobernaci\u00f3n<\/strong><\/li><li><strong>Mujeres, abogadas, expertas y periodistas rechazan el intento y lamentan la divisi\u00f3n en el movimiento feminista<\/strong><\/li><\/ul>\n\n\n\n<p class=\"wp-block-paragraph\"><strong>Sara Lovera<\/strong><\/p>\n\n\n\n<p class=\"wp-block-paragraph\">SemM\u00e9xico, Cd. de M\u00e9xico, 3 de septiembre, 2021.-Si la reestructuraci\u00f3n en la Secretar\u00eda de Gobernaci\u00f3n va en el sentido en que lo public\u00f3 esta ma\u00f1ana la periodista Martha Anaya, para desaparecer al Instituto Nacional de las Mujeres Inmujeres y al Consejo Nacional de Poblaci\u00f3n, se dar\u00e1 el golpe final para desmantelar la pol\u00edtica p\u00fablica para la igualdad y los derechos humanos de las mujeres.<\/p>\n\n\n\n<p class=\"wp-block-paragraph\">Implicar\u00eda derogar al menos 5 leyes, nulificar\u00eda la pol\u00edtica de g\u00e9nero, la de poblaci\u00f3n y los t\u00edmidos avances para encarar la violencia contra las mujeres. Y, como ya dijo el presidente, hace algunos meses se eliminar\u00eda el Sistema de Protecci\u00f3n Integral de los Derechos de las Ni\u00f1as, Ni\u00f1os y Adolescentes (Sipinna) cuyas funciones son, dijo entonces, del Sistema Nacional para el Desarrollo Integral de la familia (DIF), cuando M\u00e9xico, seg\u00fan la OCDE tiene el primer lugar en embarazo en adolescentes.<\/p>\n\n\n\n<p class=\"wp-block-paragraph\">La ex diputada Martha Tagle, advirti\u00f3 en su Twitter el gobierno de la 4T planea asestar el golpe final para desmantelar la pol\u00edtica p\u00fablica para la igualdad, seg\u00fan relata Alhajero la columna de Martha Anaya, publicada en el diario el Heraldo esta ma\u00f1ana.<\/p>\n\n\n\n<p class=\"wp-block-paragraph\">A su vez la abogada feminista Patricia Olamendi, afirm\u00f3 que la intenci\u00f3n es reducir al m\u00e1ximo los temas de mujeres y lo grave es que en el gobierno no \u201ctenemos quien pueda defender otra posici\u00f3n\u201d. Y desafortunadamente el movimiento feminista, el de lobby y negociaci\u00f3n est\u00e1 dividido.<\/p>\n\n\n\n<p class=\"wp-block-paragraph\">El plan seg\u00fan la columnista, se est\u00e1 discutiendo y \u201cest\u00e1 muy avanzado\u201d y afectar\u00eda la defensa de los Derechos Humanos, la que no ha podido atender la Subsecretar\u00eda de Derechos Humanos, Poblaci\u00f3n y Migraci\u00f3n.<\/p>\n\n\n\n<p class=\"wp-block-paragraph\">Las y los dem\u00f3grafos consideraron que es una confusi\u00f3n, creer que CONAPO, es lo mismo que el trabajo estad\u00edstico de Inegi y pensar al proponer que el Consejo Nacional contra la Discriminaci\u00f3n pase al Instituto Nacional Indigenista, es considerar que la \u00fanica discriminaci\u00f3n en M\u00e9xico es contra los ind\u00edgenas.<\/p>\n\n\n\n<p class=\"wp-block-paragraph\">Expertas de Naciones Unidas, dijeron a SemM\u00e9xico, que el Inmujeres, es parte del Gabinete Ampliado y considerado a nivel ministerial. Ni cre\u00e1ndole una subsecretar\u00eda -cosa imposible- responder\u00eda a su objetivo, que no es otro que dirigir la pol\u00edtica de g\u00e9nero nacional, creado tras firmar acuerdos internacionales, que tambi\u00e9n se desconocer\u00edan.<\/p>\n\n\n\n<p class=\"wp-block-paragraph\">Lo m\u00e1s grave es que el CONAPO y otras de las instancias descentralizadas o desconcentradas que se podr\u00edan agregar a la Secretar\u00eda de Gobernaci\u00f3n, son instancias evaluadoras de las pol\u00edticas, sistemas de coordinaci\u00f3n ya sea con las secretar\u00edas de Estado o con los gobiernos de los estados de la Rep\u00fablica.<\/p>\n\n\n\n<p class=\"wp-block-paragraph\">La fusi\u00f3n de CONAPO a Inegi tambi\u00e9n lesiona la pol\u00edtica de derechos sexuales y reproductivos, desde ah\u00ed a trav\u00e9s de m\u00e1s de 40 a\u00f1os, M\u00e9xico pudo reducir el crecimiento poblacional, de 7 hijos por mujer, a dos, con una velocidad reconocida mundialmente y ah\u00ed se crean pol\u00edticas, no son oficinas burocr\u00e1ticas.<\/p>\n\n\n\n<p class=\"wp-block-paragraph\">Son todas instituciones, con leyes propias, como la decretada en 2007 para la creaci\u00f3n del Inmujeres o la Ley de Poblaci\u00f3n que dio lugar al Conapo y que se ha estado actualizando, porque tiene que ver con la movilidad.<\/p>\n\n\n\n<p class=\"wp-block-paragraph\">Hay entre las expertas consultadas la sensaci\u00f3n de que se est\u00e1 desconociendo la construcci\u00f3n de sistemas, coordinaciones e instituciones creadas con el esfuerzo de las feministas, las organizaciones sociales y ciudadanas, que tienen sentido, para no formar parte directa de las secretar\u00edas de estado.<\/p>\n\n\n\n<p class=\"wp-block-paragraph\">En algunos casos, al pasar a Gobernaci\u00f3n, como oficinas, subdirecciones e incluso \u201centes\u201d espec\u00edficos, se estar\u00eda reconcentrado la tarea, donde el Ejecutivo ser\u00eda juez y parte.<\/p>\n\n\n\n<p class=\"wp-block-paragraph\">Entre periodistas consultados, se juega con la suposici\u00f3n, de que tal vez, por eso renuncio Julio Sherer a la Consejer\u00eda Jur\u00eddica de la presidencia, ante un plan, argumentando dar mayor poder pol\u00edtico a Gobernaci\u00f3n y por razones de austeridad, que implican un fenomenal cambio legislativo, y leyes secundarias de los mandatos de la Constituci\u00f3n, los acuerdos firmados en convenciones internacionales, como los casos de la no discriminaci\u00f3n de las mujeres y la violencia contra las mujeres. Significar\u00eda desconocer acciones construidas durante d\u00e9cadas.<\/p>\n\n\n\n<p class=\"wp-block-paragraph\">Es como lo que quien esto escribe afirm\u00f3 en Palabra de Ant\u00edgona, la puntilla mis\u00f3gina del r\u00e9gimen de la 4T transformaci\u00f3n, contra la pol\u00edtica de igualdad de g\u00e9nero y los derechos humanos de las Mujeres. Mientras el feminismo institucional, decenas de grupo que han hecho lobby durante m\u00e1s de dos d\u00e9cadas, lamentablemente est\u00e1n ausentes y son incapaces de criticar al r\u00e9gimen de Andr\u00e9s Manuel L\u00f3pez Obrador.<\/p>\n\n\n\n<p class=\"wp-block-paragraph\">La periodista y consultora de g\u00e9nero, Guadalupe L\u00f3pez Garc\u00eda explic\u00f3 a SemM\u00e9xico que el Inmujeres es el responsable de impulsar la Pol\u00edtica Nacional para avanzar en la igualdad sustantiva entre las mujeres y los hombres, como lo marca la Ley General para la Igualdad entre Mujeres y Hombres, la cual establece la instalaci\u00f3n de un Sistema Nacional y la elaboraci\u00f3n de un Programa Nacional para la Igualdad entre Mujeres y Hombres (Prodigalidad).<\/p>\n\n\n\n<p class=\"wp-block-paragraph\">Agreg\u00f3 que, en esta administraci\u00f3n, se public\u00f3 en el Diario Oficial de la Federaci\u00f3n el 22 de diciembre de 2020, con m\u00e1s de un a\u00f1o de retraso. Sin presupuesto, se estableci\u00f3 que los recursos ser\u00edan aportados por las dependencias federales. El Sistema funciona, pero no tiene la relevancia que tuvo en otras administraciones.<\/p>\n\n\n\n<p class=\"wp-block-paragraph\">De igual forma, la Ley General de Acceso de las Mujeres a una Vida Libre de Violencia (LGAMVLV) indica que el Inmujeres tendr\u00e1 a su cargo la Secretar\u00eda Ejecutiva del Sistema Nacional para Prevenir, Atender, Sancionar y Erradicar la Violencia contra las Mujeres, presidido por la Secretar\u00eda de Gobernaci\u00f3n. Este sistema, que indican que est\u00e1 instalado, no tiene claras sus funciones y lo que opera las acciones en esta materia es el grupo interinstitucional de estrategias contra las violencias (GIEV), el cual ha tenido distintas denominaciones durante esta administraci\u00f3n.<\/p>\n\n\n\n<p class=\"wp-block-paragraph\">A la Salida de Olga S\u00e1nchez Cordero, el Programa Integral para Prevenir, Atender, Sancionar y Erradicar la Violencia contra las Mujeres (PIPASEVM) que marca la LGAMVLV no se hab\u00eda liberado de la Secretar\u00eda de Hacienda. Este, ya casi con m\u00e1s de a\u00f1os de retraso, desde que el 18 de septiembre de 2019, la excomisionada nacional para Prevenir y Erradicar la Violencia Contra las Mujeres, Candelaria Ochoa, lo hab\u00eda presentado, pero nunca se public\u00f3. En tanto, se efect\u00faan acciones distintas, pero sin una estructura definida ni presupuesto espec\u00edfico.<\/p>\n\n\n\n<p class=\"wp-block-paragraph\">Lo publicado, que se afirma se discute en Palacio Nacional, sostiene que el plan de reestructuraci\u00f3n de la Secretar\u00eda de Gobernaci\u00f3n<\/p>\n\n\n\n<p class=\"wp-block-paragraph\">\u2069 dejar\u00eda su autonom\u00eda para incorporarse a Gobernaci\u00f3n, plantea que Inmujeres perder\u00eda su autonom\u00eda para incorporarse a Gobernaci\u00f3n, autonom\u00eda financiera, tanto que siempre tiene un rubro en el Presupuesto de la Federaci\u00f3n.<\/p>\n\n\n\n<p class=\"wp-block-paragraph\">Martha Anaya afirma en su columna que esto es lo que se perfila, a la luz de la reestructuraci\u00f3n que por razones de austeridad se est\u00e1 proyectando la 4T y que contempla la fusi\u00f3n de diversos organismos descentralizados y desconcentrados.<\/p>\n\n\n\n<p class=\"wp-block-paragraph\">Afirma que, desde oficinas de Palacio Nacional, con Hacienda a la cabeza y la participaci\u00f3n de todas las instancias involucradas, se est\u00e1 trabajando en el nuevo dise\u00f1o. Una reconfiguraci\u00f3n que por ahora contempla:<\/p>\n\n\n\n<p class=\"wp-block-paragraph\">-La Comisi\u00f3n Nacional para Prevenir y Erradicar la Violencia (Conavim) clave para el combate a la violencia contra las mujeres, la absorber\u00e1 Inmujeres.<\/p>\n\n\n\n<p class=\"wp-block-paragraph\">-El Instituto Nacional de las Mujeres (Inmujeres) dejar\u00e1 su autonom\u00eda y se incorporar\u00e1 a Gobernaci\u00f3n.<\/p>\n\n\n\n<p class=\"wp-block-paragraph\">-El Consejo Nacional de Poblaci\u00f3n (Conapo) pasar\u00e1 a ser parte del Instituto Nacional de Geograf\u00eda y Estad\u00edstica (Inegi).<\/p>\n\n\n\n<p class=\"wp-block-paragraph\">-La Comisi\u00f3n Mexicana de Ayuda a Refugiados (Comar) encargada de la defensa de los refugiados, pasar\u00e1 a formar parte del Instituto Nacional de Migraci\u00f3n (INM), que los deporta.<\/p>\n\n\n\n<p class=\"wp-block-paragraph\">-El Consejo Nacional para Prevenir La Discriminaci\u00f3n (Conapred) podr\u00eda trasladarse \u2013se est\u00e1 valorando- al Instituto Nacional Indigenista (INI).<\/p>\n\n\n\n<p class=\"wp-block-paragraph\">-El Sistema de Protecci\u00f3n Integral de los Derechos de las Ni\u00f1as, Ni\u00f1os y Adolescentes (Sipinna) pasar\u00eda al Sistema Nacional para el Desarrollo Integral de la familia (DIF).<\/p>\n\n\n\n<p class=\"wp-block-paragraph\">Sostiene que el proyecto va muy avanzado. Ya est\u00e1n trabajando los acuerdos para hacer los cambios m\u00e1s inmediatos y elaborando las propuestas de reforma de leyes para los que se ocupe.<\/p>\n\n\n\n<p class=\"wp-block-paragraph\">Algunos de los involucrados han intentado que el presidente cambie estas propuestas, pero L\u00f3pez Obrador impulsa estos cambios como parte de las nuevas medidas de austeridad que correr\u00e1n en su segundo tramo de gobierno.<\/p>\n\n\n\n<p class=\"wp-block-paragraph\">Uno de los m\u00e1s afectados en su \u00e1rea con este redise\u00f1o \u2013se ha opuesto incluso- es el subsecretario de Derechos Humanos, Poblaci\u00f3n y Migraci\u00f3n de la Segob, Alejandro Encinas. Poco ha podido revertir.&nbsp;<\/p>\n","protected":false},"excerpt":{"rendered":"<p>Es el \u00faltimo golpe a la pol\u00edtica de igualdad y g\u00e9nero en nombre de la austeridad y reestructuraci\u00f3n a Gobernaci\u00f3n<\/p>\n","protected":false},"author":3,"featured_media":39701,"comment_status":"open","ping_status":"open","sticky":false,"template":"","format":"standard","meta":{"_monsterinsights_skip_tracking":false,"footnotes":""},"categories":[692,51],"tags":[],"class_list":["post-39700","post","type-post","status-publish","format-standard","has-post-thumbnail","category-692","category-ejecutivo"],"_links":{"self":[{"href":"https:\/\/redsemlac.com\/semmexico\/wp-json\/wp\/v2\/posts\/39700","targetHints":{"allow":["GET"]}}],"collection":[{"href":"https:\/\/redsemlac.com\/semmexico\/wp-json\/wp\/v2\/posts"}],"about":[{"href":"https:\/\/redsemlac.com\/semmexico\/wp-json\/wp\/v2\/types\/post"}],"author":[{"embeddable":true,"href":"https:\/\/redsemlac.com\/semmexico\/wp-json\/wp\/v2\/users\/3"}],"replies":[{"embeddable":true,"href":"https:\/\/redsemlac.com\/semmexico\/wp-json\/wp\/v2\/comments?post=39700"}],"version-history":[{"count":0,"href":"https:\/\/redsemlac.com\/semmexico\/wp-json\/wp\/v2\/posts\/39700\/revisions"}],"wp:featuredmedia":[{"embeddable":true,"href":"https:\/\/redsemlac.com\/semmexico\/wp-json\/wp\/v2\/media\/39701"}],"wp:attachment":[{"href":"https:\/\/redsemlac.com\/semmexico\/wp-json\/wp\/v2\/media?parent=39700"}],"wp:term":[{"taxonomy":"category","embeddable":true,"href":"https:\/\/redsemlac.com\/semmexico\/wp-json\/wp\/v2\/categories?post=39700"},{"taxonomy":"post_tag","embeddable":true,"href":"https:\/\/redsemlac.com\/semmexico\/wp-json\/wp\/v2\/tags?post=39700"}],"curies":[{"name":"wp","href":"https:\/\/api.w.org\/{rel}","templated":true}]}}