{"id":39694,"date":"2021-09-03T13:40:00","date_gmt":"2021-09-03T19:40:00","guid":{"rendered":"https:\/\/redsemlac.com\/semmexico\/?p=39694"},"modified":"2023-07-21T17:05:57","modified_gmt":"2023-07-21T22:05:57","slug":"declaraciones-de-congresista-chirinos-desata-terremoto-politico","status":"publish","type":"post","link":"https:\/\/redsemlac.com\/semmexico\/declaraciones-de-congresista-chirinos-desata-terremoto-politico\/","title":{"rendered":"Declaraciones de Congresista Chirinos: Desata terremoto pol\u00edtico"},"content":{"rendered":"\n<p class=\"wp-block-paragraph\"><strong>Diana Miloslavich Tupac<\/strong><\/p>\n\n\n\n<p class=\"wp-block-paragraph\">SemM\u00e9xico, Lima, Per\u00fa, 3 de septiembre, 2021.- Las declaraciones de la Congresista Patricia Chirinos dadas a un medio de comunicaci\u00f3n sobre agresi\u00f3n verbal del Premier Guido Bellido volvieron a poner en la agenda pol\u00edtica el acoso pol\u00edtico, esta nueva forma de violencia hacia las mujeres que ha venido marcando la vida de las mujeres pol\u00edticas en los \u00faltimos a\u00f1os.<\/p>\n\n\n\n<p class=\"wp-block-paragraph\">El terremoto desatado en las redes sociales, en los medios de comunicaci\u00f3n han llevado a un conjunto de organizaciones, congresistas, autoridades a manifestarse por esta manifestaci\u00f3n de violencia contra las mujeres.<\/p>\n\n\n\n<p class=\"wp-block-paragraph\">La Campa\u00f1a Somos la Mitad queremos Paridad sin Acoso, expres\u00f3 su solidaridad a la congresista y la demanda de una investigaci\u00f3n y se\u00f1alaron que denunciar un acto de acoso no es victimizarse como mujeres. Destacaron que el acoso pol\u00edtico es una problem\u00e1tica que viven muchas mujeres pol\u00edticas quienes no pueden ejercer sus derechos pol\u00edticos destacando que se buscara sanci\u00f3n y reparaci\u00f3n.<\/p>\n\n\n\n<p class=\"wp-block-paragraph\">El CMP Flora Trist\u00e1n rechaz\u00f3 los hechos de agresi\u00f3n y violencia verbal y Manuela Ramos expres\u00f3 que la violencia de g\u00e9nero no es broma.<\/p>\n\n\n\n<p class=\"wp-block-paragraph\">La experta en acoso pol\u00edtico Tammy Quintanilla resalt\u00f3 que la congresista ten\u00eda que haber denunciado ante la polic\u00eda o fiscal\u00eda por el maltrato recibido informado a trav\u00e9s de la prensa, se\u00f1alando que las palabras del premier constituyen violencia psicol\u00f3gica de \u00edndole sexual, incluso acoso sexual en el espacio p\u00fablico con agravante de abuso de autoridad por el ser el premier presidente del Consejo de Ministro.<\/p>\n\n\n\n<p class=\"wp-block-paragraph\">La ministra de la Mujer Anah\u00ed Duran rechaz\u00f3 toda expresi\u00f3n que relativice, normalice o banalice la violencia sexual, llamando a una investigaci\u00f3n con la celeridad debida.<\/p>\n\n\n\n<p class=\"wp-block-paragraph\">Destacamos el comunicado desde el Congreso:&nbsp;Por una Pol\u00edtica sin agresiones contra las mujeres, firmado por 17 congresistas de diversas bancadas de AP, Avanza Pa\u00eds, JP, APP, FP y SM\/PM. &nbsp;se\u00f1alaron que le corresponde a la Comisi\u00f3n de \u00c9tica del Congreso actuar frente a cualquier caso de agresi\u00f3n que involucre a los\/las congresistas y exhortaron a no pasar por alto los hechos narrados por la Congresista Chirinos. M\u00e1s adelante las congresistas de JP salieron con otro comunicado condenando tajantemente cualquier acto o expresi\u00f3n que atente contra la dignidad y los derechos de las mujeres y pidiendo investigaci\u00f3n y sanci\u00f3n.<\/p>\n\n\n\n<p class=\"wp-block-paragraph\">Ver\u00f3nica Mendoza, impulsora de la primera iniciativa de ley de acoso pol\u00edtico sali\u00f3 a declarar que \u201cDurante mucho tiempo las instituciones p\u00fablicas y pol\u00edticas fueron espacios vetados para las mujeres. Cuando logramos participar en ellos, nos toc\u00f3 enfrentar diversas formas de violencia, desde la violencia f\u00edsica y sexual hasta formas m\u00e1s sutiles (\u00abpiropos\u00bb y \u00abbromas\u00bb). Por ello, hemos venido exigiendo pol\u00edticas y medidas para prevenir y sancionar el acoso pol\u00edtico hacia las mujeres desde hace a\u00f1os\u201d<\/p>\n\n\n\n<p class=\"wp-block-paragraph\">Por otro lado, expresaron diversas opiniones pidiendo investigaci\u00f3n la ex presidenta del Congreso Mirta V\u00e1squez, la ex congresista Marisa Glave, entre otras. Tambi\u00e9n la ex Congresista Indira Huilca destac\u00f3 que una denuncia de violencia de g\u00e9nero (verbal o f\u00edsica) merece siempre investigaci\u00f3n y que no viene al caso sugerir que la denuncia tiene una motivaci\u00f3n pol\u00edtica, y que lo central es esclarecer los hechos y no justificarlos. Deplorable e inaceptable la normalizaci\u00f3n de la violencia contra las mujeres declar\u00f3 la Vice Presidenta Dina Boluarte.<\/p>\n\n\n\n<p class=\"wp-block-paragraph\">Finalmente, la PCM sali\u00f3 con un comunicado desmintiendo el hecho y se\u00f1alando que facilitaran el desarrollo de las investigaciones sujet\u00e1ndose al marco legal vigente.&nbsp; Ya el Premier, hab\u00eda desmentido el hecho. Por ello importante la investigaci\u00f3n y las declaraciones de los tres testigos de lo sucedido.<\/p>\n\n\n\n<p class=\"wp-block-paragraph\">No podemos ampararnos en se\u00f1alar que hay motivaciones pol\u00edticas en la denuncia, tiene que haber una investigaci\u00f3n y sanci\u00f3n, para ello llevamos una d\u00e9cada insistiendo que hay una nueva forma de violencia contra las mujeres, que restringen sus derechos pol\u00edticos. Tenemos una legislaci\u00f3n aprobada, ah\u00ed est\u00e1 la ley 31155.&nbsp; Tenemos que avanzar y garantizar los derechos pol\u00edticos de todas las mujeres. Sab\u00edamos de las resistencias del patriarcado a compartir el poder y por ello se identific\u00f3 esta nueva forma de violencia que denominamos acoso pol\u00edtico.<\/p>\n\n\n\n<p class=\"wp-block-paragraph\">Tambi\u00e9n insistimos en que tiene que haber procedimientos y una ruta para los casos de acoso pol\u00edtico, esta es una oportunidad que se nos presenta. Cientos de casos de mujeres han quedado en la impunidad en los \u00faltimos a\u00f1os, ah\u00ed est\u00e1n los reportes, encuestas, denuncias. Los derechos pol\u00edticos son universales y todo aquello que los restrinja, limite tiene que ser sancionado. Estaremos vigilantes a la investigaci\u00f3n y a la sanci\u00f3n pertinente en el caso de la congresista Chirinos. Y seguiremos trabajando para que otros casos presentados no queden en la impunidad.<\/p>\n\n\n\n<p class=\"wp-block-paragraph\">Lo sucedido, es sin duda una advertencia que el machismo no va m\u00e1s, hemos avanzado en la legislaci\u00f3n y en la garant\u00eda de los derechos de las mujeres. Que se asuma con responsabilidad la vida pol\u00edtica en nuestro pa\u00eds, las feministas lo han realizado con responsabilidad para fortalecer nuestra democracia, impulsando una legislaci\u00f3n que debemos cumplir. Nos anima la esperanza de cambios en la clase pol\u00edtica que tenemos.<\/p>\n\n\n\n<p class=\"wp-block-paragraph\">Cierro este articulo colocando un texto del Reporte de la Campa\u00f1a Somos la Mitad queremos Paridad preparado para una pr\u00f3xima reuni\u00f3n sobre acoso pol\u00edtico que servir\u00e1 para la propuesta de reglamento que presentar\u00e1 el JNE, en el marco de la ley de acoso pol\u00edtico este a\u00f1o.<\/p>\n\n\n\n<p class=\"wp-block-paragraph\"><strong>Principales manifestaciones de acoso pol\u00edtico en los procesos electorales<\/strong><\/p>\n\n\n\n<p class=\"wp-block-paragraph\">La encuesta realizada en las Elecciones Regionales Municipales 2014 del JNE, revel\u00f3 que las manifestaciones m\u00e1s recurrentes del acoso pol\u00edtico: 58% hostigamiento, 43% presi\u00f3n, 34% violencia, 29% amenazas de todo tipo y 15% persecuci\u00f3n. Respecto a los tipos de violencia, la encuesta tambi\u00e9n consigna que un 91% registra la violencia de tipo psicol\u00f3gica, 22% identifica la violencia de tipo f\u00edsica, mientras que el 4% es de tipo sexual. En la Encuesta de 2018<a><\/a><a href=\"https:\/\/www.patamarilla.com\/2021\/09\/declaraciones-de-congresista-chirinos-desata-terremoto-politico\/#_ftn1\"><strong>[1]<\/strong><\/a>, las principales manifestaciones de acoso pol\u00edtico reconocidas por las candidatas afectadas involucran actos de burlas, difamaciones y\/o calumnias, amenazas, restricci\u00f3n de asistencia o uso de palabras en eventos.<\/p>\n\n\n\n<p class=\"wp-block-paragraph\">Para las Elecciones Congresales Extraordinarias 2020, las principales manifestaciones de casos de acoso pol\u00edtico registradas en alguna instancia del JNE, identificaban el hostigamiento (8 de los 12 casos) relacionado a los roles y estereotipos de g\u00e9nero, as\u00ed como las burlas referidas a la vida personal de las candidatas, las amenazas (3 casos) y el chantaje o presi\u00f3n (1 caso). En ese mismo proceso electoral, la Campa\u00f1a SMQPAP report\u00f3 15 casos de acoso pol\u00edtico, de los cuales se presentaron principalmente como hostigamiento (11 de ellos), seguido de amenazas y persecuci\u00f3n.<\/p>\n\n\n\n<p class=\"wp-block-paragraph\">En el \u00faltimo proceso electoral, Elecciones Generales 2021<a><\/a><a href=\"https:\/\/www.patamarilla.com\/2021\/09\/declaraciones-de-congresista-chirinos-desata-terremoto-politico\/#_ftn2\"><strong>[2]<\/strong><\/a>, la Encuesta a candidatas del JNE consult\u00f3 sobre las principales manifestaciones de acoso pol\u00edtico siendo las burlas (35%), la difamaci\u00f3n desde diversos medios (30%) y a restricci\u00f3n (16%) y amenazas (14%) las que tienen mayor prevalencia.<\/p>\n","protected":false},"excerpt":{"rendered":"<p>Las declaraciones de la Congresista Patricia Chirinos dadas a un medio de comunicaci\u00f3n sobre agresi\u00f3n verbal del Premier Guido Bellido volvieron a poner en la agenda pol\u00edtica el acoso pol\u00edtico, esta nueva forma de violencia hacia las mujeres que ha venido marcando la vida de las mujeres pol\u00edticas en los \u00faltimos a\u00f1os.<\/p>\n","protected":false},"author":3,"featured_media":39695,"comment_status":"open","ping_status":"open","sticky":false,"template":"","format":"standard","meta":{"_monsterinsights_skip_tracking":false,"footnotes":""},"categories":[692,53],"tags":[],"class_list":["post-39694","post","type-post","status-publish","format-standard","has-post-thumbnail","category-692","category-internacional"],"_links":{"self":[{"href":"https:\/\/redsemlac.com\/semmexico\/wp-json\/wp\/v2\/posts\/39694","targetHints":{"allow":["GET"]}}],"collection":[{"href":"https:\/\/redsemlac.com\/semmexico\/wp-json\/wp\/v2\/posts"}],"about":[{"href":"https:\/\/redsemlac.com\/semmexico\/wp-json\/wp\/v2\/types\/post"}],"author":[{"embeddable":true,"href":"https:\/\/redsemlac.com\/semmexico\/wp-json\/wp\/v2\/users\/3"}],"replies":[{"embeddable":true,"href":"https:\/\/redsemlac.com\/semmexico\/wp-json\/wp\/v2\/comments?post=39694"}],"version-history":[{"count":0,"href":"https:\/\/redsemlac.com\/semmexico\/wp-json\/wp\/v2\/posts\/39694\/revisions"}],"wp:featuredmedia":[{"embeddable":true,"href":"https:\/\/redsemlac.com\/semmexico\/wp-json\/wp\/v2\/media\/39695"}],"wp:attachment":[{"href":"https:\/\/redsemlac.com\/semmexico\/wp-json\/wp\/v2\/media?parent=39694"}],"wp:term":[{"taxonomy":"category","embeddable":true,"href":"https:\/\/redsemlac.com\/semmexico\/wp-json\/wp\/v2\/categories?post=39694"},{"taxonomy":"post_tag","embeddable":true,"href":"https:\/\/redsemlac.com\/semmexico\/wp-json\/wp\/v2\/tags?post=39694"}],"curies":[{"name":"wp","href":"https:\/\/api.w.org\/{rel}","templated":true}]}}