{"id":39686,"date":"2021-09-03T11:40:00","date_gmt":"2021-09-03T17:40:00","guid":{"rendered":"https:\/\/redsemlac.com\/semmexico\/?p=39686"},"modified":"2023-07-21T17:05:57","modified_gmt":"2023-07-21T22:05:57","slug":"movimiento-naranja-promovera-reformas-con-perspectiva-de-genero-para-la-agenda-legislativa","status":"publish","type":"post","link":"https:\/\/redsemlac.com\/semmexico\/movimiento-naranja-promovera-reformas-con-perspectiva-de-genero-para-la-agenda-legislativa\/","title":{"rendered":"Movimiento Naranja promover\u00e1 reformas con perspectiva de g\u00e9nero para la agenda legislativa"},"content":{"rendered":"\n<ul class=\"wp-block-list\"><li><strong>Acceso a la justicia, salud sexual y reproductiva, seguro de desempleo, todo para las mujeres<\/strong><\/li><\/ul>\n\n\n\n<ul class=\"wp-block-list\"><li><strong>Movimiento Ciudadano espera, adem\u00e1s, conseguir el salario m\u00ednimo vital<\/strong><\/li><\/ul>\n\n\n\n<p class=\"wp-block-paragraph\"><strong>Micaela M\u00e1rquez<\/strong><\/p>\n\n\n\n<p class=\"wp-block-paragraph\">SemM\u00e9xico, Cd. de M\u00e9xico, 3 de septiembre 2021.- Al dar inicio el primer periodo de sesiones ordinarias del primer a\u00f1o de la LXV Legislatura la agenda legislativa de la bancada de Movimiento Ciudadano incluye una reforma de acceso a la justicia con perspectiva de g\u00e9nero que deje de revictimizar a las mujeres y se institucionalice un modelo de procuraci\u00f3n de justicia con perspectiva de g\u00e9nero con fiscal\u00edas especializadas en violencia de g\u00e9nero en todo el pa\u00eds.<\/p>\n\n\n\n<p class=\"wp-block-paragraph\">Insistir\u00e1 en el acceso a la educaci\u00f3n y a la salud sexual y reproductiva de las mujeres, bajo una visi\u00f3n laica, que incluya el derecho a decidir sin ser criminalizadas.<\/p>\n\n\n\n<p class=\"wp-block-paragraph\">Dar\u00e1n continuidad a la iniciativa para reconocer el derecho a un Ingreso Vital para todas las personas que han perdido su empleo a causa de la emergencia sanitaria y econ\u00f3mica que vive M\u00e9xico.<\/p>\n\n\n\n<p class=\"wp-block-paragraph\">Buscar\u00e1n sacar adelante la iniciativa que reconoce el seguro de desempleo como un derecho y una figura permanente en la legislaci\u00f3n mexicana.<\/p>\n\n\n\n<p class=\"wp-block-paragraph\">As\u00ed como garantizar el derecho a la seguridad social de las y los trabajadores de plataformas digitales, y la creaci\u00f3n de un fondo de pensi\u00f3n rural para las y los trabajadores del campo.<\/p>\n\n\n\n<p class=\"wp-block-paragraph\">Destacan temas como la revocaci\u00f3n de mandato, la prohibici\u00f3n de terapias de conversi\u00f3n, la regulaci\u00f3n del cannabis, reformas para la mitigaci\u00f3n del cambio clim\u00e1tico, y la desmilitarizaci\u00f3n de la seguridad, entre otros.<\/p>\n\n\n\n<p class=\"wp-block-paragraph\">La Bancada Naranja acord\u00f3 los temas de la agenda legislativa durante la reuni\u00f3n plenaria realizada el 30 y 31 de agosto en la antigua sede del Senado de la Rep\u00fablica, en la Antigua Casona de Xicot\u00e9ncatl.<\/p>\n\n\n\n<p class=\"wp-block-paragraph\">En materia de paz y seguridad, Movimiento Ciudadano apuesta a la desmilitarizaci\u00f3n de la seguridad p\u00fablica para que las Fuerzas Armadas retomen sus funciones constitucionales, as\u00ed como fortalecer a las polic\u00edas locales.<\/p>\n\n\n\n<p class=\"wp-block-paragraph\">Transformar el sistema penitenciario para dar prioridad a la salud mental, y fortalecer los mecanismos de protecci\u00f3n a familiares de personas desaparecidas.<br><br><\/p>\n\n\n\n<p class=\"wp-block-paragraph\">Buscar\u00e1 que la regulaci\u00f3n del cannabis no s\u00f3lo contemple la despenalizaci\u00f3n de los actos relacionados con la planta y el derecho al libre desarrollo de la personalidad, sino esquemas efectivos de promoci\u00f3n de la salud y de acceso al mercado a productores nacionales.<br><br><\/p>\n\n\n\n<p class=\"wp-block-paragraph\">Movimiento Ciudadano apoyar\u00e1 de la misma forma, sacar adelante la legislaci\u00f3n que penalice y sancione las llamadas \u201cterapias de conversi\u00f3n\u201d para corregir la identidad sexual o identidad de g\u00e9nero.<\/p>\n\n\n\n<p class=\"wp-block-paragraph\">Asimismo, reiteraron el impulso que dar\u00e1n a su propuesta, recientemente presentada, de Ley Federal de Revocaci\u00f3n de Mandato que, acorde con el art\u00edculo 35 constitucional, sirva como una herramienta democr\u00e1tica al servicio de la ciudadan\u00eda y no como un mecanismo de manipulaci\u00f3n desde el poder p\u00fablico.<\/p>\n\n\n\n<p class=\"wp-block-paragraph\"><br>En materia de medio ambiente, se propone elevar a rango constitucional la responsabilidad del Estado mexicano de contar con una pol\u00edtica permanente de mitigaci\u00f3n del cambio clim\u00e1tico, as\u00ed como reconocer a la naturaleza como un ente con derechos, y fortalecer los incentivos fiscales que promuevan el uso de energ\u00edas limpias.<\/p>\n\n\n\n<p class=\"wp-block-paragraph\">La reuni\u00f3n plenaria se realiz\u00f3 de manera conjunta entre las y los diputados y las y los senadores de Movimiento Ciudadano quienes acordaron una agenda legislativa com\u00fan.<\/p>\n\n\n\n<p class=\"wp-block-paragraph\">En la misma sesi\u00f3n se present\u00f3 la nueva imagen de la Bancada Naranja.&nbsp;<\/p>\n\n\n\n<p class=\"wp-block-paragraph\">En ambos d\u00edas participaron en las sesiones de trabajo figuras como Marta Lamas, Viridiana R\u00edos, Roberto V\u00e9lez, Diego Valad\u00e9s, Juan Jos\u00e9 Rodr\u00edguez Prats y Jorge Fernando Negrete quienes presentaron diversas ponencias sobre pobreza y desigualdad, agenda digital, enfoque de g\u00e9nero en pol\u00edticas p\u00fablicas, y derechos humanos, entre otros.<\/p>\n","protected":false},"excerpt":{"rendered":"<p>Acceso a la justicia, salud sexual y reproductiva, seguro de desempleo, todo para las mujeres<\/p>\n","protected":false},"author":3,"featured_media":39687,"comment_status":"open","ping_status":"open","sticky":false,"template":"","format":"standard","meta":{"_monsterinsights_skip_tracking":false,"footnotes":""},"categories":[692,50],"tags":[149],"class_list":["post-39686","post","type-post","status-publish","format-standard","has-post-thumbnail","category-692","category-congreso","tag-mujeres"],"_links":{"self":[{"href":"https:\/\/redsemlac.com\/semmexico\/wp-json\/wp\/v2\/posts\/39686","targetHints":{"allow":["GET"]}}],"collection":[{"href":"https:\/\/redsemlac.com\/semmexico\/wp-json\/wp\/v2\/posts"}],"about":[{"href":"https:\/\/redsemlac.com\/semmexico\/wp-json\/wp\/v2\/types\/post"}],"author":[{"embeddable":true,"href":"https:\/\/redsemlac.com\/semmexico\/wp-json\/wp\/v2\/users\/3"}],"replies":[{"embeddable":true,"href":"https:\/\/redsemlac.com\/semmexico\/wp-json\/wp\/v2\/comments?post=39686"}],"version-history":[{"count":0,"href":"https:\/\/redsemlac.com\/semmexico\/wp-json\/wp\/v2\/posts\/39686\/revisions"}],"wp:featuredmedia":[{"embeddable":true,"href":"https:\/\/redsemlac.com\/semmexico\/wp-json\/wp\/v2\/media\/39687"}],"wp:attachment":[{"href":"https:\/\/redsemlac.com\/semmexico\/wp-json\/wp\/v2\/media?parent=39686"}],"wp:term":[{"taxonomy":"category","embeddable":true,"href":"https:\/\/redsemlac.com\/semmexico\/wp-json\/wp\/v2\/categories?post=39686"},{"taxonomy":"post_tag","embeddable":true,"href":"https:\/\/redsemlac.com\/semmexico\/wp-json\/wp\/v2\/tags?post=39686"}],"curies":[{"name":"wp","href":"https:\/\/api.w.org\/{rel}","templated":true}]}}