{"id":39676,"date":"2021-09-03T08:58:48","date_gmt":"2021-09-03T14:58:48","guid":{"rendered":"https:\/\/redsemlac.com\/semmexico\/?p=39676"},"modified":"2023-07-21T17:05:58","modified_gmt":"2023-07-21T22:05:58","slug":"reclusas-de-jalisco-fueron-trasladadas-a-centros-penitenciarios-de-hombres-para-eventos-sociales","status":"publish","type":"post","link":"https:\/\/redsemlac.com\/semmexico\/reclusas-de-jalisco-fueron-trasladadas-a-centros-penitenciarios-de-hombres-para-eventos-sociales\/","title":{"rendered":"Reclusas de Jalisco fueron trasladadas a centros penitenciarios de hombres para \u201ceventos sociales\u201d"},"content":{"rendered":"\n<ul class=\"wp-block-list\"><li><strong>En 2020 las mujeres fueron trasladadas en 23 ocasiones a otros centros penitenciarios donde hubo consumo de alcohol y fiestas con albercas<\/strong><\/li><\/ul>\n\n\n\n<p class=\"wp-block-paragraph\"><strong>Analy Nu\u00f1o<\/strong><\/p>\n\n\n\n<p class=\"wp-block-paragraph\">SemM\u00e9xico, 03 de septiembre de 2021, Guadalajara, Jalisco. &#8211; Al menos 90 mujeres reclusas del centro penitenciario femenil en Jalisco fueron trasladas en 23 ocasiones a centros de reclusi\u00f3n varonil para \u201ceventos sociales\u201d en los que hubo consumo de bebidas alcoh\u00f3licas y albercas.<\/p>\n\n\n\n<p class=\"wp-block-paragraph\">El caso m\u00e1s grave sucedi\u00f3 el d\u00eda 24 de marzo de 2020, cuando 64 mujeres privadas de la libertad fueron sacadas de la Comisar\u00eda de Reinserci\u00f3n Femenil para ser llevadas a un \u201cevento social\u201d a la Comisar\u00eda de Prisi\u00f3n Preventiva del Estado, regresando el mismo d\u00eda por la noche, once de ellas con aliento alcoh\u00f3lico, de las cuales dos son pacientes psiqui\u00e1tricas.<\/p>\n\n\n\n<p class=\"wp-block-paragraph\">Tras este evento, la Comisi\u00f3n de Derechos Humanos en Jalisco inici\u00f3 una investigaci\u00f3n derivada de la queja interpuesta por 6 custodias quienes tras denunciar diversas irregularidades cometidas reiteradamente fueron cambiadas a otros centros o no se les renov\u00f3 contrato en represalia. Est\u00e1 investigaci\u00f3n, permiti\u00f3 descubrir que durante 2020 en m\u00faltiples ocasiones se realiz\u00f3 el traslado masivo de mujeres privadas de la libertad a distintos reclusorios de hombres para actividades sociales.<\/p>\n\n\n\n<p class=\"wp-block-paragraph\">Los 23 traslados a centros como la Comisar\u00eda de Prisi\u00f3n Preventiva, Comisar\u00eda de Sentenciados del Estado y el Reclusorio Metropolitano del Estado, fueron autorizados por Mar\u00eda del Carmen Fern\u00e1ndez Guti\u00e9rrez, comisaria de la Comisaria de Reinserci\u00f3n Social as\u00ed como por el director General de Prevenci\u00f3n y Reinserci\u00f3n Social, Jos\u00e9 Antonio P\u00e9rez Ju\u00e1rez, qui\u00e9n argumento los traslados como \u201cactividades para despresurizar el problema que se daba por la pandemia al no tener movilidad interna dentro de los centros de reclusi\u00f3n, teniendo actividades deportivas, culturales, obras de teatro y convivios sociales con el \u00e1nimo de atender el estr\u00e9s\u201d.<\/p>\n\n\n\n<figure class=\"wp-block-gallery columns-1 is-cropped wp-block-gallery-1 is-layout-flex wp-block-gallery-is-layout-flex\"><ul class=\"blocks-gallery-grid\"><li class=\"blocks-gallery-item\"><figure><a href=\"https:\/\/redsemlac.com\/semmexico\/wp-content\/uploads\/2021\/09\/WhatsApp-Image-2021-09-03-at-9.15.43-AM.jpeg\"><img decoding=\"async\" src=\"https:\/\/redsemlac.com\/semmexico\/wp-content\/uploads\/2021\/09\/WhatsApp-Image-2021-09-03-at-9.15.43-AM-1024x848.jpeg\" alt=\"\" data-id=\"39677\" data-full-url=\"https:\/\/redsemlac.com\/semmexico\/wp-content\/uploads\/2021\/09\/WhatsApp-Image-2021-09-03-at-9.15.43-AM.jpeg\" data-link=\"https:\/\/redsemlac.com\/semmexico\/?attachment_id=39677\" class=\"wp-image-39677\"\/><\/a><\/figure><\/li><li class=\"blocks-gallery-item\"><figure><a href=\"https:\/\/redsemlac.com\/semmexico\/wp-content\/uploads\/2021\/09\/WhatsApp-Image-2021-09-03-at-9.16.08-AM.jpeg\"><img decoding=\"async\" src=\"https:\/\/redsemlac.com\/semmexico\/wp-content\/uploads\/2021\/09\/WhatsApp-Image-2021-09-03-at-9.16.08-AM-772x1024.jpeg\" alt=\"\" data-id=\"39678\" data-full-url=\"https:\/\/redsemlac.com\/semmexico\/wp-content\/uploads\/2021\/09\/WhatsApp-Image-2021-09-03-at-9.16.08-AM.jpeg\" data-link=\"https:\/\/redsemlac.com\/semmexico\/?attachment_id=39678\" class=\"wp-image-39678\"\/><\/a><\/figure><\/li><\/ul><\/figure>\n\n\n\n<p class=\"wp-block-paragraph\">Seg\u00fan los oficios, en seis ocasiones fueron trasladas las reclusas para eventos deportivos, mientras que en 17 ocasiones fue para ensayos de la obra Vaselina. El primer traslado de 13 mujeres privadas de la libertad al Reclusorio Metropolitano fue el 13 de febrero de 2020, mientras que el \u00faltimo registrado el 27 de agosto de 2020 cuando se trasladaron a 45 mujeres a la Comisar\u00eda de Sentenciados para un ensayo de la obra de teatro.<\/p>\n\n\n\n<p class=\"wp-block-paragraph\">Sin embargo, a trav\u00e9s de mensajes y fotograf\u00edas filtradas a medios de comunicaci\u00f3n y las propias investigaciones de la CEDHJ, se comprob\u00f3 que en los centros penitenciarios a los cuales se realizaron dichos traslados de personas privadas de la libertad se llevaron a cabo eventos sociales que incluyeron bebidas alcoh\u00f3licas y la instalaci\u00f3n de albercas.<\/p>\n\n\n\n<p class=\"wp-block-paragraph\">En algunos de estos eventos estuvieron presentes el director del centro Preventivo de Guadalajara, Jos\u00e9 Antonio P\u00e9rez Ju\u00e1rez; el Comisario de Seguridad Penitenciaria, Jos\u00e9 Guadalupe Covarrubias Ram\u00edrez; el comandante Jos\u00e9 Luis Villegas Alvarado y el comandante Oscar Ricardo Hern\u00e1ndez Zamora, quienes mientras daban audiencias fueron testigo de c\u00f3mo reos entregaban bebidas alcoh\u00f3licas a las reclusas y amenazaron a las custodias que les llamaron la atenci\u00f3n.<\/p>\n\n\n\n<p class=\"wp-block-paragraph\">En cu\u00e1nto a las cinco custodias que dieron a conocer est\u00e1s irregularidades, en represalia las autoridades penitenciarias determinaron cambiarlas de adscripci\u00f3n y a dos de ellas no renovarles el contrato.<\/p>\n\n\n\n<p class=\"wp-block-paragraph\">Adem\u00e1s de los traslados, la Organizaci\u00f3n Nacional de los Derechos Humanos y Laborales de los Polic\u00edas de M\u00e9xico se\u00f1al\u00f3 diversas anomal\u00edas que se presentan desde el inicio de la administraci\u00f3n actual dentro del Centro de Reinserci\u00f3n Femenil como permisos fuera del Reglamento y de la ley, el ingreso de visitas \u00edntimas sin protocolos correspondientes de prevenci\u00f3n de transmisi\u00f3n sexual y otras enfermedades, la autorizaci\u00f3n de que una persona privada de la libertad permaneciera dos d\u00edas en el Centro Preventivo de Guadalajara con su esposo de visita familiar e \u00edntima y la realizaci\u00f3n de actividades l\u00fadicas fuera de los horarios y espacios permitidos.<\/p>\n","protected":false},"excerpt":{"rendered":"<p>En 2020 las mujeres fueron trasladadas en 23 ocasiones a otros centros penitenciarios donde hubo consumo de alcohol y fiestas con albercas Analy Nu\u00f1o SemM\u00e9xico, 03 de septiembre de 2021, Guadalajara, Jalisco. &#8211; Al menos 90 mujeres reclusas del centro penitenciario femenil en Jalisco fueron trasladas en 23 ocasiones a centros de reclusi\u00f3n varonil para [&hellip;]<\/p>\n","protected":false},"author":3,"featured_media":39679,"comment_status":"open","ping_status":"open","sticky":false,"template":"","format":"standard","meta":{"_monsterinsights_skip_tracking":false,"footnotes":""},"categories":[692,54],"tags":[149],"class_list":["post-39676","post","type-post","status-publish","format-standard","has-post-thumbnail","category-692","category-mujeres","tag-mujeres"],"_links":{"self":[{"href":"https:\/\/redsemlac.com\/semmexico\/wp-json\/wp\/v2\/posts\/39676","targetHints":{"allow":["GET"]}}],"collection":[{"href":"https:\/\/redsemlac.com\/semmexico\/wp-json\/wp\/v2\/posts"}],"about":[{"href":"https:\/\/redsemlac.com\/semmexico\/wp-json\/wp\/v2\/types\/post"}],"author":[{"embeddable":true,"href":"https:\/\/redsemlac.com\/semmexico\/wp-json\/wp\/v2\/users\/3"}],"replies":[{"embeddable":true,"href":"https:\/\/redsemlac.com\/semmexico\/wp-json\/wp\/v2\/comments?post=39676"}],"version-history":[{"count":0,"href":"https:\/\/redsemlac.com\/semmexico\/wp-json\/wp\/v2\/posts\/39676\/revisions"}],"wp:featuredmedia":[{"embeddable":true,"href":"https:\/\/redsemlac.com\/semmexico\/wp-json\/wp\/v2\/media\/39679"}],"wp:attachment":[{"href":"https:\/\/redsemlac.com\/semmexico\/wp-json\/wp\/v2\/media?parent=39676"}],"wp:term":[{"taxonomy":"category","embeddable":true,"href":"https:\/\/redsemlac.com\/semmexico\/wp-json\/wp\/v2\/categories?post=39676"},{"taxonomy":"post_tag","embeddable":true,"href":"https:\/\/redsemlac.com\/semmexico\/wp-json\/wp\/v2\/tags?post=39676"}],"curies":[{"name":"wp","href":"https:\/\/api.w.org\/{rel}","templated":true}]}}