{"id":39673,"date":"2021-09-02T14:15:33","date_gmt":"2021-09-02T20:15:33","guid":{"rendered":"https:\/\/redsemlac.com\/semmexico\/?p=39673"},"modified":"2023-07-21T17:05:58","modified_gmt":"2023-07-21T22:05:58","slug":"mujer-y-politica-i-desde-la-otra-mirada","status":"publish","type":"post","link":"https:\/\/redsemlac.com\/semmexico\/mujer-y-politica-i-desde-la-otra-mirada\/","title":{"rendered":"Mujer y pol\u00edtica I Desde la otra mirada"},"content":{"rendered":"\n<p class=\"wp-block-paragraph\">Soledad Jarqu\u00edn Edgar<\/p>\n\n\n\n<p class=\"wp-block-paragraph\">SemM\u00e9xico, 2 de septiembre, 2021.- A Olga S\u00e1nchez Cordero hay que verla desde la otra mirada.\u00a0<\/p>\n\n\n\n<p class=\"wp-block-paragraph\">En los \u00faltimos d\u00edas se han escrito chorros de tinta sobre la ahora ex secretaria de Gobernaci\u00f3n y actual presidenta del Senado mexicano.<\/p>\n\n\n\n<p class=\"wp-block-paragraph\">Sobre la pol\u00edtica mexicana, de enorme trayectoria en lo jur\u00eddico, como acad\u00e9mica&nbsp;\u2013recordemos que fue directora de la Facultad de Derecho de la UNAM, hasta ministra de la Suprema Corte de Justicia de la Naci\u00f3n por dos d\u00e9cadas-, se han dicho centenares de barbaridades como sucede cuando vemos a las personas desde una mirada mis\u00f3gina y sexista.<\/p>\n\n\n\n<p class=\"wp-block-paragraph\"><a><\/a>Eso de describir, como lo hace Guadalupe Loaeza, que se dej\u00f3 el pelo encanecer o que usa mascadas de m\u00e1s de 17 mil pesos, no son m\u00e1s que superficialidades que abonan a la construcci\u00f3n de concepciones sobre c\u00f3mo un hombre y una mujer responden a una condici\u00f3n social impuesta, manipulada y estructurada por el patriarcado y que zanjan el camino a la igualdad y refuerzan ideas de una malentendida humildad propia de las mujeres. \u00bfqu\u00e9 no es un arte ser abuela?, como no todo es cosa de ni\u00f1as bien.<\/p>\n\n\n\n<p class=\"wp-block-paragraph\">Lo dicho por la escritora, siempre respetable, como por otras plumas en todo M\u00e9xico, nos deja ver que nos falta mucho por avanzar en este pa\u00eds y, sobre todo, por mirar a las mujeres de otra manera y no \u00fanicamente desde su condici\u00f3n de mujeres, para reducirlas, como se ha hecho con S\u00e1nchez Cordero, a esa categor\u00eda de \u201csubordinadas\u201d del poder, un poder hist\u00f3ricamente definido por un var\u00f3n en M\u00e9xico.<\/p>\n\n\n\n<p class=\"wp-block-paragraph\">No ser\u00e1 que en realidad tenemos serias dificultades para ver a las mujeres en el poder real. Esa do\u00f1a Olga que se sali\u00f3 del rol tradicional para poner la muestra, eso s\u00ed que causa m\u00e1s que admiraci\u00f3n, mucha indignaci\u00f3n, no solo a los hombres sino tambi\u00e9n en algunas mujeres.<\/p>\n\n\n\n<p class=\"wp-block-paragraph\">\u00bfPor qu\u00e9 cuestionar si tiene o no un desali\u00f1ado aspecto? \u00bfAcaso por ser mujer siempre tendr\u00e1 que verse impecable y femenina? Solo para responder a los c\u00e1nones establecidos, predeterminados o construidos para las mujeres, para satisfacci\u00f3n de los otras, m\u00e1s a que a nosotras mismas.<\/p>\n\n\n\n<p class=\"wp-block-paragraph\">Adem\u00e1s de desali\u00f1ada, mal vestida, pelo cano y usar mascadas car\u00edsimas, en otro texto sin autor, se le cuestiona por pertenecer a una logia mas\u00f3nica y se arremete en contra de sus amistades pol\u00edticas y, a\u00fan m\u00e1s, por su \u201cfeminismo radical\u201d que promovi\u00f3, siendo Ministra, la legalizaci\u00f3n de aborto, las drogas, la eutanasia y&nbsp;muchas \u201cbarbaridades\u201d para los persignados y se le cuestiona por no tener hijos.&nbsp;<\/p>\n\n\n\n<p class=\"wp-block-paragraph\">Si, usted sabe qu\u00e9 pas\u00f3 con la legalizaci\u00f3n del aborto, las drogas \u2013como dice el texto en cuesti\u00f3n- y la eutanasia, ser\u00eda bueno que vi\u00e9ramos que todo eso ha sido parcial, porque \u201clos anti-derechos\u201d lo han detenido en detrimento de la gran mayor\u00eda de la poblaci\u00f3n. Y bueno, si eso les molesta, pues las feministas recomiendan que, si cree que el aborto es malo, no aborte; si cree que la mariguana es mala, no la fume; que si las parejas gay y lesbianas las considera aberraciones, pues no las vea, y que si la eutanasia, piensa, es otro crimen, pues establ\u00e9zcalo en su deseos para el fin de sus d\u00edas, no sea que sus descendientes le den cuello antes de tiempo. Lo destacable sin duda fue sacar del closet los derechos humanos y que la Ministra en retiro los defendi\u00f3 porque los reconoce, simple y sencillo.&nbsp;<\/p>\n\n\n\n<p class=\"wp-block-paragraph\">Lo inaudito es cuestionar a las amistades de la Ministra S\u00e1nchez Cordero. Por cierto, ninguna de ellas, que sepamos, pertenece al crimen organizado. Ni las persiguen por delincuentes de cuello blanco.<\/p>\n\n\n\n<p class=\"wp-block-paragraph\">Parece que les da susto y se dan golpes de pecho cuando \u201cla se\u00f1alan\u201d por pertenecer a una logia mas\u00f3nica. Pero deber\u00eda revisar cu\u00e1ntos pol\u00edticos est\u00e1n en esas organizaciones y nadie los cuestiona. Pero, a Olga S\u00e1nchez Cordero, s\u00ed se le cuestiona, porque es mujer y solo por eso.<\/p>\n\n\n\n<p class=\"wp-block-paragraph\">A do\u00f1a Olga S\u00e1nchez Cordero se le inquiere \u2013adem\u00e1s- por su \u201cno quehacer pol\u00edtico\u201d, \u201cpor su falta de trabajo\u201d, y omisiones dentro de la Secretar\u00eda de Gobernaci\u00f3n. Por su abnegaci\u00f3n, como dice Jes\u00fas Silva-Herzog M\u00e1rquez, quien plantea que no es injusto al se\u00f1alar que realmente la ex Ministra no lleg\u00f3 a dirigir la SEGOB.&nbsp;<\/p>\n\n\n\n<p class=\"wp-block-paragraph\">Bueno, yo, simple mortal, le cuestionar\u00eda que hizo poco en estos tres a\u00f1os. Que nos qued\u00f3 a deber algunas promesas y que, en algunos casos, no hizo la tarea, que confi\u00f3 al delegar algunos asuntos en personas que no respondieron. Solo eso. Pero me preocupar\u00eda mucho se supiera que ha sido corrupta y que rob\u00f3 lo poco que quedaba en Bucareli. Eso s\u00ed me doler\u00eda m\u00e1s. O sea, no tengo pruebas como tampoco quien se\u00f1ala que no lleg\u00f3 a dirigir la SEGOB.<\/p>\n\n\n\n<p class=\"wp-block-paragraph\">Mirar a Olga S\u00e1nchez Cordero desde la otra orilla, nos permitir\u00e1 ver que fue la primera mexicana en conducir la gran secretar\u00eda de Estado, la que en sus buenos tiempos fue la antesala del siguiente presidente\u2026 lo que suma a sus m\u00e9ritos profesionales y como servidora p\u00fablica. \u00bfQu\u00e9 no logr\u00f3 resultados? \u00bfCu\u00e1l de todos los que ten\u00eda la canasta de papas hirviendo que recibi\u00f3? Ah, perd\u00f3n \u00bfy qui\u00e9n o qui\u00e9nes s\u00ed obtuvieron resultados? Me refiero a los m\u00e1s de 70 secretarios de Gobernaci\u00f3n, todos se\u00f1ores, que estuvieron antes que do\u00f1a Olga S\u00e1nchez Cordero.&nbsp;<\/p>\n\n\n\n<p class=\"wp-block-paragraph\">Me pregunto si Guadalupe Loaeza critic\u00f3 a alguno de los anteriores secretarios de Gobernaci\u00f3n porque salieron o m\u00e1s flacos o m\u00e1s gordos, bigotones, panzones, pelones o m\u00e1s miopes\u2026 Yo creo que no se fijar\u00eda en sus zapatos italianos; en sus camisas francesas o en sus pantalones ingleses, en sus relojes suizos solo para millonarios\u2026 \u00bfNo verdad?<\/p>\n\n\n\n<p class=\"wp-block-paragraph\">Por eso digo, no est\u00e1 dem\u00e1s algo violeta en sus miradas. Hay mucho m\u00e1s en las mujeres que las distorsiones sexistas y mis\u00f3ginas. Y lo m\u00e1s importante, tenemos que aprender a verlas por su capacidad e inteligencia.&nbsp;<\/p>\n\n\n\n<p class=\"wp-block-paragraph\">Tenemos que aprender a mirar a las mujeres en el poder, ni modos, son los vientos de la paridad.&nbsp;<\/p>\n","protected":false},"excerpt":{"rendered":"<p>Soledad Jarqu\u00edn Edgar SemM\u00e9xico, 2 de septiembre, 2021.- A Olga S\u00e1nchez Cordero hay que verla desde la otra mirada.\u00a0 En los \u00faltimos d\u00edas se han escrito chorros de tinta sobre la ahora ex secretaria de Gobernaci\u00f3n y actual presidenta del Senado mexicano. Sobre la pol\u00edtica mexicana, de enorme trayectoria en lo jur\u00eddico, como acad\u00e9mica&nbsp;\u2013recordemos que [&hellip;]<\/p>\n","protected":false},"author":3,"featured_media":8460,"comment_status":"open","ping_status":"open","sticky":false,"template":"","format":"standard","meta":{"_monsterinsights_skip_tracking":false,"footnotes":""},"categories":[692,96,35,75],"tags":[],"class_list":["post-39673","post","type-post","status-publish","format-standard","has-post-thumbnail","category-692","category-mujeres-y-politica","category-opinion","category-soledad-jarquin-edgar"],"_links":{"self":[{"href":"https:\/\/redsemlac.com\/semmexico\/wp-json\/wp\/v2\/posts\/39673","targetHints":{"allow":["GET"]}}],"collection":[{"href":"https:\/\/redsemlac.com\/semmexico\/wp-json\/wp\/v2\/posts"}],"about":[{"href":"https:\/\/redsemlac.com\/semmexico\/wp-json\/wp\/v2\/types\/post"}],"author":[{"embeddable":true,"href":"https:\/\/redsemlac.com\/semmexico\/wp-json\/wp\/v2\/users\/3"}],"replies":[{"embeddable":true,"href":"https:\/\/redsemlac.com\/semmexico\/wp-json\/wp\/v2\/comments?post=39673"}],"version-history":[{"count":0,"href":"https:\/\/redsemlac.com\/semmexico\/wp-json\/wp\/v2\/posts\/39673\/revisions"}],"wp:featuredmedia":[{"embeddable":true,"href":"https:\/\/redsemlac.com\/semmexico\/wp-json\/wp\/v2\/media\/8460"}],"wp:attachment":[{"href":"https:\/\/redsemlac.com\/semmexico\/wp-json\/wp\/v2\/media?parent=39673"}],"wp:term":[{"taxonomy":"category","embeddable":true,"href":"https:\/\/redsemlac.com\/semmexico\/wp-json\/wp\/v2\/categories?post=39673"},{"taxonomy":"post_tag","embeddable":true,"href":"https:\/\/redsemlac.com\/semmexico\/wp-json\/wp\/v2\/tags?post=39673"}],"curies":[{"name":"wp","href":"https:\/\/api.w.org\/{rel}","templated":true}]}}