{"id":39665,"date":"2021-09-02T13:00:00","date_gmt":"2021-09-02T19:00:00","guid":{"rendered":"https:\/\/redsemlac.com\/semmexico\/?p=39665"},"modified":"2023-07-21T17:05:58","modified_gmt":"2023-07-21T22:05:58","slug":"entresemana-monreal-defiende-al-cansado-andres","status":"publish","type":"post","link":"https:\/\/redsemlac.com\/semmexico\/entresemana-monreal-defiende-al-cansado-andres\/","title":{"rendered":"Entresemana| Monreal defiende al cansado Andr\u00e9s"},"content":{"rendered":"\n<p class=\"wp-block-paragraph\"><strong>Mois\u00e9s S\u00e1nchez Lim\u00f3n<\/strong><\/p>\n\n\n\n<p class=\"wp-block-paragraph\">SemM\u00e9xico. Cd. de M\u00e9xico. 02 de septiembre 2021.- \u00bfYa se llevan as\u00ed? Oiga, \u00bfya se cans\u00f3?<\/p>\n\n\n\n<p class=\"wp-block-paragraph\">Veamos. En el corolario de su intervenci\u00f3n en la m\u00e1xima tribuna pol\u00edtica del pa\u00eds, desde el Palacio Legislativo de San L\u00e1zaro, Ricardo Monreal espet\u00f3 al bloque opositor en defensa del Duce: \u201c\u00a1hey! les duele que les diga su verdad, arrogantes y soberbios\u201d. \u00a1Sopas!<\/p>\n\n\n\n<p class=\"wp-block-paragraph\">Algo pasa, grave y preocupante en las ligas mayores del gobierno federal y no hay quien defienda con nivel a Su Alteza Seren\u00edsima, porque las posturas del licenciado y diputado petista Gerardo Fern\u00e1ndez Noro\u00f1a y la diputada \u201cecologista\u201d Karen Castrej\u00f3n Trujillo, ayer en la Sesi\u00f3n de Congreso General, tienen tufo de zalamer\u00eda colaboracionista.&nbsp;<\/p>\n\n\n\n<p class=\"wp-block-paragraph\">Por ello, seguramente en Palacio Nacional, despu\u00e9s de rendir su tercer informe de gobierno, el Duce se habr\u00e1 preguntado la noche de mi\u00e9rcoles 1 de septiembre, qu\u00e9 procede cuando a quien ha zarandeado con ese singular vac\u00edo pol\u00edtico, lo defendi\u00f3 con un discurso harto diferente de las bravuconer\u00edas de barriada del licenciado Fern\u00e1ndez Noro\u00f1a, o el entreguismo pol\u00edtico sin rubor de la licenciada Castrej\u00f3n Trujillo, presidenta de eso que llaman \u201cPartido Verde Ecologista de M\u00e9xico\u201d.<\/p>\n\n\n\n<p class=\"wp-block-paragraph\">S\u00ed, llam\u00f3 la atenci\u00f3n que el senador Ricardo Monreal haya enderezado la mejor defensa que colaborador o amigo alguno haya hecho, en lo que corre del sexenio, del licenciado presidente, cuando \u00e9ste ha dejado correr la versi\u00f3n del distanciamiento con el coordinador de los senadores de Morena.<\/p>\n\n\n\n<p class=\"wp-block-paragraph\">Porque, como le platiqu\u00e9 al inicio de semana, la nota publicada en La Jornada que implica a Monreal en relaciones con la Coordinadora Nacional de Trabajadores de la Educaci\u00f3n, es de aquellas que llevan las huellas digitales del autor.<\/p>\n\n\n\n<p class=\"wp-block-paragraph\">Y le preguntaba: \u00bfusted cree que La Jornada no atiende a instrucciones de Su Alteza Seren\u00edsima?, porque, cuando el animalito tiene plumas de ganso, pico de ganso y patitas de ganso, es un canijo ganso, perm\u00edtame la par\u00e1frasis sin el pato que es el personaje original. \u00bfA poco no?<\/p>\n\n\n\n<p class=\"wp-block-paragraph\">Por eso, por eso, hay que registrar este proceder de Ricardo Monreal quien, le comentaba, sin duda tom\u00f3 el caso como algo elemental en este nuevo escenario, en el que Su Alteza Seren\u00edsima ha decidido jugar con sus amigotes, los cuadernos de doble ralla, en esa burbuja de Palacio, donde se tejen las intrigas que distraen de lo b\u00e1sico.<\/p>\n\n\n\n<p class=\"wp-block-paragraph\">Mire usted. Del Palacio Nacional al Palacio Legislativo de San L\u00e1zaro, el de ayer fue un d\u00eda de suyo interesante, de mensajes, posturas contundentes. \u00bfLo registr\u00f3?<\/p>\n\n\n\n<p class=\"wp-block-paragraph\">Ah\u00ed el mensaje de Andr\u00e9s Manuel, ante una treintena de convidados de piedra, lleno de n\u00fameros y la vanidad de lo ofrecido mas no cumplido, ligerito, falaz, ir\u00f3nico y suavecito, pese a las crecientes manifestaciones de descontento en su contra y de su gobierno, sin levantar polvo aunque s\u00ed algunas cejas por la incredulidad con algunos temas que asume como logros, tal es el caso de las millonarias remesas enviadas por los mexicanos en el extranjero, que debieran provocarle rubor porque implican desatenci\u00f3n a esos connacionales que se fueron en busca de satisfactores econ\u00f3micos y sociales que en M\u00e9xico no encuentran ni encontraron.&nbsp;<\/p>\n\n\n\n<p class=\"wp-block-paragraph\">Pero, ante este escenario, \u00bfpor qu\u00e9 Andr\u00e9s Manuel insiste en deslizar la idea de dejar el cargo? \u00bfSe le cans\u00f3 el cuaco? \u00c9l provoca especulaci\u00f3n; que no se queje al rato.<\/p>\n\n\n\n<p class=\"wp-block-paragraph\">Veamos. Mientras al licenciado presidente le ganan las prisas por tirar la toalla e irse a La Chingada, le apuesta a que en la consulta popular para la revocaci\u00f3n de mandato, en marzo del a\u00f1o entrante, el pueblo se desborde y en filas interminables le supliquen quedarse, que no sea gacho.<\/p>\n\n\n\n<p class=\"wp-block-paragraph\">\u00bfPor eso quiere que la pregunta implique ratificaci\u00f3n? \u00a1Aj\u00e1!<\/p>\n\n\n\n<p class=\"wp-block-paragraph\">Bueno, bueno. En el vocabulario de Su Alteza Seren\u00edsima Andr\u00e9s Manuel no cabe acto alguno de humildad y, lo dicho: nunca pierde, m\u00ednimo empata. \u00bfSe bronque\u00f3 con el licenciado Julio Scherer Ibarra al grado de que \u00e9ste le renunci\u00f3 a la Consejer\u00eda Jur\u00eddica de la Presidencia de la Rep\u00fablica?<\/p>\n\n\n\n<p class=\"wp-block-paragraph\">Todo indica que s\u00ed. El hecho de que el DJ en funciones de vocero presidencial, periodista y escritor Chucho Ram\u00edrez califique al caso como rumor, avala la veracidad del trascendido que se hizo viral. \u00bf24 horas para echar bajo la alfombra la dimisi\u00f3n que sacudi\u00f3 al gabinete? No, pos s\u00ed.<\/p>\n\n\n\n<p class=\"wp-block-paragraph\">Pero, insisto, \u00bfpor qu\u00e9 quiere dejar el changarro Su Alteza Seren\u00edsima? Algo trae, algo le han dicho los m\u00e9dicos, caros especialistas que lo atienden desde la operaci\u00f3n a coraz\u00f3n abierto. Su Alteza Seren\u00edsima rechaza estar enfermo y descalifica a quienes estiman que lo est\u00e1, no chochea, no: est\u00e1 enfermo y, en ese tenor, el pa\u00eds est\u00e1 en riesgo cuando el propio Andr\u00e9s Manuel lo ha llevado a niveles de grave polarizaci\u00f3n.<\/p>\n\n\n\n<p class=\"wp-block-paragraph\">Lea usted unos p\u00e1rrafos del mensaje del Duce en su informe de gobierno y saque sus conclusiones.<\/p>\n\n\n\n<p class=\"wp-block-paragraph\">&nbsp;\u201cComo lo escrib\u00ed en la introducci\u00f3n de mi nuevo libro que se llama, precisamente, A la mitad del camino, es tan importante lo logrado, hasta ahora, en este periodo que hasta podr\u00eda dejar ahora mismo la Presidencia sin sentirme mal con mi conciencia. Que es lo m\u00e1s importante en mi vida (\u2026).<\/p>\n\n\n\n<p class=\"wp-block-paragraph\">&nbsp;\u201cVamos bien y estoy seguro de que la gente va a votar a finales de marzo del a\u00f1o pr\u00f3ximo porque contin\u00fae mi periodo constitucional hasta finales de septiembre de 2024. Desde luego no solo es esto lo \u00fanico que necesito para cumplir mi misi\u00f3n: falta lo que diga la naturaleza, la ciencia y el Creador, no podemos ser soberbios. Pero si tengo suerte y termino, creo que vamos a consumar la obra de transformaci\u00f3n y no dejaremos ning\u00fan pendiente. Cuando est\u00e9 entregando la banda presidencial solo dir\u00e9 a los cuatro vientos: \u00a1Misi\u00f3n cumplida! Me voy a Palenque, les dejo mi coraz\u00f3n\u201d.<\/p>\n\n\n\n<p class=\"wp-block-paragraph\">En su momento, el entonces procurador General de la Rep\u00fablica, Jes\u00fas Murillo Karam, se quej\u00f3: \u201cya me cans\u00e9\u201d, en alusi\u00f3n a lo tanto que hab\u00eda tratado el tema de los estudiantes de Ayotzinapa. Y la cr\u00edtica lo hizo pedazos.<\/p>\n\n\n\n<p class=\"wp-block-paragraph\">\u00bfAndr\u00e9s Manuel ya se cans\u00f3 y nadie lo defiende? Nadie recapitula logros de la 4T, m\u00e1s all\u00e1 de la estridencia de la oposici\u00f3n que top\u00f3 con Monreal, precisamente con el actor principal de estos d\u00edas de reacomodos pol\u00edticos y la canalla oportunista que lo lanz\u00f3 a la arena para hacerlo pedazos.<\/p>\n\n\n\n<p class=\"wp-block-paragraph\">Y, mire usted, Monreal con la lecci\u00f3n de urbanidad pol\u00edtica respondi\u00f3 en el contraste con el maltrato que desde Palacio le dieron; incluso con la invectiva publicada en La Jornada.<\/p>\n\n\n\n<p class=\"wp-block-paragraph\">&nbsp;\u201cNos dejaron un pa\u00eds en ruinas \u2013dijo Ricardo a la oposici\u00f3n legislativa&#8211;, hecho pedazos, eso es su herencia, eso es lo que recibimos de ustedes; por eso, no puedo sino extra\u00f1arme de tanto cinismo que expresan sin pudor, ustedes tuvieron 100 a\u00f1os gobernando, nosotros llevamos tres, tres a\u00f1os, y por eso deber\u00edan aceptar que el presidente L\u00f3pez Obrador ha sido un buen presidente, deber\u00edan quitarse la venda del odio y del rencor para hablar con objetividad y serenidad, no les toca actuar con tanta arrogancia si ustedes son los responsables de la destrucci\u00f3n de nuestra naci\u00f3n, deber\u00edan ser m\u00e1s moderados y m\u00e1s sensatos en sus calificaciones porque la historia no se los va a perdonar (\u2026).<\/p>\n\n\n\n<p class=\"wp-block-paragraph\">&nbsp;\u201cS\u00ed, somos un movimiento \u00fanico y vamos a refrendar y vamos a luchar con unidad. Que no les extra\u00f1e que coincidimos con el presidente de la Rep\u00fablica y su agenda prioritaria, claro que s\u00ed, porque somos de un mismo origen y rechazo que haya una obediencia ciega, porque las reformas constitucionales, si no s\u00e9 aprueban por ustedes no hubiesen sido aprobadas. En todas las reformas hubo aportaciones de la oposici\u00f3n, nos sentamos, dialogamos, discutimos y aprobamos\u201d, redonde\u00f3 Monreal.<\/p>\n\n\n\n<p class=\"wp-block-paragraph\">Bien por la defensa esgrimida por Monreal, dir\u00edan los cl\u00e1sicos: respuesta con guante blanco. Pero, \u00bfpor qu\u00e9 Su Alteza Seren\u00edsima quiere tirar la toalla? \u201c(\u2026) si tengo suerte (\u00bfsi tiene suerte?) y termino, creo que vamos a consumar la obra de transformaci\u00f3n y no dejaremos ning\u00fan pendiente. Cuando est\u00e9 entregando la banda presidencial solo dir\u00e9 a los cuatro vientos: \u00a1Misi\u00f3n cumplida! Me voy a Palenque, les dejo mi coraz\u00f3n\u201d. \u00a1Vaya con el pesimismo del Duce! Sin duda, algo pasa en Palacio Nacional, algo\u2026 Digo.<\/p>\n\n\n\n<p class=\"wp-block-paragraph\">sanchezlimon@gmail.com<\/p>\n\n\n\n<p class=\"wp-block-paragraph\">www.entresemana.mx<\/p>\n\n\n\n<p class=\"wp-block-paragraph\">@msanchezlimon @msanchezlimon1<\/p>\n","protected":false},"excerpt":{"rendered":"<p> \u00bfYa se llevan as\u00ed? Oiga, \u00bfya se cans\u00f3?<\/p>\n","protected":false},"author":3,"featured_media":15805,"comment_status":"open","ping_status":"open","sticky":false,"template":"","format":"standard","meta":{"_monsterinsights_skip_tracking":false,"footnotes":""},"categories":[692,105,83,35],"tags":[459],"class_list":["post-39665","post","type-post","status-publish","format-standard","has-post-thumbnail","category-692","category-entresemana","category-moises-sanchez-limon","category-opinion","tag-opinion"],"_links":{"self":[{"href":"https:\/\/redsemlac.com\/semmexico\/wp-json\/wp\/v2\/posts\/39665","targetHints":{"allow":["GET"]}}],"collection":[{"href":"https:\/\/redsemlac.com\/semmexico\/wp-json\/wp\/v2\/posts"}],"about":[{"href":"https:\/\/redsemlac.com\/semmexico\/wp-json\/wp\/v2\/types\/post"}],"author":[{"embeddable":true,"href":"https:\/\/redsemlac.com\/semmexico\/wp-json\/wp\/v2\/users\/3"}],"replies":[{"embeddable":true,"href":"https:\/\/redsemlac.com\/semmexico\/wp-json\/wp\/v2\/comments?post=39665"}],"version-history":[{"count":0,"href":"https:\/\/redsemlac.com\/semmexico\/wp-json\/wp\/v2\/posts\/39665\/revisions"}],"wp:featuredmedia":[{"embeddable":true,"href":"https:\/\/redsemlac.com\/semmexico\/wp-json\/wp\/v2\/media\/15805"}],"wp:attachment":[{"href":"https:\/\/redsemlac.com\/semmexico\/wp-json\/wp\/v2\/media?parent=39665"}],"wp:term":[{"taxonomy":"category","embeddable":true,"href":"https:\/\/redsemlac.com\/semmexico\/wp-json\/wp\/v2\/categories?post=39665"},{"taxonomy":"post_tag","embeddable":true,"href":"https:\/\/redsemlac.com\/semmexico\/wp-json\/wp\/v2\/tags?post=39665"}],"curies":[{"name":"wp","href":"https:\/\/api.w.org\/{rel}","templated":true}]}}