{"id":39657,"date":"2021-09-02T11:40:00","date_gmt":"2021-09-02T17:40:00","guid":{"rendered":"https:\/\/redsemlac.com\/semmexico\/?p=39657"},"modified":"2023-07-21T17:05:58","modified_gmt":"2023-07-21T22:05:58","slug":"iniciativa-popular-para-la-despenalizacion-del-aborto-en-durango","status":"publish","type":"post","link":"https:\/\/redsemlac.com\/semmexico\/iniciativa-popular-para-la-despenalizacion-del-aborto-en-durango\/","title":{"rendered":"Iniciativa Popular para la despenalizaci\u00f3n del aborto en Durango"},"content":{"rendered":"\n<ul class=\"wp-block-list\"><li><strong>Exigen se cumpla la Norma 046, que obliga a interrumpir un embarazo por violaci\u00f3n<\/strong><\/li><li><strong>La entidad entre las primeras tres con el m\u00e1s alto \u00edndice de violaciones: Sem\u00e1foro Delictivo<\/strong><\/li><\/ul>\n\n\n\n<p class=\"wp-block-paragraph\"><strong>Sara Lovera<\/strong><\/p>\n\n\n\n<p class=\"wp-block-paragraph\">M\u00e1s de 8 mil mujeres, organizaciones y colectivas est\u00e1n trabajando por armar una iniciativa popular para que en Durango se despenalice el aborto, y hacen un en\u00e9rgico llamado para abrir la discusi\u00f3n en la sociedad. Porque el tema ahora, est\u00e1 en una congeladora social, cuando se violan todos los derechos reproductivos.<\/p>\n\n\n\n<p class=\"wp-block-paragraph\">Esta semana estaban por reunirse las 10 mil firmas, que sostendr\u00e1n la elaboraci\u00f3n de la iniciativa popular, misma que entregar\u00e1n al Congreso, como una medida para romper la indiferencia y terminar con ominosos casos que colocan a la entidad, no s\u00f3lo opuesta al aborto, sino donde se violan los derechos humanos de las mujeres.<\/p>\n\n\n\n<p class=\"wp-block-paragraph\">Y lo m\u00e1s grave, dicen es que las cifras se violaci\u00f3n y abusos son alarmantes.<\/p>\n\n\n\n<p class=\"wp-block-paragraph\">Denunciaron que Durango no se cumple con la Norma 046 que permite el aborto en caso de violaci\u00f3n y se hace caso omiso de las recomendaciones de la Alerta de Violencia de G\u00e9nero contra las Mujeres.<\/p>\n\n\n\n<p class=\"wp-block-paragraph\">En esa norte\u00f1a entidad est\u00e1 penalizado el aborto en todas sus formas, pero seg\u00fan la organizaci\u00f3n Sem\u00e1foro Delictivo se encuentra entre los 3 estados con mayores tasas de violaci\u00f3n. Solamente en el mes de julio se abrieron m\u00e1s de 500 carpetas de investigaci\u00f3n.<\/p>\n\n\n\n<p class=\"wp-block-paragraph\">Tambi\u00e9n est\u00e1 en el segundo lugar por violencia en casa. Las 5 entidades con mayores tasas de violaci\u00f3n sexual contra ni\u00f1as y mujeres, son Chihuahua, Durango, Quintana Roo, Colima y Baja California.<\/p>\n\n\n\n<h2 class=\"wp-block-heading\"><strong>Ni\u00f1as a declarar, el colmo<\/strong>:<\/h2>\n\n\n\n<p class=\"wp-block-paragraph\">Apenas en mayo en Durango un juzgado de lo familiar cit\u00f3 a dos ni\u00f1as de 5 y 6 a\u00f1os a declarar este lunes solas ante una jueza, una agente del Ministerio P\u00fablico y una tutriz (tutora legal designada por el juzgado), porque su pap\u00e1, el empresario Mauricio N., est\u00e1 pidiendo quedarse con la patria potestad, a pesar de que est\u00e1 demandado por violaci\u00f3n y abuso sexual contra ellas.<\/p>\n\n\n\n<p class=\"wp-block-paragraph\">Entonces hac\u00eda nueve meses que el pap\u00e1 no las ve\u00eda, que ni siquiera les habla por tel\u00e9fono. La madre de las ni\u00f1as interpuso la denuncia en agosto de 2020, despu\u00e9s de un tiempo de notar comportamientos que eran signos de violencia sexual y que un peritaje m\u00e9dico confirmara lesiones anales en una de ellas.<\/p>\n\n\n\n<p class=\"wp-block-paragraph\">Por ello se orden\u00f3 la suspensi\u00f3n de las convivencias y el padre ya ni siquiera intent\u00f3 tener contacto con ellas; pero sin que se resuelva la denuncia penal, el juzgado familiar est\u00e1 avanzando en la demanda de \u00e9l para quitarle la patria potestad a la mam\u00e1.<\/p>\n\n\n\n<p class=\"wp-block-paragraph\">De hecho, Mauricio N. ya consigui\u00f3 una evaluaci\u00f3n psicol\u00f3gica que se\u00f1ala que s\u00ed es apto para su rol de padre y que no representa un riesgo para las ni\u00f1as.<\/p>\n\n\n\n<p class=\"wp-block-paragraph\">La valoraci\u00f3n que contradice los resultados de un peritaje psicol\u00f3gico privado practicado a las peque\u00f1as en las que identifican como figuras de riesgo no solo al pap\u00e1, sino tambi\u00e9n al abuelo paterno, que la mam\u00e1 mand\u00f3 a hacer fuera del estado ante las sospechas de influyent\u00edsimo, y el hecho de que ya fue declarado culpable por sustracci\u00f3n de menores cuando tras el divorcio trat\u00f3 de robarse a las ni\u00f1as, en 2019, seg\u00fan informaci\u00f3n de Animal Pol\u00edtico, en esa \u00e9poca.<\/p>\n\n\n\n<h2 class=\"wp-block-heading\"><strong>El Sem\u00e1foro dice.<\/strong><\/h2>\n\n\n\n<p class=\"wp-block-paragraph\"><strong>&nbsp;<\/strong>\u201cPor la pandemia, estos dos delitos &#8211; la violaci\u00f3n y la violencia en casa contra las mujeres y las ni\u00f1as, se han incrementado extraordinariamente. Las familias est\u00e1n estresadas y la violencia en casa se ha incrementado notoriamente, incluyendo la violaci\u00f3n contra menores de edad. Es urgente reforzar la prevenci\u00f3n y mejorar la estrategia de salud y de reactivaci\u00f3n de la econom\u00eda\u201d, resalt\u00f3 Santiago Roel, fundador y director general de Sem\u00e1foro Delictivo Nacional.<\/p>\n\n\n\n<div class=\"wp-block-image\"><figure class=\"alignleft size-large is-resized\"><a href=\"https:\/\/redsemlac.com\/semmexico\/wp-content\/uploads\/2021\/09\/semaforo.png\"><img loading=\"lazy\" decoding=\"async\" src=\"https:\/\/redsemlac.com\/semmexico\/wp-content\/uploads\/2021\/09\/semaforo-967x1024.png\" alt=\"\" class=\"wp-image-39658\" width=\"398\" height=\"421\"\/><\/a><\/figure><\/div>\n\n\n\n<p class=\"wp-block-paragraph\">Las m\u00e1s de 8 mil mujeres y colectivas que est\u00e1n en la iniciativa, reclaman que, hasta ahora, el tema est\u00e1 en la congeladora social. Se\u00f1alan que, no obstante, los hechos y las cifras ven claramente el desinter\u00e9s de quienes claman legislar en beneficio de todas las personas que habitan la sociedad Duranguense, y es con \u00e1nimo colectivo que hoy a nombre de la sociedad civil firmante, asociaciones y colectivas,\u201d hacemos un en\u00e9rgico llamado a que se saque de la congeladora el tema de la despenalizaci\u00f3n del aborto en todas sus causales, y hacemos este llamamiento.<\/p>\n\n\n\n<p class=\"wp-block-paragraph\">&#8211;&nbsp;&nbsp;&nbsp;&nbsp;&nbsp;&nbsp;&nbsp;&nbsp;&nbsp; Exhortamos a los poderes encargados de la b\u00fasqueda de justicia y acceso a derechos de la mujer, que hagan por una vez el esfuerzo de tirar esa pantalla que han mantenido frente a su inacci\u00f3n, y saquen ya de la congeladora el tema de la despenalizaci\u00f3n y acceso integral al aborto para las mujeres gestantes.<\/p>\n\n\n\n<p class=\"wp-block-paragraph\">&#8211;&nbsp;&nbsp;&nbsp;&nbsp;&nbsp;&nbsp;&nbsp;&nbsp;&nbsp; Exigimos tengan respeto a las peticiones que en este d\u00eda hacemos con profunda preocupaci\u00f3n, pues este derecho es una deuda del Estado, y es un asunto de salud p\u00fablica que debe ser abordado con la misma fuerza con la que se aborda cualquier otro derecho reproductivo de las mujeres y personas gestantes en esta sociedad.<\/p>\n\n\n\n<p class=\"wp-block-paragraph\">&#8211;&nbsp;&nbsp;&nbsp;&nbsp;&nbsp;&nbsp;&nbsp;&nbsp;&nbsp; Pedimos se haga mayor \u00e9nfasis en las pol\u00edticas p\u00fablicas que han vuelto letra muerta las normativas federales que dan este derecho vital, y eliminen cualquier obst\u00e1culo que pueda estar impidiendo que se acceda a este derecho dentro de las causales permitidas a este momento.<\/p>\n\n\n\n<p class=\"wp-block-paragraph\">&#8211;&nbsp;&nbsp;&nbsp;&nbsp;&nbsp;&nbsp;&nbsp;&nbsp;&nbsp; Exigimos se respete de una vez por todas que el Estado debe ser laico, y se elimine de una vez por todas cualquier intromisi\u00f3n por parte de la Iglesia y sus actores en las decisiones que se tomen y que afectan directamente a la sociedad, la libertad de credo debe quedar fuera por completo del actuar de las instituciones.<\/p>\n\n\n\n<p class=\"wp-block-paragraph\">&#8211;&nbsp;&nbsp;&nbsp;&nbsp;&nbsp;&nbsp;&nbsp;&nbsp;&nbsp; Solicitamos se redoblen los esfuerzos para la concientizaci\u00f3n sobre la anticoncepci\u00f3n, y se garantice el acceso a m\u00e9todos de este tipo para todos los estratos de la sociedad, sin que los trabajadores de la salud impidan que cualquier mujer pueda acceder a m\u00e9todos de anticoncepci\u00f3n y planificaci\u00f3n familiar.<\/p>\n\n\n\n<p class=\"wp-block-paragraph\">&#8211;&nbsp;&nbsp;&nbsp;&nbsp;&nbsp;&nbsp;&nbsp;&nbsp;&nbsp; Ante cualquier negativa, cualquier comportamiento y acto condescendiente o ante cualquier represi\u00f3n de cualquier acto que tenga que ver con esta justa petici\u00f3n, haremos lo pertinente y no quitaremos el dedo del rengl\u00f3n hasta que esta problem\u00e1tica que nos afecta directamente sea por fin solucionada a nuestro favor.<\/p>\n\n\n\n<h2 class=\"wp-block-heading\">&nbsp;<strong>La Ley restrictiva<\/strong><\/h2>\n\n\n\n<p class=\"wp-block-paragraph\">Seg\u00fan el art\u00edculo 350 del c\u00f3digo penal de Durango, Comete el delito de aborto quien provoque la muerte del producto de la concepci\u00f3n en cualquier momento del embarazo intrauterino y se impondr\u00e1n las siguientes penas:<\/p>\n\n\n\n<p class=\"wp-block-paragraph\">I.- De tres a ocho a\u00f1os de prisi\u00f3n y de cuarenta a cuatrocientos d\u00edas multa, si se obra sin consentimiento de la mujer embarazada; y<\/p>\n\n\n\n<p class=\"wp-block-paragraph\">II.- De uno a cinco a\u00f1os de prisi\u00f3n y de veinte a doscientos d\u00edas multa, si se obra con el consentimiento de la mujer embarazada.<\/p>\n\n\n\n<p class=\"wp-block-paragraph\">Art 351.- Si el aborto lo causare un m\u00e9dico, cirujano, enfermero, enfermera, comadr\u00f3n, comadrona o partera, adem\u00e1s de las sanciones que le correspondan conforme al art\u00edculo anterior, se les suspender\u00e1 de tres a cinco a\u00f1os en el ejercicio de su profesi\u00f3n.<\/p>\n\n\n\n<p class=\"wp-block-paragraph\">Art 352.- Se impondr\u00e1 de uno a tres a\u00f1os de prisi\u00f3n, a la mujer que diere muerte al producto de su propia concepci\u00f3n o consintiere en que otro se la diere.<\/p>\n\n\n\n<p class=\"wp-block-paragraph\">Se impondr\u00e1 de seis meses a dos a\u00f1os de prisi\u00f3n, si hubiere dado muerte al producto para ocultar su deshonra.<\/p>\n\n\n\n<p class=\"wp-block-paragraph\">No es punible la muerte dada al producto de la concepci\u00f3n:<\/p>\n\n\n\n<p class=\"wp-block-paragraph\">I.- Cuando aqu\u00e9lla sea resultado de una acci\u00f3n culposa de la mujer embarazada. En este caso deber\u00e1 darse el aviso correspondiente al Ministerio P\u00fablico;<\/p>\n\n\n\n<p class=\"wp-block-paragraph\">II.- Cuando el embarazo sea resultado de un delito de violaci\u00f3n; y<\/p>\n\n\n\n<p class=\"wp-block-paragraph\">III.- Cuando de no provocarse el aborto, la mujer embarazada corra peligro de muerte a juicio del m\u00e9dico que la asista, oyendo \u00e9ste el dictamen de otro m\u00e9dico, siempre que esto fuere posible y no sea peligrosa la demora.<\/p>\n\n\n\n<p class=\"wp-block-paragraph\">Trat\u00e1ndose de los casos a que se refieren las dos \u00faltimas fracciones, deber\u00e1 obtenerse previamente la autorizaci\u00f3n del Ministerio P\u00fablico.<\/p>\n\n\n\n<p class=\"wp-block-paragraph\">Asimismo, en los casos contemplados en las fracciones I, II y III de este art\u00edculo, los m\u00e9dicos legistas oficiales tendr\u00e1n la obligaci\u00f3n de proporcionar a la mujer embarazada, informaci\u00f3n objetiva, veraz, suficiente y oportuna sobre los procedimientos, riesgos, consecuencias y efectos; as\u00ed como de los apoyos y alternativas existentes, para que la mujer embarazada pueda tomar la decisi\u00f3n de manera libre, informada y responsable.<\/p>\n\n\n\n<h2 class=\"wp-block-heading\"><strong>Si hay Mujeres en Durango<\/strong><\/h2>\n\n\n\n<p class=\"wp-block-paragraph\">Versi\u00f3n de la Asociaci\u00f3n Si Hay Mujeres en Durango, sostienen que s\u00f3lo en un a\u00f1o por lo menos cuatro mujeres se han acercado a la Asociaci\u00f3n para preguntar c\u00f3mo se pueden practicar un aborto legal.<\/p>\n\n\n\n<p class=\"wp-block-paragraph\">Se trata de mujeres de entre 20 y 30 a\u00f1os de edad, aunque una de las interesadas era de 17 a\u00f1os, precis\u00f3 Julieta Hern\u00e1ndez Camargo, presidenta de la organizaci\u00f3n.<\/p>\n\n\n\n<p class=\"wp-block-paragraph\">Sin embargo, debido a que en la entidad esto es ilegal, todas han sido canalizadas a la Ciudad de M\u00e9xico y Oaxaca, para la interrupci\u00f3n del embarazo.<\/p>\n\n\n\n<p class=\"wp-block-paragraph\">Las mujeres, indic\u00f3 Hern\u00e1ndez Camargo, evidentemente son personas que pueden pagar los gastos del viaje y otros que implica el proceso. Solo en el caso de la menor de edad se consigui\u00f3 apoyo a trav\u00e9s de una asociaci\u00f3n nacional que se dedica a esto.<\/p>\n\n\n\n<p class=\"wp-block-paragraph\">En cuando a qu\u00e9 argumentos se pueden encontrar en situaciones de este tipo, la activista precis\u00f3 que en el caso de adolescentes se encuentra el riesgo m\u00e9dico, mientras que en adultas es la falta de recursos econ\u00f3micos, as\u00ed como los proyectos personales, otra de las causas es que ya tienen la cantidad de hijos que planearon.<\/p>\n\n\n\n<p class=\"wp-block-paragraph\">Pero no solo eso, sino que la interrupci\u00f3n del embarazo en Durango tambi\u00e9n se presenta en escenarios de violencia en casa contra las mujeres, de los cuales ellas desean salir.<\/p>\n\n\n\n<p class=\"wp-block-paragraph\">&nbsp;A pesar de que el congreso de Durango y la sociedad en muchas ocasiones ha manifestado su postura en torno al aborto, se espera pronto ver en el Congreso del Estado la discusi\u00f3n del tema; bajo las mismas condiciones que Oaxaca, es decir, que se pueda interrumpir un embarazo a deseo de la madre antes de las 12 semanas de gestaci\u00f3n.<\/p>\n\n\n\n<h2 class=\"wp-block-heading\"><strong>Firmas para desempolvar la discusi\u00f3n<\/strong><\/h2>\n\n\n\n<p class=\"wp-block-paragraph\">En agosto pasado, colectivos feministas estuvieron recaudando firmas con el fin de apuntalar una iniciativa para garantizar en Durango el aborto legal, seguro y gratuito. Luego que hicieron la petici\u00f3n al diputado desde 2019.<\/p>\n\n\n\n<p class=\"wp-block-paragraph\">Hace menos de un mes, en la Plaza de Armas se instal\u00f3 un m\u00f3dulo que permaneci\u00f3 ah\u00ed hasta el pr\u00f3ximo 28 de agosto para que las personas que as\u00ed lo deseen pasen a emitir su firma, para que, a trav\u00e9s de la figura de Iniciativa Popular, se presente al Congreso del Estado para su discusi\u00f3n. Ahora son m\u00e1s de 8 mil firmas.<\/p>\n\n\n\n<p class=\"wp-block-paragraph\">Preparativos para el 28 de septiembre<\/p>\n\n\n\n<p class=\"wp-block-paragraph\">Vale la pena mencionar que el 28 de septiembre es el D\u00eda de acci\u00f3n global por un aborto legal, seguro y gratuito y se recuerda a los gobiernos que seis mil mujeres mueren al a\u00f1o por abortos clandestinos.<\/p>\n\n\n\n<p class=\"wp-block-paragraph\">M\u00e9xico est\u00e1 entre los pa\u00edses con la mayor letalidad por lo que a nivel nacional se llevan a cabo acciones en este marco.<\/p>\n\n\n\n<p class=\"wp-block-paragraph\">En el \u00e1mbito nacional ya varios estados han legislado, recientemente en Veracruz se aprob\u00f3 por mayor\u00eda la despenalizaci\u00f3n del aborto hasta la semana 12 de gestaci\u00f3n, convirti\u00e9ndose as\u00ed en la cuarta entidad en garantizar autonom\u00eda corporal a mujeres.<\/p>\n\n\n\n<h2 class=\"wp-block-heading\"><strong>Durango debe cumplir la Ley<\/strong><\/h2>\n\n\n\n<p class=\"wp-block-paragraph\">Aunque el aborto en M\u00e9xico es considerado legal cuando se da por determinadas causales que se contemplan en la Ley, como lo es el embarazo por violaci\u00f3n, lo que pone en riesgo la salud y la vida de una mujer, o si el producto presenta alguna malformaci\u00f3n cong\u00e9nita grave, entre otras.<\/p>\n\n\n\n<p class=\"wp-block-paragraph\">En el estado de Durango, la Norma para la violencia familiar, sexual y contra las mujeres, se contrapone a lo que establece la Constituci\u00f3n Pol\u00edtica del Estado Libre y Soberano de la entidad y el C\u00f3digo Penal local.<\/p>\n\n\n\n<p class=\"wp-block-paragraph\">En lo que va del a\u00f1o, cuatro mujeres embarazadas por producto de una violaci\u00f3n, han sido canalizadas a otras instituciones m\u00e9dicas de entidades vecinas para que se les practique la interrupci\u00f3n, a pesar de que la NOM 046 establece que las v\u00edctimas de violaci\u00f3n tienen derecho al aborto en cualquier instituci\u00f3n de salud p\u00fablica del pa\u00eds, las cuales deber\u00e1n contar con m\u00e9dicos y enfermeras no objetores de conciencia.<\/p>\n\n\n\n<p class=\"wp-block-paragraph\">Sin presentar su denuncia ante el Ministerio P\u00fablico. Sandra Sierra Limones, representante de la Fundaci\u00f3n para la Promoci\u00f3n, el Desarrollo y el Empoderamiento de las Mujeres (Funprodem), comenta: \u201cConsideran que diferenci\u00e1ndolos a otros estados ya est\u00e1n cumpliendo y cubriendo este tema y no es as\u00ed, las mujeres necesitan recibir la atenci\u00f3n conforme lo que establece la norma en sus propios estados\u201d.<\/p>\n\n\n\n<p class=\"wp-block-paragraph\">Las autoridades se\u00f1alan que no se han armonizado sus leyes a la norma 046, lo cual es falso, debido a que una de las causales por las cuales se permite el aborto en Durango, es la violaci\u00f3n. \u201cYa est\u00e1 incluido y la Norma 046 regula el c\u00f3mo tiene que ser esto y una de las cosas es que no se tiene que presentar una denuncia en el Ministerio P\u00fablico\u201d.<\/p>\n\n\n\n<p class=\"wp-block-paragraph\">Desafortunadamente la mayor\u00eda de las violaciones se dan en el seno familiar, por lo que muchos de los casos no se denuncian y si hay un embarazo, la mujer determina por interrumpirlo, por lo que las autoridades tienen la obligaci\u00f3n de respaldar y responder. \u201cDurango es el ejemplo m\u00e1s claro de para qu\u00e9 queremos leyes si en la pr\u00e1ctica no se llevan a cabo, para qu\u00e9 queremos una ley que diga que en caso de violaci\u00f3n se pueda acceder a un aborto y en t\u00e9rminos reales esto no pasa\u201d.<\/p>\n\n\n\n<h2 class=\"wp-block-heading\"><strong>Se van a Coahuila<\/strong><\/h2>\n\n\n\n<p class=\"wp-block-paragraph\">Ante la falta de atenci\u00f3n a la Norma 046, han tenido que ser referenciados los casos a Torre\u00f3n, Coahuila, en donde se aplica el procedimiento, a pesar de que son ciudadanas duranguenses. \u201cA nivel m\u00e9dico esto no es un procedimiento complicado, lo complicado es que se respeten todos los derechos sexuales y reproductivos de las mujeres\u201d.<\/p>\n\n\n\n<p class=\"wp-block-paragraph\">Los mandata la Alerta de Violencia de G\u00e9nero contra las Mujeres. Sus recomendaciones no se cumplen. Parte de los resolutivos de la Alerta de G\u00e9nero, establecen acciones de capacitaci\u00f3n para la efectiva aplicaci\u00f3n de la norma, con el objetivo de que las mujeres puedan acceder al derecho del aborto.<\/p>\n\n\n\n<p class=\"wp-block-paragraph\">Record\u00f3 que entre las acciones a las que se ha comprometido Durango, es el certificar y capacitar a sus m\u00e9dicos en la Norma 046 y generar un instrumento de evaluaci\u00f3n para ver qu\u00e9 es lo que est\u00e1 pasando y cu\u00e1ntos embarazos se interrumpen por motivo de una violaci\u00f3n.<\/p>\n\n\n\n<p class=\"wp-block-paragraph\">Hizo notar que 34 ni\u00f1as se embarazan en hechos de violencia sexual al d\u00eda, seg\u00fan datos del Instituto Nacional de las Mujeres, suceden en Durango.<\/p>\n","protected":false},"excerpt":{"rendered":"<p>Exigen se cumpla la Norma 046, que obliga a interrumpir un embarazo por violaci\u00f3n<\/p>\n","protected":false},"author":3,"featured_media":39659,"comment_status":"open","ping_status":"open","sticky":false,"template":"","format":"standard","meta":{"_monsterinsights_skip_tracking":false,"footnotes":""},"categories":[692,54],"tags":[149],"class_list":["post-39657","post","type-post","status-publish","format-standard","has-post-thumbnail","category-692","category-mujeres","tag-mujeres"],"_links":{"self":[{"href":"https:\/\/redsemlac.com\/semmexico\/wp-json\/wp\/v2\/posts\/39657","targetHints":{"allow":["GET"]}}],"collection":[{"href":"https:\/\/redsemlac.com\/semmexico\/wp-json\/wp\/v2\/posts"}],"about":[{"href":"https:\/\/redsemlac.com\/semmexico\/wp-json\/wp\/v2\/types\/post"}],"author":[{"embeddable":true,"href":"https:\/\/redsemlac.com\/semmexico\/wp-json\/wp\/v2\/users\/3"}],"replies":[{"embeddable":true,"href":"https:\/\/redsemlac.com\/semmexico\/wp-json\/wp\/v2\/comments?post=39657"}],"version-history":[{"count":0,"href":"https:\/\/redsemlac.com\/semmexico\/wp-json\/wp\/v2\/posts\/39657\/revisions"}],"wp:featuredmedia":[{"embeddable":true,"href":"https:\/\/redsemlac.com\/semmexico\/wp-json\/wp\/v2\/media\/39659"}],"wp:attachment":[{"href":"https:\/\/redsemlac.com\/semmexico\/wp-json\/wp\/v2\/media?parent=39657"}],"wp:term":[{"taxonomy":"category","embeddable":true,"href":"https:\/\/redsemlac.com\/semmexico\/wp-json\/wp\/v2\/categories?post=39657"},{"taxonomy":"post_tag","embeddable":true,"href":"https:\/\/redsemlac.com\/semmexico\/wp-json\/wp\/v2\/tags?post=39657"}],"curies":[{"name":"wp","href":"https:\/\/api.w.org\/{rel}","templated":true}]}}