{"id":39649,"date":"2021-09-01T15:00:00","date_gmt":"2021-09-01T21:00:00","guid":{"rendered":"https:\/\/redsemlac.com\/semmexico\/?p=39649"},"modified":"2023-07-21T17:05:59","modified_gmt":"2023-07-21T22:05:59","slug":"acusan-en-a-probable-diputado-federal-de-violacion-y-no-toma-protesta","status":"publish","type":"post","link":"https:\/\/redsemlac.com\/semmexico\/acusan-en-a-probable-diputado-federal-de-violacion-y-no-toma-protesta\/","title":{"rendered":"Acusan a probable diputado federal de violaci\u00f3n y no toma protesta"},"content":{"rendered":"\n<p class=\"wp-block-paragraph\"><strong>Redacci\u00f3n<\/strong><\/p>\n\n\n\n<p class=\"wp-block-paragraph\">SemM\u00e9xico\/ El Sol de Irapuato, Irapuato, Guanajuato 01 de Septiembre 2021.- Jorge Alberto Romero V\u00e1zquez, ex director del Instituto de la Juventud Guanajuatense y quien el pasado seis de junio gan\u00f3 la elecci\u00f3n a la diputaci\u00f3n federal por el Distrito 09, no tom\u00f3 posesi\u00f3n el domingo como legislador federal en la C\u00e1mara de Diputados por una raz\u00f3n: tiene una denuncia en su contra por el presunto delito de violaci\u00f3n y ser\u00e1 este martes por la tarde cuando sea desarrollada la audiencia de vinculaci\u00f3n a proceso<strong>.<\/strong><\/p>\n\n\n\n<p class=\"wp-block-paragraph\">Jorge Romero V\u00e1zquez es acusado de haber cometido el delito de violaci\u00f3n en contra de una joven, denuncia que qued\u00f3 radicada en la Carpeta de Investigaci\u00f3n 67275\/2021, iniciada luego de que d\u00edas pasados la v\u00edctima hizo del conocimiento de la autoridad este hecho.<\/p>\n\n\n\n<p class=\"wp-block-paragraph\">De acuerdo con la denuncia interpuesta, los hechos habr\u00edan ocurrido luego de un evento convocado por Jorge Romero para festejar su triunfo conseguido en la elecci\u00f3n en donde obtuvo la mayor\u00eda de votos que lo convert\u00edan en ese momento en diputado federal electo.<\/p>\n\n\n\n<p class=\"wp-block-paragraph\">La denuncia se\u00f1ala que Jorge Romero sali\u00f3 del lugar junto con la v\u00edctima, pues \u00e9ste se hab\u00eda ofrecido a llevarla a su casa; en el trayecto, presuntamente abus\u00f3 sexualmente de ella, seg\u00fan consta en la denuncia; en el presunto delito se se\u00f1ala tambi\u00e9n a otro hombre, quien es se\u00f1alado como supuesto c\u00f3mplice, pues fue quien vigil\u00f3 a Jorge Romero cuando supuestamente lo estaba cometiendo.<\/p>\n\n\n\n<p class=\"wp-block-paragraph\">De acuerdo con la denuncia interpuesta, los hechos habr\u00edan ocurrido luego de un evento convocado por Jorge Romero para festejar su triunfo conseguido en la elecci\u00f3n en donde obtuvo la mayor\u00eda de votos.<\/p>\n\n\n\n<h2 class=\"wp-block-heading\"><strong>Toma FGE el caso<\/strong><\/h2>\n\n\n\n<p class=\"wp-block-paragraph\">Tras ser realizada la denuncia por parte de la v\u00edctima, de inmediato \u00e9sta fue tomada por la Fiscal\u00eda General del Estado. El propio fiscal Carlos Zamarripa Aguirre conoci\u00f3 del caso que poco a poco comenz\u00f3 a correr y hacer eco en los corrillos pol\u00edticos, pero eso no merm\u00f3 la investigaci\u00f3n ni la actuaci\u00f3n de la fiscal\u00eda en la averiguaci\u00f3n en contra de Jorge Romero.<\/p>\n\n\n\n<p class=\"wp-block-paragraph\">El caso fue escalando y el propio Jorge Romero habr\u00eda confiado a algunas personas cercanas sobre el hecho.<\/p>\n\n\n\n<p class=\"wp-block-paragraph\">Pudo conocerse que Jorge Romero se present\u00f3 ante el Ministerio P\u00fablico e incluso ya fueron nombrados sus representantes legales.<\/p>\n\n\n\n<p class=\"wp-block-paragraph\">Por ello, llam\u00f3 la atenci\u00f3n que Jorge Romero no tomara posesi\u00f3n el pasado 29 de agosto como diputado federal, pues a la hora de dictar su nombre en la C\u00e1mara de Diputados, fue nombrado su suplente; el mensaje lo estaba dictando en ese momento su partido, el PAN: no habr\u00eda protecci\u00f3n en contra de Jorge Romero y el movimiento fue realizado para que no tomara posesi\u00f3n y enfrentara la acusaci\u00f3n en su contra.<\/p>\n\n\n\n<h2 class=\"wp-block-heading\"><strong>Habr\u00eda otro caso similar<\/strong><\/h2>\n\n\n\n<p class=\"wp-block-paragraph\">Luego de conocerse esta denuncia y que se desahogar\u00e1 en la audiencia de vinculaci\u00f3n a proceso de este martes por la tarde, pudo conocerse que hay otra carpeta de investigaci\u00f3n en contra de Jorge Romero, pues presuntamente habr\u00eda cometido el mismo delito en contra de otra joven y casi con el mismo modo de operar.<\/p>\n\n\n\n<p class=\"wp-block-paragraph\">No se descarta que pudieran surgir otras denuncias en contra de Jorge Romero V\u00e1zquez, quien por lo pronto la tarde del martes tendr\u00e1 que acudir a la audiencia de vinculaci\u00f3n a proceso que ser\u00e1 desarrollada y en donde de haber elementos para su vinculaci\u00f3n, quedar\u00eda en prisi\u00f3n preventiva mientras dure el proceso de investigaci\u00f3n.<\/p>\n\n\n\n<p class=\"wp-block-paragraph\">Cabe destacar que el delito de violaci\u00f3n en Guanajuato no alcanza fianza y puede alcanzar una sentencia de entre 8 y 15 a\u00f1os de prisi\u00f3n.<\/p>\n","protected":false},"excerpt":{"rendered":"<p>Jorge Alberto Romero V\u00e1zquez, ex director del Instituto de la Juventud Guanajuatense y quien el pasado seis de junio gan\u00f3 la elecci\u00f3n a la diputaci\u00f3n federal por el Distrito 09, no tom\u00f3 posesi\u00f3n el domingo como legislador federal en la C\u00e1mara de Diputados<\/p>\n","protected":false},"author":3,"featured_media":39650,"comment_status":"open","ping_status":"open","sticky":false,"template":"","format":"standard","meta":{"_monsterinsights_skip_tracking":false,"footnotes":""},"categories":[692,47],"tags":[],"class_list":["post-39649","post","type-post","status-publish","format-standard","has-post-thumbnail","category-692","category-no-mas-impunidad"],"_links":{"self":[{"href":"https:\/\/redsemlac.com\/semmexico\/wp-json\/wp\/v2\/posts\/39649","targetHints":{"allow":["GET"]}}],"collection":[{"href":"https:\/\/redsemlac.com\/semmexico\/wp-json\/wp\/v2\/posts"}],"about":[{"href":"https:\/\/redsemlac.com\/semmexico\/wp-json\/wp\/v2\/types\/post"}],"author":[{"embeddable":true,"href":"https:\/\/redsemlac.com\/semmexico\/wp-json\/wp\/v2\/users\/3"}],"replies":[{"embeddable":true,"href":"https:\/\/redsemlac.com\/semmexico\/wp-json\/wp\/v2\/comments?post=39649"}],"version-history":[{"count":0,"href":"https:\/\/redsemlac.com\/semmexico\/wp-json\/wp\/v2\/posts\/39649\/revisions"}],"wp:featuredmedia":[{"embeddable":true,"href":"https:\/\/redsemlac.com\/semmexico\/wp-json\/wp\/v2\/media\/39650"}],"wp:attachment":[{"href":"https:\/\/redsemlac.com\/semmexico\/wp-json\/wp\/v2\/media?parent=39649"}],"wp:term":[{"taxonomy":"category","embeddable":true,"href":"https:\/\/redsemlac.com\/semmexico\/wp-json\/wp\/v2\/categories?post=39649"},{"taxonomy":"post_tag","embeddable":true,"href":"https:\/\/redsemlac.com\/semmexico\/wp-json\/wp\/v2\/tags?post=39649"}],"curies":[{"name":"wp","href":"https:\/\/api.w.org\/{rel}","templated":true}]}}