{"id":39644,"date":"2021-09-01T14:30:00","date_gmt":"2021-09-01T20:30:00","guid":{"rendered":"https:\/\/redsemlac.com\/semmexico\/?p=39644"},"modified":"2023-07-21T17:05:59","modified_gmt":"2023-07-21T22:05:59","slug":"juridica-politica-y-cultural-promover-la-denuncia-de-la-violencia-politica-contra-las-mujeres-ine","status":"publish","type":"post","link":"https:\/\/redsemlac.com\/semmexico\/juridica-politica-y-cultural-promover-la-denuncia-de-la-violencia-politica-contra-las-mujeres-ine\/","title":{"rendered":"Jur\u00eddica, pol\u00edtica y cultural promover la denuncia de la violencia pol\u00edtica contra las mujeres: INE"},"content":{"rendered":"\n<ul class=\"wp-block-list\"><li><strong>La violencia pol\u00edtica contra las mujeres puede ser directa y mortal o sutil y denigratoria, Mar\u00eda del Mar Trejo<\/strong><\/li><li><strong>Claridad del proceso vital, promover la cultura de la denuncia y ver su dimensi\u00f3n<\/strong><\/li><\/ul>\n\n\n\n<p class=\"wp-block-paragraph\"><strong>Elda Montiel<\/strong><\/p>\n\n\n\n<p class=\"wp-block-paragraph\">SemM\u00e9xico, Cd. de M\u00e9xico, 1\u00ba. de septiembre, 2021.- En la medida en que se ha incrementado las medidas y las oportunidades para maximizar la participaci\u00f3n pol\u00edtica de las mujeres, tambi\u00e9n se ha venido incrementando la violencia pol\u00edtica en contra de ellas afirmo el doctor Lorenzo C\u00f3rdova, presidente del Instituto Nacional Electoral.<\/p>\n\n\n\n<p class=\"wp-block-paragraph\">Agreg\u00f3 que esta batalla no solo es jur\u00eddica y pol\u00edtica, sino que tiene una dimensi\u00f3n cultural y es un delicado reto que tenemos que enfrentar como sociedad y como democracia que aspira a consolidarse y convertirse en un aut\u00e9ntico estado de derecho.<\/p>\n\n\n\n<p class=\"wp-block-paragraph\">Durante la firma del \u201cConvenio de colaboraci\u00f3n para prevenir y promover la cultura de la denuncia en materia de violencia pol\u00edtica contra las mujeres en raz\u00f3n de g\u00e9nero\u201d.<\/p>\n\n\n\n<p class=\"wp-block-paragraph\">Mar\u00eda del Mar Trejo P\u00e9rez, p<strong>residenta de la Asociaci\u00f3n Mexicana de Consejeras Estatales Electorales (AMCEE), dijo que<\/strong> la violencia pol\u00edtica inhibe la participaci\u00f3n de las mujeres en los asuntos p\u00fablicos, y que adopta diversas modalidades, puede ser directa y mortal, pero tambi\u00e9n podemos hablar de que sea sutil y denigratoria de la dignidad.<\/p>\n\n\n\n<p class=\"wp-block-paragraph\"><strong>Inform\u00f3 que dieron<\/strong><strong> <\/strong>acompa\u00f1amiento y seguimiento a 448 casos de violencia pol\u00edtica contra las mujeres, que parecen pocos en cuanto a los que salieron en los medios de comunicaci\u00f3n, pero el 80 por ciento de estos casos no fueron denunciados ante la autoridad, lo cual habla de esta necesidad de la cultura de la denuncia.<\/p>\n\n\n\n<p class=\"wp-block-paragraph\"><strong>La consejera electoral del INE, Carla Astrid Humphrey Jord\u00e1n d<\/strong>emando procedimientos sancionadores efectivos y expeditos que resulten id\u00f3neos para inhibir y sancionar conductas que constituyan violencia pol\u00edtica a fin de reparar el da\u00f1o dentro de proceso electoral y as\u00ed evitar sus efectos perniciosos.&nbsp;<\/p>\n\n\n\n<p class=\"wp-block-paragraph\">Abund\u00f3, solo de esta forma ser\u00e1 posible garantizar elecciones con el pleno respeto a los derechos pol\u00edticos y electorales de las mujeres con una garant\u00eda de plena libertad y adem\u00e1s en el ejercicio de estos derechos en contextos libres de violencia. En nuestras manos est\u00e1 hacer hoy esta diferencia.<\/p>\n\n\n\n<p class=\"wp-block-paragraph\"><strong>\u201c<\/strong>No podemos permitir que quien cometa actos de violencia pol\u00edtica de g\u00e9nero llegue a ser candidato o candidata a ning\u00fan cargo de elecci\u00f3n popular, ni mucho menos que ocupe este cargo porque implicar\u00eda perpetrar la impunidad\u201d, dijo.<\/p>\n\n\n\n<p class=\"wp-block-paragraph\">La reforma en materia de violencia pol\u00edtica contra las mujeres del a\u00f1o pasado fue puesta a prueba en las pasadas elecciones, las m\u00e1s grandes de la historia democr\u00e1tica de nuestro pa\u00eds. Si bien constituyen un gran paso, su efectividad fue puesta a prueba, sobre todo en aspectos como los supuestos de la 3 de 3 contra la violencia.&nbsp;<\/p>\n\n\n\n<p class=\"wp-block-paragraph\">Consider\u00f3 que el proceso electoral es una maquinaria que una vez que se ha echado a andar no se detiene, por lo que cuando existen o existan desv\u00edos o irregularidades el remedio debe ser expedito, pues de otra forma se consuma de manera irreparable.<\/p>\n\n\n\n<p class=\"wp-block-paragraph\"><strong>C\u00e9sar Lorenzo Wong Meraz, presidente de la Asociaci\u00f3n de Tribunales Electorales de la Rep\u00fablica Mexicana, afirmo que<\/strong><strong> <\/strong><strong>a<\/strong>quellos sujetos o instituciones a los cuales se les demuestre que cometieron acto de violencia en contra de la mujer por su condici\u00f3n de ser mujer, deben ser sancionados, ya sea de manera administrativa, electoral o penal.<\/p>\n\n\n\n<p class=\"wp-block-paragraph\">Debemos de dar el mensaje a la ciudadan\u00eda para que est\u00e9 informada sobre los actos y omisiones que puede conllevar una infracci\u00f3n y es importante que se sepa que no vamos a permitir m\u00e1s violencia en contra de las mujeres.<\/p>\n\n\n\n<p class=\"wp-block-paragraph\"><strong>Gilberto de Hoyos Koloffon, presidente de la Asociaci\u00f3n Mexicana de Fiscales Electorales, dijo que es un gran reto<\/strong> para las instituciones, pero en especial para las fiscal\u00edas electorales, brindar la confianza y sobre todo la certeza jur\u00eddica y seguridad a las mujeres para que denuncien.<\/p>\n\n\n\n<p class=\"wp-block-paragraph\">No hay que olvidar que existen varios factores que menoscaban la presentaci\u00f3n de una denuncia por parte de las mujeres; la revictimizaci\u00f3n; el desconocimiento y lo tortuoso de la v\u00eda; el linchamiento social, pol\u00edtico, medi\u00e1tico, la dificultad de probar los hechos y sin olvidar adem\u00e1s la impunidad y la corrupci\u00f3n, no motivan ni se entierran las mujeres violentadas a denunciar.<\/p>\n\n\n\n<p class=\"wp-block-paragraph\">Hizo un reconocimiento post mortem a una nuevoleonesa ilustre que encabez\u00f3 por muchos a\u00f1os la lucha pol\u00edtica de las mujeres que vemos de manera tangible en todo el pa\u00eds y ella es Mar\u00eda Elena Chapa Hern\u00e1ndez.<\/p>\n\n\n\n<p class=\"wp-block-paragraph\"><strong>Oswaldo Chac\u00f3n Rojas, presidente de Instituciones Electorales de las Entidades Federativas,<\/strong><strong>&nbsp;<\/strong>dijo que a las OPLES del pa\u00eds les ha temblado la mano para desahogar procedimientos sancionadores cuando ha habido elementos contra sujetos violentadores, sean del partido pol\u00edtico que sea.<\/p>\n\n\n\n<p class=\"wp-block-paragraph\">Insisti\u00f3 en hacer valer la necesidad del Federalismo Institucional Electoral que no solamente obedece pues a una exigencia te\u00f3rica, doctrinal ni siquiera solamente constitucional, sino tambi\u00e9n obedece a matices pr\u00e1cticos que lo vuelve necesario.<\/p>\n\n\n\n<p class=\"wp-block-paragraph\">Dijeron que \u201clos institutos electorales que estamos aqu\u00ed representados, la Unidad de Inteligencia Financiera, los fiscales y las asociaciones civiles firmamos un convenio en donde nos comprometemos a unir esfuerzos para prevenir y promover la cultura de la denuncia en materia de violencia pol\u00edtica contra las mujeres en raz\u00f3n de g\u00e9nero\u201d.<strong><\/strong><\/p>\n\n\n\n<p class=\"wp-block-paragraph\">El convenio lo suscriben el Instituto Nacional Electora (INE), la Unidad de Inteligencia Financiera (UIF) de la Secretar\u00eda de Hacienda y Cr\u00e9dito P\u00fablico, la Asociaci\u00f3n de Tribunales Electorales de la Rep\u00fablica Mexicana, la Asociaci\u00f3n Mexicana de Fiscales Electorales (AMFE), la Asociaci\u00f3n de Instituciones Electorales de las Entidades Federativas y la Asociaci\u00f3n Mexicana de Consejeras Estatales Electorales (AMCEE).<\/p>\n","protected":false},"excerpt":{"rendered":"<p>La violencia pol\u00edtica contra las mujeres puede ser directa y mortal o sutil y denigratoria, Mar\u00eda del Mar Trejo<\/p>\n","protected":false},"author":3,"featured_media":39645,"comment_status":"open","ping_status":"open","sticky":false,"template":"","format":"standard","meta":{"_monsterinsights_skip_tracking":false,"footnotes":""},"categories":[692,51],"tags":[231,142],"class_list":["post-39644","post","type-post","status-publish","format-standard","has-post-thumbnail","category-692","category-ejecutivo","tag-ine","tag-violencia"],"_links":{"self":[{"href":"https:\/\/redsemlac.com\/semmexico\/wp-json\/wp\/v2\/posts\/39644","targetHints":{"allow":["GET"]}}],"collection":[{"href":"https:\/\/redsemlac.com\/semmexico\/wp-json\/wp\/v2\/posts"}],"about":[{"href":"https:\/\/redsemlac.com\/semmexico\/wp-json\/wp\/v2\/types\/post"}],"author":[{"embeddable":true,"href":"https:\/\/redsemlac.com\/semmexico\/wp-json\/wp\/v2\/users\/3"}],"replies":[{"embeddable":true,"href":"https:\/\/redsemlac.com\/semmexico\/wp-json\/wp\/v2\/comments?post=39644"}],"version-history":[{"count":0,"href":"https:\/\/redsemlac.com\/semmexico\/wp-json\/wp\/v2\/posts\/39644\/revisions"}],"wp:featuredmedia":[{"embeddable":true,"href":"https:\/\/redsemlac.com\/semmexico\/wp-json\/wp\/v2\/media\/39645"}],"wp:attachment":[{"href":"https:\/\/redsemlac.com\/semmexico\/wp-json\/wp\/v2\/media?parent=39644"}],"wp:term":[{"taxonomy":"category","embeddable":true,"href":"https:\/\/redsemlac.com\/semmexico\/wp-json\/wp\/v2\/categories?post=39644"},{"taxonomy":"post_tag","embeddable":true,"href":"https:\/\/redsemlac.com\/semmexico\/wp-json\/wp\/v2\/tags?post=39644"}],"curies":[{"name":"wp","href":"https:\/\/api.w.org\/{rel}","templated":true}]}}