{"id":39519,"date":"2021-08-28T13:24:00","date_gmt":"2021-08-28T19:24:00","guid":{"rendered":"https:\/\/redsemlac.com\/semmexico\/?p=39519"},"modified":"2023-07-21T17:06:03","modified_gmt":"2023-07-21T22:06:03","slug":"disco-duro-deporte-y-violencia-misogina","status":"publish","type":"post","link":"https:\/\/redsemlac.com\/semmexico\/disco-duro-deporte-y-violencia-misogina\/","title":{"rendered":"Disco duro | Deporte y violencia mis\u00f3gina"},"content":{"rendered":"\n<p class=\"wp-block-paragraph\"><strong>Alejandro Jim\u00e9nez <\/strong><\/p>\n\n\n\n<p class=\"wp-block-paragraph\">SemM\u00e9xico\/El Sol de M\u00e9xico. Cd. de M\u00e9xico. 28 de agosto 2021.- Esta semana hubo controversia en el periodismo deportivo impreso.\u00a0El lunes pasado, las portadas de la mayor\u00eda de los medios deportivos destacaron el triunfo del Am\u00e9rica sobre los Xolos de Tijuana por dos goles a cero, uno de los cuales fue conseguido por Renato Ibarra, quien regresaba al cuadro azulcrema despu\u00e9s de tener problemas con la ley por golpear a su esposa embarazada y pasar seis meses exiliado en el Atlas.<\/p>\n\n\n\n<p class=\"wp-block-paragraph\">Los titulares reconoc\u00edan su calidad de agresor, o \u00abpresunto\u00bb agresor, otros dijeron que ya da \u00abgolpes de autoridad\u00bb, o chabacanamente lo declararon \u00abViolento goleador\u00bb.&nbsp;<strong>Cabezas juguetonas, suelen decir los editores<\/strong>&nbsp;.&nbsp;Lo importante fue su gol, su haza\u00f1a en la cancha.&nbsp;Lo dem\u00e1s queda, seg\u00fan ellos, en lo extra deportivo, en un asunto de su vida privada.<\/p>\n\n\n\n<p class=\"wp-block-paragraph\">El problema es que&nbsp;<strong>la sociedad va ya mucho m\u00e1s adelante que eso<\/strong>&nbsp;.&nbsp;De inmediato hubo reacciones de grupos feministas y de otros periodistas repudiando el que se le exaltara pese a su antecedente, pues ya no es posible disociar un tema del otro.<\/p>\n\n\n\n<p class=\"wp-block-paragraph\">Salvo honrosas excepciones, como Daniel Brailovsky, en Fox Sport, los comentaristas de radio y televisi\u00f3n defendieron al jugador.&nbsp;En las redacciones de los diarios deportivos hubo tensi\u00f3n, desconcierto y rega\u00f1os por lo que se hizo hecho: ensalzar a un violentador.&nbsp;Algo que&nbsp;<strong>en el pasado hubiera pasado desapercibido<\/strong>&nbsp;, pero no en nuestros d\u00edas.<\/p>\n\n\n\n<p class=\"wp-block-paragraph\">El mi\u00e9rcoles&nbsp;<a href=\"https:\/\/www.esto.com.mx\/columnas\/somos-versus\/\"><u>el diario ESTO public\u00f3<\/u><\/a>&nbsp;un art\u00edculo firmado por&nbsp;<strong>Silvana Leiva, del colectivo&nbsp;<\/strong><a href=\"https:\/\/www.versus.mx\/\"><strong><u>Somos Versus<\/u><\/strong><\/a>&nbsp;, (@SomosVersus) que coordina con perspectiva de g\u00e9nero la periodista Marion Reimers, donde se repudiaba el actuar de los peri\u00f3dicos deportivos.<\/p>\n\n\n\n<p class=\"wp-block-paragraph\">\u201cPor esta raz\u00f3n, desde Somos Versus condenamos estas publicaciones, se\u00f1alamos a los medios responsables y hacemos un llamado a la reflexi\u00f3n general, a revisar la \u00e9tica period\u00edstica que deber\u00eda guiar este oficio.&nbsp;La violencia de g\u00e9nero es uno de los problemas m\u00e1s lamentables de nuestra sociedad hoy, y es un tema invisible en las agendas de los medios deportivos, enfocados en retratar aquello que vende sin medir las consecuencias sociales de su representaci\u00f3n.&nbsp;(\u2026) Espectacularizar y \/ o lucrar con la violencia machista es convertirse en c\u00f3mplice de ella.&nbsp;Los medios nunca fueron ni ser\u00e1n neutrales a los problemas de nuestra sociedad\u2026 \u201d<\/p>\n\n\n\n<p class=\"wp-block-paragraph\">David Faitelson tambi\u00e9n hab\u00eda publicado un d\u00eda antes un texto en el suplemento Cancha, de Reforma diciendo: \u201cUno nunca sabe lo que se va a encontrar en una tribuna de futbol, \u200b\u200bpero nadie espera que un grupo de aficionados \u2013incluyendo mujeres \u2014 aplauda el regreso a la cancha de un futbolista que fue acusado de golpear a una mujer embarazada \u201d.<\/p>\n\n\n\n<p class=\"wp-block-paragraph\">Ang\u00e9lica de la Pe\u00f1a&nbsp;<a href=\"https:\/\/twitter.com\/angelicadelap\"><u>(@angelicadelap<\/u><\/a>&nbsp;) tambi\u00e9n public\u00f3&nbsp;<a href=\"https:\/\/www.elsoldemexico.com.mx\/analisis\/el-regreso-de-renato-ibarra-un-asunto-delicado-7132306.html\"><u>un art\u00edculo en esta casa editorial<\/u><\/a>&nbsp;el jueves pasado, destacando lo delicado del asunto.<\/p>\n\n\n\n<p class=\"wp-block-paragraph\">\u201cEs muy lamentable que en el deporte no se entienda que los atletas son ejemplo para la sociedad, en particular para las y los ni\u00f1os y j\u00f3venes.&nbsp;Un Club atiende la magnitud del hecho y decide tomar medidas \u201cdefinitivas\u201d, anuncia su compromiso para prevenir todo tipo de violencia contra las mujeres, dice trabajar\u00e1 para erradicar ese comportamiento de sus futbolistas y luego se olvida de su compromiso a partir de sus intereses econ\u00f3micos derivados de la competencia futbolera: Renato Ibarra vuelve porque \u201crequiere\u201d un mediocampista y se disculpan se\u00f1alando que eso ya qued\u00f3 resuelto entre la pareja, a\u00fan cuando no hay ninguna constancia de que la conducta mis\u00f3gina del jugador haya sido superada.&nbsp;(\u2026) Lo m\u00e1s incre\u00edble es que su regreso se de con v\u00edtores por parte de la afici\u00f3n americanista \u201d.<\/p>\n\n\n\n<p class=\"wp-block-paragraph\">Hay quienes dicen que&nbsp;<strong>se est\u00e1 estigmatizando al jugador<\/strong>&nbsp;, que nunca fue juzgado (porque lleg\u00f3 a un arreglo econ\u00f3mico con quien, asegur\u00f3, nunca golpe\u00f3), que un minuto de mal juicio no puede empa\u00f1ar una carrera deportiva, que ya tom\u00f3 en Jalisco un curso contra la violencia de g\u00e9nero.<\/p>\n\n\n\n<p class=\"wp-block-paragraph\">Sin embargo, ese \u201cmal minuto\u201d debe servir de ejemplo a la sociedad de lo que ya no debe pasar en nuestros hogares:&nbsp;<strong>la violencia intrafamiliar debe ser erradicada y los medios tenemos la obligaci\u00f3n de no fomentarla<\/strong>&nbsp;, ni mandar el mensaje que eso es cosa \u201cPrivada\u201d.<\/p>\n\n\n\n<p class=\"wp-block-paragraph\">Una mala persona lo sigue siendo a pesar de ser un buen jugador o excelente figura en su disciplina o \u00e1mbito.<\/p>\n\n\n\n<p class=\"wp-block-paragraph\"><strong>En el USB\u2026<\/strong><\/p>\n\n\n\n<p class=\"wp-block-paragraph\">Por una lesi\u00f3n, el&nbsp;<a href=\"https:\/\/www.esto.com.mx\/556407-renato-ibarra-se-pierde-el-resto-del-grita-mexico-a21\/\"><u>Am\u00e9rica anunci\u00f3<\/u><\/a>&nbsp;que Ibarra ya no jugar\u00e1 el resto de la temporada, en lo que parece ser m\u00e1s un&nbsp;<strong>control de da\u00f1os<\/strong>&nbsp;que un tema muscular\u2026<\/p>\n","protected":false},"excerpt":{"rendered":"<p>Una mala persona lo sigue siendo a pesar de ser un buen jugador o excelente figura en su disciplina o \u00e1mbito.<\/p>\n","protected":false},"author":3,"featured_media":39520,"comment_status":"open","ping_status":"open","sticky":false,"template":"","format":"standard","meta":{"_monsterinsights_skip_tracking":false,"footnotes":""},"categories":[692,110,35],"tags":[459],"class_list":["post-39519","post","type-post","status-publish","format-standard","has-post-thumbnail","category-692","category-la-opinion-columnas","category-opinion","tag-opinion"],"_links":{"self":[{"href":"https:\/\/redsemlac.com\/semmexico\/wp-json\/wp\/v2\/posts\/39519","targetHints":{"allow":["GET"]}}],"collection":[{"href":"https:\/\/redsemlac.com\/semmexico\/wp-json\/wp\/v2\/posts"}],"about":[{"href":"https:\/\/redsemlac.com\/semmexico\/wp-json\/wp\/v2\/types\/post"}],"author":[{"embeddable":true,"href":"https:\/\/redsemlac.com\/semmexico\/wp-json\/wp\/v2\/users\/3"}],"replies":[{"embeddable":true,"href":"https:\/\/redsemlac.com\/semmexico\/wp-json\/wp\/v2\/comments?post=39519"}],"version-history":[{"count":0,"href":"https:\/\/redsemlac.com\/semmexico\/wp-json\/wp\/v2\/posts\/39519\/revisions"}],"wp:featuredmedia":[{"embeddable":true,"href":"https:\/\/redsemlac.com\/semmexico\/wp-json\/wp\/v2\/media\/39520"}],"wp:attachment":[{"href":"https:\/\/redsemlac.com\/semmexico\/wp-json\/wp\/v2\/media?parent=39519"}],"wp:term":[{"taxonomy":"category","embeddable":true,"href":"https:\/\/redsemlac.com\/semmexico\/wp-json\/wp\/v2\/categories?post=39519"},{"taxonomy":"post_tag","embeddable":true,"href":"https:\/\/redsemlac.com\/semmexico\/wp-json\/wp\/v2\/tags?post=39519"}],"curies":[{"name":"wp","href":"https:\/\/api.w.org\/{rel}","templated":true}]}}