{"id":39514,"date":"2021-08-27T15:46:39","date_gmt":"2021-08-27T21:46:39","guid":{"rendered":"https:\/\/redsemlac.com\/semmexico\/?p=39514"},"modified":"2023-07-21T17:06:03","modified_gmt":"2023-07-21T22:06:03","slug":"se-intensifica-busqueda-del-presunto-autor-intelectual-de-agresion-contra-saxofonista-maria-elena-rios","status":"publish","type":"post","link":"https:\/\/redsemlac.com\/semmexico\/se-intensifica-busqueda-del-presunto-autor-intelectual-de-agresion-contra-saxofonista-maria-elena-rios\/","title":{"rendered":"Se intensifica b\u00fasqueda del presunto autor intelectual de agresi\u00f3n contra saxofonista Mar\u00eda Elena R\u00edos"},"content":{"rendered":"\n<p class=\"wp-block-paragraph\"><strong>Patricia Brise\u00f1o<\/strong><\/p>\n\n\n\n<p class=\"wp-block-paragraph\">SemM\u00e9xico. OAXACA, Oax., 27 de agosto 2021.- &nbsp;La Fiscal\u00eda General del Estado de Oaxaca (FGE) contin\u00faa la b\u00fasqueda a Juan Antonio Vera Hern\u00e1ndez, El Junior, hijo del ex legislador priista y&nbsp; gasolinero, Juan Vera Carrizal, uno de los presuntos autores intelectuales del ataque con \u00e1cido a la saxofonista, Mar\u00eda Elena R\u00edos Ortiz.<\/p>\n\n\n\n<p class=\"wp-block-paragraph\">A unos d\u00edas de cumplirse&nbsp; dos a\u00f1os del intento de feminicidio a la ejecutante, ocurrido el 9 de septiembre de 2019, en el municipio de Huajuapan de Le\u00f3n, en la regi\u00f3n Mixteca, la instituci\u00f3n tiene abierta la ficha de b\u00fasqueda para localizar al autor intelectual del ataque y ofrece una recompensa de hasta un mill\u00f3n de pesos por informaci\u00f3n ver\u00eddica que conduzca a su paradero y facilite su captura.<\/p>\n\n\n\n<p class=\"wp-block-paragraph\">De acuerdo con las periciales y versi\u00f3n de la v\u00edctima, Vera Hern\u00e1ndez, por \u00f3rdenes de su padre, Juan Antonio Vera Carrizal, hoy procesado e interno en el penal varonil de San Francisco Tanivet, contrat\u00f3 a dos trabajadores de la construcci\u00f3n&nbsp; que ejecutaron el ataque dentro del domicilio de la v\u00edctima.<\/p>\n\n\n\n<p class=\"wp-block-paragraph\">La FGE pidi\u00f3 ayuda&nbsp; en la b\u00fasqueda por lo que coloc\u00f3 ocho anuncios espectaculares con la foto del sujeto pr\u00f3fugo en los cruceros de la ciudad&nbsp; y entronques carreteros de la zona metropolitana de Oaxaca.<\/p>\n\n\n\n<p class=\"wp-block-paragraph\">Los anuncios han sido colocados sobre la carretera 175, Oaxaca-Puerto Escondido; carretera 190, Crist\u00f3bal Col\u00f3n, adem\u00e1s, en el crucero H\u00e9roes de Chapultepec y boulevard Eduardo Vasconcelos, entre otros puntos.<\/p>\n\n\n\n<p class=\"wp-block-paragraph\">El tel\u00e9fono donde se puede proporcionar informaci\u00f3n es de la Fiscal\u00eda, as\u00ed como los d\u00edgitos 089 de denuncia an\u00f3nima.<\/p>\n\n\n\n<p class=\"wp-block-paragraph\">La saxofonista mantiene en sus redes sociales la&nbsp; campa\u00f1a #ElJuniorSigueLibre, en demanda de justicia a dos a\u00f1os del atentado, tambi\u00e9n evidencia que se cumpli\u00f3 m\u00e1s de un a\u00f1o de que fue librada la orden de aprehensi\u00f3n en contra de Vera Hern\u00e1ndez como copart\u00edcipe, pero que el ex fiscal, Rub\u00e9n Vasconcelos M\u00e9ndez, no quiso ejecutar.<\/p>\n\n\n\n<p class=\"wp-block-paragraph\">Mientras familia y amistades de los presuntos autores intelectuales del ataque realizaron este jueves una manifestaci\u00f3n en apoyo y para denunciar supuestos actos de hostigamiento y violaci\u00f3n a sus derechos de parte de la Fiscal\u00eda.<\/p>\n\n\n\n<p class=\"wp-block-paragraph\">El grupo conformado por mujeres&nbsp; se concentr\u00f3 en el atrio del templo de Santo Domingo de Guzm\u00e1n, en el centro hist\u00f3rico, donde demand\u00f3 la salida del fiscal, Arturo Peimbert Calvo por violentar los derechos de la familia Vera Hern\u00e1ndez.<\/p>\n","protected":false},"excerpt":{"rendered":"<p>La Fiscal\u00eda General del Estado de Oaxaca (FGE) contin\u00faa la b\u00fasqueda a Juan Antonio Vera Hern\u00e1ndez, El Junior, hijo del ex legislador priista y\u00a0 gasolinero, Juan Vera Carrizal<\/p>\n","protected":false},"author":3,"featured_media":39515,"comment_status":"open","ping_status":"open","sticky":false,"template":"","format":"standard","meta":{"_monsterinsights_skip_tracking":false,"footnotes":""},"categories":[692,47,48],"tags":[142],"class_list":["post-39514","post","type-post","status-publish","format-standard","has-post-thumbnail","category-692","category-no-mas-impunidad","category-no-mas-impunidad-no-mas-impunidad","tag-violencia"],"_links":{"self":[{"href":"https:\/\/redsemlac.com\/semmexico\/wp-json\/wp\/v2\/posts\/39514","targetHints":{"allow":["GET"]}}],"collection":[{"href":"https:\/\/redsemlac.com\/semmexico\/wp-json\/wp\/v2\/posts"}],"about":[{"href":"https:\/\/redsemlac.com\/semmexico\/wp-json\/wp\/v2\/types\/post"}],"author":[{"embeddable":true,"href":"https:\/\/redsemlac.com\/semmexico\/wp-json\/wp\/v2\/users\/3"}],"replies":[{"embeddable":true,"href":"https:\/\/redsemlac.com\/semmexico\/wp-json\/wp\/v2\/comments?post=39514"}],"version-history":[{"count":0,"href":"https:\/\/redsemlac.com\/semmexico\/wp-json\/wp\/v2\/posts\/39514\/revisions"}],"wp:featuredmedia":[{"embeddable":true,"href":"https:\/\/redsemlac.com\/semmexico\/wp-json\/wp\/v2\/media\/39515"}],"wp:attachment":[{"href":"https:\/\/redsemlac.com\/semmexico\/wp-json\/wp\/v2\/media?parent=39514"}],"wp:term":[{"taxonomy":"category","embeddable":true,"href":"https:\/\/redsemlac.com\/semmexico\/wp-json\/wp\/v2\/categories?post=39514"},{"taxonomy":"post_tag","embeddable":true,"href":"https:\/\/redsemlac.com\/semmexico\/wp-json\/wp\/v2\/tags?post=39514"}],"curies":[{"name":"wp","href":"https:\/\/api.w.org\/{rel}","templated":true}]}}