{"id":39493,"date":"2021-08-27T13:58:35","date_gmt":"2021-08-27T19:58:35","guid":{"rendered":"https:\/\/redsemlac.com\/semmexico\/?p=39493"},"modified":"2023-07-21T17:06:03","modified_gmt":"2023-07-21T22:06:03","slug":"el-nombre-de-las-mujeres-de-la-lxiv-legislatura-de-la-paridad-inscritas-en-san-lazaro","status":"publish","type":"post","link":"https:\/\/redsemlac.com\/semmexico\/el-nombre-de-las-mujeres-de-la-lxiv-legislatura-de-la-paridad-inscritas-en-san-lazaro\/","title":{"rendered":"El nombre de las mujeres de la LXIV Legislatura de la Paridad inscritas en San L\u00e1zaro"},"content":{"rendered":"\n<ul class=\"wp-block-list\"><li><strong>Se rebautiza el libro blanco, es el libro violeta<\/strong><\/li><li><strong>Este primero de septiembre 248 nuevas diputadas para seguir la ruta<\/strong><\/li><\/ul>\n\n\n\n<p class=\"wp-block-paragraph\"><strong>Micaela M\u00e1rquez<\/strong><\/p>\n\n\n\n<p class=\"wp-block-paragraph\">SemM\u00e9xico, Cd. de M\u00e9xico, 27 de agosto 2019.- En el Palacio Legislativo de San L\u00e1zaro se develo la placa de la LXIV Legislatura de la Paridad 2018-2021 afuera del \u201cAuditorio Aurora Jim\u00e9nez de Palacios\u201d que contiene los nombres de las 241 diputadas que la integraron.<\/p>\n\n\n\n<p class=\"wp-block-paragraph\">El Libro Blanco de la Legislatura fue rebautizado como Libro Violeta en donde se narran puntualmente las acciones materia de paridad y de igualdad sustantiva.<\/p>\n\n\n\n<p class=\"wp-block-paragraph\">La presidenta de la Mesa Directiva de la C\u00e1mara de Diputados, Dulce Mar\u00eda Sauri Riancho, y el presidente de la Junta de Coordinaci\u00f3n Pol\u00edtica, Ignacio Mier Velazco, develaron la placa alusiva acompa\u00f1ados de los ex presidentes de la Mesa Directiva, el diputado Porfirio Mu\u00f1oz Ledo y la diputada Laura Ang\u00e9lica Rojas Hern\u00e1ndez.<\/p>\n\n\n\n<p class=\"wp-block-paragraph\">La diputada Sauri expres\u00f3 que \u201cno son s\u00f3lo nombres, no son s\u00f3lo personas que recibieron un importante encargo del pueblo de M\u00e9xico para representarlo, son mujeres de todos los grupos parlamentarios que trabajaron incansablemente\u201d.<\/p>\n\n\n\n<p class=\"wp-block-paragraph\">Precis\u00f3 que entre las 241 diputadas est\u00e1n las presidentas de 20 de las 46 comisiones ordinarias, como la de Puntos Constitucionales, de Gobernaci\u00f3n, de Hacienda, de Seguridad, de Seguridad Social, de Educaci\u00f3n y de Salud, entre otras, quienes no solamente vieron por los derechos de las mujeres, sino tambi\u00e9n por \u201cel derecho de que tiene cualquier persona a vivir plenamente su vida, sin que haya obst\u00e1culo alguno de ninguna materia\u201d.<\/p>\n\n\n\n<p class=\"wp-block-paragraph\">Detall\u00f3 que los temas de las mujeres ya no son aquellos que tradicionalmente se les asignaba cuando aquellas pioneras encabezadas por Aurora Jim\u00e9nez entraron por primera vez a la C\u00e1mara de Diputados en Donceles.<\/p>\n\n\n\n<p class=\"wp-block-paragraph\">Indic\u00f3 que ellas mostraron en los hechos que los temas de las mujeres no son los que tradicionalmente se asignaban, \u201ccuando aquellas pioneras encabezadas por Aurora Jim\u00e9nez, entraron por vez primera a la C\u00e1mara de Diputados de Donceles\u201d: o que vencieron los estereotipos de que una mujer no puede conducir los trabajos legislativos en una Comisi\u00f3n de Hacienda, particularmente compleja, en una pluralidad como la de esta Legislatura.<\/p>\n\n\n\n<p class=\"wp-block-paragraph\">Invit\u00f3 a revisar con atenci\u00f3n y cuidado este documento que sintetiza el trabajo de todas y de todos, porque se logr\u00f3 que los votos de la mayor\u00eda fueran a los asuntos prioritarios para garantizar los derechos de las mujeres.<\/p>\n\n\n\n<p class=\"wp-block-paragraph\">La legisladora Sauri expres\u00f3 que queda mucho tramo por avanzar, pero esta LXV Legislatura que inicia el 1 de septiembre tiene con qu\u00e9 hacerlo pues la conformar\u00e1n 248 mujeres, y 69 de ellas ser\u00e1n de la actual Legislatura.<\/p>\n\n\n\n<p class=\"wp-block-paragraph\">Especial menci\u00f3n recibi\u00f3 la diputada Laura Ang\u00e9lica Rojas Hern\u00e1ndez del PAN, presidenta de la Mesa Directiva en el segundo a\u00f1o legislativo, que impuls\u00f3 la creaci\u00f3n del Grupo de Trabajo Plural por la Igualdad Sustantiva, en el que diputadas de todos los grupos parlamentarios, presidentas de comisiones, unieron sus esfuerzos para impulsar la agenda de la igualdad sustantiva.<\/p>\n\n\n\n<p class=\"wp-block-paragraph\">Del diputado Porfirio Mu\u00f1oz Ledo de Morena que fue el primer presidente de la Mesa Directiva de la LXIV Legislatura lo reconoci\u00f3 como un convencido feminista, como el mismo se defini\u00f3.<\/p>\n\n\n\n<p class=\"wp-block-paragraph\">A los presidentes de la Junta de Coordinaci\u00f3n Pol\u00edtica de esta LXIV Legislatura: al diputado Mario Delgado Carrillo, en el primer tramo; y al diputado Ignacio Mier, en este segundo tramo, y a quien \u2014ya electo como coordinador del Grupo Parlamentario de Morena para la LXV Legislatura\u2014 expres\u00f3 que las diputadas reelectas le van a estar diciendo \u201cvamos m\u00e1s lejos, vamos m\u00e1s hacia garantizar el ejercicio pleno de los derechos de las mujeres\u201d.<\/p>\n\n\n\n<p class=\"wp-block-paragraph\">&nbsp;El presidente de la Junta de Coordinaci\u00f3n Pol\u00edtica, diputado Ignacio Mier Velazco de Morena, resalt\u00f3 que M\u00e9xico va a tener por primera vez en su historia el mayor n\u00famero de gobernadoras, y expres\u00f3 que cuando hay mujeres en los lugares de toma de decisiones se benefician las dem\u00e1s mujeres y ni\u00f1as del pa\u00eds.&nbsp;<\/p>\n\n\n\n<p class=\"wp-block-paragraph\">Respecto a la LXIV Legislatura dijo que fue trascendente e hist\u00f3rica por la paridad de g\u00e9nero, por lo que la develaci\u00f3n cobra relevancia al ser en el muro de un auditorio emblem\u00e1tico que lleva el nombre de quien fue una de las cinco primeras legisladoras de M\u00e9xico, la muy joven Aurora Jim\u00e9nez.&nbsp;<\/p>\n\n\n\n<p class=\"wp-block-paragraph\">El diputado Porfirio Mu\u00f1oz Ledo se\u00f1al\u00f3 que \u00e9sta es la Legislatura del cambio hist\u00f3rico, y m\u00e1s que porcentajes lo que debe importar son las personas e ideas, por lo que esta Legislatura de Paridad ha sido de calidad por las mujeres que la integran.&nbsp;<\/p>\n\n\n\n<p class=\"wp-block-paragraph\">La placa alusiva fue autorizada por un acuerdo aprobado por unanimidad el 21 de julio de este a\u00f1o por la Junta de Coordinaci\u00f3n Pol\u00edtica como un reconocimiento a todas las diputadas que estuvieron en funciones que ayudaron a contribuir a la igualdad sustantiva entre mujeres y hombres. Lograr la igualdad en el ejercicio de derechos, responsabilidades y oportunidades.&nbsp;<\/p>\n\n\n\n<p class=\"wp-block-paragraph\">Al acto asistieron diputadas y diputados de los diversos Grupos Parlamentarios integrantes de la LXIV Legislatura.<\/p>\n","protected":false},"excerpt":{"rendered":"<p>Se rebautiza el libro blanco, es el libro violeta<\/p>\n","protected":false},"author":3,"featured_media":39494,"comment_status":"open","ping_status":"open","sticky":false,"template":"","format":"standard","meta":{"_monsterinsights_skip_tracking":false,"footnotes":""},"categories":[692,50],"tags":[],"class_list":["post-39493","post","type-post","status-publish","format-standard","has-post-thumbnail","category-692","category-congreso"],"_links":{"self":[{"href":"https:\/\/redsemlac.com\/semmexico\/wp-json\/wp\/v2\/posts\/39493","targetHints":{"allow":["GET"]}}],"collection":[{"href":"https:\/\/redsemlac.com\/semmexico\/wp-json\/wp\/v2\/posts"}],"about":[{"href":"https:\/\/redsemlac.com\/semmexico\/wp-json\/wp\/v2\/types\/post"}],"author":[{"embeddable":true,"href":"https:\/\/redsemlac.com\/semmexico\/wp-json\/wp\/v2\/users\/3"}],"replies":[{"embeddable":true,"href":"https:\/\/redsemlac.com\/semmexico\/wp-json\/wp\/v2\/comments?post=39493"}],"version-history":[{"count":0,"href":"https:\/\/redsemlac.com\/semmexico\/wp-json\/wp\/v2\/posts\/39493\/revisions"}],"wp:featuredmedia":[{"embeddable":true,"href":"https:\/\/redsemlac.com\/semmexico\/wp-json\/wp\/v2\/media\/39494"}],"wp:attachment":[{"href":"https:\/\/redsemlac.com\/semmexico\/wp-json\/wp\/v2\/media?parent=39493"}],"wp:term":[{"taxonomy":"category","embeddable":true,"href":"https:\/\/redsemlac.com\/semmexico\/wp-json\/wp\/v2\/categories?post=39493"},{"taxonomy":"post_tag","embeddable":true,"href":"https:\/\/redsemlac.com\/semmexico\/wp-json\/wp\/v2\/tags?post=39493"}],"curies":[{"name":"wp","href":"https:\/\/api.w.org\/{rel}","templated":true}]}}