{"id":39355,"date":"2021-08-23T09:40:58","date_gmt":"2021-08-23T15:40:58","guid":{"rendered":"https:\/\/redsemlac.com\/semmexico\/?p=39355"},"modified":"2023-07-21T17:05:24","modified_gmt":"2023-07-21T22:05:24","slug":"violeta-del-anahuac-deslealtad-en-la-muerte","status":"publish","type":"post","link":"https:\/\/redsemlac.com\/semmexico\/violeta-del-anahuac-deslealtad-en-la-muerte\/","title":{"rendered":"Violeta del An\u00e1huac| \u201cDeslealtad en la muerte\u201d"},"content":{"rendered":"\n<p class=\"wp-block-paragraph\"><strong>Isabel Ortega Morales<\/strong><\/p>\n\n\n\n<p class=\"wp-block-paragraph\">SemM\u00e9xico, Tlapa, Guerrero, 23 de agosto, 2021.- Un mensaje en redes sociales, atribuido a Rub\u00e9n Figueroa (Smutny) dice textual: \u201cA mi Ren\u00e9 Ju\u00e1rez Cisneros me brind\u00f3 las oportunidades que he tenido en pol\u00edtica. Le guardo un gran reconocimiento y agradecimiento. Por lo que cuando un traidor y pillo que solo aprovecha las posiciones que le han dado a su hermano se atreve a cuestionar a su hijo Ren\u00e9 Ju\u00e1rez Albarr\u00e1n. Le decimos independientemente del apoyo a Ren\u00e9 Ju\u00e1rez Albarr\u00e1n. Javier veremos si tienes tantos huevos cuando Astudillo ya no sea gobernador. Arrieros somos y en el camino andamos\u201d.&nbsp; Sirva este material para la siguiente reflexi\u00f3n.<\/p>\n\n\n\n<p class=\"wp-block-paragraph\">Como periodistas nos ha tocado ver el auge de la clase pol\u00edtica, sus inicios y sus ca\u00eddas.&nbsp; Y nos ha tocado observar desde ceprovysa.com cuando los grupos se alejan, cuando parecen antag\u00f3nicos y dentro de ese aparente odio, se encuentran. Si. Nos ha tocado observar sus cambios, sus caminos y sus lealtades.<\/p>\n\n\n\n<p class=\"wp-block-paragraph\">Es claro que cuando un pol\u00edtico se aleja de su ejercicio de gobierno permanece la influencia de su poder dej\u00e1ndose sentir en su grupo pol\u00edtico y por supuesto, en sus herederos. M\u00e1s all\u00e1 de las circunstancias que los alejen los encuentros siempre se dan. En la clase pol\u00edtica no hay enojos para siempre, hay venganzas, las alianzas siempre son necesarias, salvo que mueran.<\/p>\n\n\n\n<p class=\"wp-block-paragraph\">Hace unos d\u00edas, a\u00fan no cumple el mes, Muri\u00f3 el ex Gobernador Ren\u00e9 Ju\u00e1rez Cisneros, quien impuls\u00f3 a uno de sus hijos, Ren\u00e9 Ju\u00e1rez Albarr\u00e1n, como regidor para el periodo que iniciar\u00e1 este mes de septiembre en Acapulco. Y desde ahora, quiz\u00e1 muy temprano, cuando el luto est\u00e1 fresco, porque nunca se va, est\u00e1n apareciendo los rostros de las deslealtades contra su hijo.<\/p>\n\n\n\n<p class=\"wp-block-paragraph\">El pasado 20 de agosto se cumplieron 11 a\u00f1os del asesinato del Diputado Armando Chavarr\u00eda Barrera, quien fuera Presidente de la Junta de Coordinaci\u00f3n Pol\u00edtica del Congreso Local, nos toc\u00f3 dar cobertura al hallazgo de su cuerpo, y narrar la noticia para la Televisi\u00f3n y a Mart\u00edn para Detr\u00e1s de la Noticia.&nbsp; En ese contexto recordamos la presencia de H\u00e9ctor Astudillo Flores, quien era Presidente Municipal de Chilpancingo y a quien por cierto, apoyamos invariablemente, a figuras como Marcelo Ebrard, y del propio dirigente nacional del PRD, Andr\u00e9s Manuel L\u00f3pez Obrador. &nbsp;Y hasta ahora, no hay indicios de quien fue el autor intelectual ni material del hecho.<\/p>\n\n\n\n<p class=\"wp-block-paragraph\">Guerrero est\u00e1 pr\u00f3ximo a realizar un cambio en el poder ejecutivo y a\u00fan cuando no est\u00e1 concluido el proceso por la impugnaci\u00f3n formulada ante el TEPJF, por el Candidato de la Alianza PRI-PRD, Mario Moreno Arcos, el Gobernador Astudillo, abogado de profesi\u00f3n, ha pasado por alto esa consideraci\u00f3n y ha sentado las bases para entregar el poder a Evelyn Salgado Pineda designada por el IEPC-GRO, como Gobernadora Electa.<\/p>\n\n\n\n<p class=\"wp-block-paragraph\">Astudillo ha dicho que gobernar\u00e1 hasta el \u00faltimo segundo, lo que quiere decir que tomar\u00e1 decisiones hasta el \u00faltimo momento en la administraci\u00f3n p\u00fablica y en la pol\u00edtica, y ser\u00e1 quien marque los tiempos. Solo que se est\u00e1n dibujando ya algunos bosquejos de lo que pueda ser lo que viene. Ojal\u00e1 en ese espacio de su periodo, logre reconciliar los puntos que dej\u00f3 sueltos y en ese marco, tanto \u00e9l como toda la clase pol\u00edtica, de todos los partidos y sabores, logren reconsiderar para bien, que los rostros de las lealtades no son los mismos en vida que en la muerte. No dudo que Ren\u00e9 Ju\u00e1rez Albarr\u00e1n saldr\u00e1 adelante, a\u00fan tiene su Padre muchos amig@s.<\/p>\n","protected":false},"excerpt":{"rendered":"<p>Guerrero est\u00e1 pr\u00f3ximo a realizar un cambio en el poder ejecutivo y a\u00fan cuando no est\u00e1 concluido el proceso por la impugnaci\u00f3n formulada ante el TEPJF<\/p>\n","protected":false},"author":3,"featured_media":38576,"comment_status":"open","ping_status":"open","sticky":false,"template":"","format":"standard","meta":{"_monsterinsights_skip_tracking":false,"footnotes":""},"categories":[692,198,35,197],"tags":[459],"class_list":["post-39355","post","type-post","status-publish","format-standard","has-post-thumbnail","category-692","category-isabel-ortega-morales","category-opinion","category-violeta-del-anahuac","tag-opinion"],"_links":{"self":[{"href":"https:\/\/redsemlac.com\/semmexico\/wp-json\/wp\/v2\/posts\/39355","targetHints":{"allow":["GET"]}}],"collection":[{"href":"https:\/\/redsemlac.com\/semmexico\/wp-json\/wp\/v2\/posts"}],"about":[{"href":"https:\/\/redsemlac.com\/semmexico\/wp-json\/wp\/v2\/types\/post"}],"author":[{"embeddable":true,"href":"https:\/\/redsemlac.com\/semmexico\/wp-json\/wp\/v2\/users\/3"}],"replies":[{"embeddable":true,"href":"https:\/\/redsemlac.com\/semmexico\/wp-json\/wp\/v2\/comments?post=39355"}],"version-history":[{"count":0,"href":"https:\/\/redsemlac.com\/semmexico\/wp-json\/wp\/v2\/posts\/39355\/revisions"}],"wp:featuredmedia":[{"embeddable":true,"href":"https:\/\/redsemlac.com\/semmexico\/wp-json\/wp\/v2\/media\/38576"}],"wp:attachment":[{"href":"https:\/\/redsemlac.com\/semmexico\/wp-json\/wp\/v2\/media?parent=39355"}],"wp:term":[{"taxonomy":"category","embeddable":true,"href":"https:\/\/redsemlac.com\/semmexico\/wp-json\/wp\/v2\/categories?post=39355"},{"taxonomy":"post_tag","embeddable":true,"href":"https:\/\/redsemlac.com\/semmexico\/wp-json\/wp\/v2\/tags?post=39355"}],"curies":[{"name":"wp","href":"https:\/\/api.w.org\/{rel}","templated":true}]}}