{"id":39340,"date":"2021-08-22T14:05:28","date_gmt":"2021-08-22T20:05:28","guid":{"rendered":"https:\/\/redsemlac.com\/semmexico\/?p=39340"},"modified":"2023-07-21T17:05:24","modified_gmt":"2023-07-21T22:05:24","slug":"elecciones-2021-deja-134-denuncias-por-violencia-politica-de-genero","status":"publish","type":"post","link":"https:\/\/redsemlac.com\/semmexico\/elecciones-2021-deja-134-denuncias-por-violencia-politica-de-genero\/","title":{"rendered":"Elecciones 2021 deja 134 denuncias por violencia pol\u00edtica de g\u00e9nero"},"content":{"rendered":"\n<figure class=\"wp-block-image size-large\"><a href=\"https:\/\/redsemlac.com\/semmexico\/2021-lo-mas-destacado\/\" target=\"_blank\" rel=\"https:\/\/redsemlac.com\/semmexico\/2021-lo-mas-destacado\/ noopener\"><img decoding=\"async\" src=\"https:\/\/redsemlac.com\/semmexico\/wp-content\/uploads\/2021\/12\/DESTACADO-BANNER-1024x164.png\" alt=\"\" class=\"wp-image-43481\"\/><\/a><\/figure>\n\n\n\n<ul class=\"wp-block-list\"><li><strong>La mayor parte&nbsp; fueron de candidatas a diputadas federales.<\/strong><\/li><li><strong>Al interior de los partidos tambi\u00e9n hubo casos en contra de mujeres<\/strong><strong><\/strong><\/li><\/ul>\n\n\n\n<p class=\"wp-block-paragraph\"><strong>Sarah\u00ed Uribe<\/strong><\/p>\n\n\n\n<p class=\"wp-block-paragraph\">SemM\u00e9xico\/ El Sol de M\u00e9xico, Cd. de M\u00e9xico, 22 de agosto, 2021.- De septiembre de 2020 a junio del a\u00f1o en curso, se&nbsp; presentaron ante el Instituto Nacional Electoral (INE) 134 denuncias en materia de Violencia Pol\u00edtica en Raz\u00f3n de G\u00e9nero (VPRG), de las cuales se determin\u00f3 la incompetencia en 93 de ellas.<\/p>\n\n\n\n<p class=\"wp-block-paragraph\">En sesi\u00f3n del Consejo General del organismo, el consejero Ciro Murayama Rend\u00f3n precis\u00f3 que se recibieron un total de 27 solicitudes de medidas cautelares; en nueve se determin\u00f3 la procedencia parcial, en 17 se concluy\u00f3 la improcedencia y, en un caso, se dejaron las medidas emitidas a otra autoridad, adem\u00e1s de que se solicitaron 14 medidas de protecci\u00f3n, de las cuales en 12 se negaron por no advertir riesgo.<\/p>\n\n\n\n<p class=\"wp-block-paragraph\">\u201cLa mayor parte de las denuncias fueron de candidatas a diputadas federales, seguidas de militantes de partidos pol\u00edticos (15) y candidatas a presidencia municipal (13)\u201d, explic\u00f3.<\/p>\n\n\n\n<p class=\"wp-block-paragraph\">En tanto, la presidenta de la de la Comisi\u00f3n de Igualdad de G\u00e9nero y No Discriminaci\u00f3n, Carla Humphrey, destac\u00f3 la importancia de lanzar alertas que permitan atender estos casos, ya que se advierte un incremento considerable en violencia pol\u00edtica a pesar de los avances en la materia.<\/p>\n\n\n\n<p class=\"wp-block-paragraph\">\u201cEs necesario establecer mesas de trabajo entre las autoridades del Estado, los partidos pol\u00edticos, fiscal\u00edas y autoridades locales para compartir alertas y estrategias que permitan prevenir y atender estos casos\u201d, se\u00f1al\u00f3.<\/p>\n\n\n\n<p class=\"wp-block-paragraph\">Llam\u00f3 a los partidos pol\u00edticos, a la militancia, a la ciudadan\u00eda y a las autoridades electorales a \u201celiminar expresiones violentas y actos tendientes a limitar, anular o menoscabar el ejercicio efectivo de los derechos pol\u00edticos y electorales de una o varias mujeres, pues quienes aspiran a cargos de elecci\u00f3n popular o quienes ya ocupan un cargo p\u00fablico, tienen derecho al libre desarrollo de la funci\u00f3n p\u00fablica, la toma de decisiones, la libertad de organizaci\u00f3n, as\u00ed como el acceso y ejercicio a las prerrogativas inherentes al cargo que ocupan\u201d.<\/p>\n\n\n\n<p class=\"wp-block-paragraph\">Por su parte, la Consejera Dania Ravel destac\u00f3 que es a nivel local y en la vida interna de los partidos pol\u00edticos donde se encuentra m\u00e1s violencia pol\u00edtica contra las mujeres en raz\u00f3n de g\u00e9nero.<\/p>\n\n\n\n<p class=\"wp-block-paragraph\">\u201cMuchas veces sutil y reiterada y que desafortunadamente a\u00fan est\u00e1 profundamente normalizada en distintos \u00e1mbitos de nuestra sociedad, por lo que la comisi\u00f3n de este tipo de conductas sigue siendo una desafortunada postal\u201d, a\u00f1adi\u00f3.<\/p>\n","protected":false},"excerpt":{"rendered":"<p>La mayor parte\u00a0 fueron de candidatas a diputadas federales.<\/p>\n","protected":false},"author":3,"featured_media":39341,"comment_status":"open","ping_status":"open","sticky":false,"template":"","format":"standard","meta":{"_monsterinsights_skip_tracking":false,"footnotes":""},"categories":[692,633,51,628],"tags":[629],"class_list":["post-39340","post","type-post","status-publish","format-standard","has-post-thumbnail","category-692","category-abril-destacado","category-ejecutivo","category-lo-destacado-2021","tag-destacado2021"],"_links":{"self":[{"href":"https:\/\/redsemlac.com\/semmexico\/wp-json\/wp\/v2\/posts\/39340","targetHints":{"allow":["GET"]}}],"collection":[{"href":"https:\/\/redsemlac.com\/semmexico\/wp-json\/wp\/v2\/posts"}],"about":[{"href":"https:\/\/redsemlac.com\/semmexico\/wp-json\/wp\/v2\/types\/post"}],"author":[{"embeddable":true,"href":"https:\/\/redsemlac.com\/semmexico\/wp-json\/wp\/v2\/users\/3"}],"replies":[{"embeddable":true,"href":"https:\/\/redsemlac.com\/semmexico\/wp-json\/wp\/v2\/comments?post=39340"}],"version-history":[{"count":0,"href":"https:\/\/redsemlac.com\/semmexico\/wp-json\/wp\/v2\/posts\/39340\/revisions"}],"wp:featuredmedia":[{"embeddable":true,"href":"https:\/\/redsemlac.com\/semmexico\/wp-json\/wp\/v2\/media\/39341"}],"wp:attachment":[{"href":"https:\/\/redsemlac.com\/semmexico\/wp-json\/wp\/v2\/media?parent=39340"}],"wp:term":[{"taxonomy":"category","embeddable":true,"href":"https:\/\/redsemlac.com\/semmexico\/wp-json\/wp\/v2\/categories?post=39340"},{"taxonomy":"post_tag","embeddable":true,"href":"https:\/\/redsemlac.com\/semmexico\/wp-json\/wp\/v2\/tags?post=39340"}],"curies":[{"name":"wp","href":"https:\/\/api.w.org\/{rel}","templated":true}]}}