{"id":39332,"date":"2021-08-22T08:20:00","date_gmt":"2021-08-22T14:20:00","guid":{"rendered":"https:\/\/redsemlac.com\/semmexico\/?p=39332"},"modified":"2023-07-21T17:05:24","modified_gmt":"2023-07-21T22:05:24","slug":"exhorta-observatorio-de-medios-a-no-difundir-imagenes-de-menores-y-adolescentes-victimas","status":"publish","type":"post","link":"https:\/\/redsemlac.com\/semmexico\/exhorta-observatorio-de-medios-a-no-difundir-imagenes-de-menores-y-adolescentes-victimas\/","title":{"rendered":"Exhorta Observatorio de Medios a no difundir im\u00e1genes de menores y adolescentes v\u00edctimas"},"content":{"rendered":"\n<ul class=\"wp-block-list\"><li>La Ley General de los Derechos de Ni\u00f1as, Ni\u00f1os y Adolescentes se\u00f1ala como infracci\u00f3n la difusi\u00f3n de im\u00e1genes que violen los derechos de la infancia<\/li><\/ul>\n\n\n\n<p class=\"wp-block-paragraph\">Redacci\u00f3n<br>SemM\u00e9xico, Morelia, Michoac\u00e1n, a 22 de agosto, 2021.- Ante la difusi\u00f3n de im\u00e1genes publicadas en una nota de un medio de comunicaci\u00f3n local, en relaci\u00f3n a un menor de edad v\u00edctima de un delito, las y los integrantes del Observatorio de Medios de Comunicaci\u00f3n en Materia de Perspectiva de G\u00e9nero y Derechos Humanos de Michoac\u00e1n, condenan y rechazan la revictimizaci\u00f3n y exposici\u00f3n de dichos materiales audiovisuales.<\/p>\n\n\n\n<p class=\"wp-block-paragraph\">\u201cExhortamos a dicho medio a que elimine de sus contenidos cualquier material audiovisual que atente contra los derechos a la seguridad y la dignidad, as\u00ed como a la intimidad de cualquier ni\u00f1a, ni\u00f1o o adolescente\u201d, pidieron.<\/p>\n\n\n\n<p class=\"wp-block-paragraph\">\u201cHacemos un llamado a los medios de informaci\u00f3n a proteger la integridad de menores y adolescentes v\u00edctimas de alg\u00fan delito. Es preocupante que los medios de comunicaci\u00f3n no muestren el respeto debido a las personas afectadas en este hecho, as\u00ed como a sus respectivas familias\u201d, manifestaron.<\/p>\n\n\n\n<p class=\"wp-block-paragraph\">\u201cCon la difusi\u00f3n de este tipo de im\u00e1genes se violentan diversas disposiciones legales, entre las que resaltan la Ley General de los Derechos de Ni\u00f1as, Ni\u00f1os y Adolescentes, as\u00ed como la Convenci\u00f3n de los Derechos del Ni\u00f1o, todo esto en perjuicio del inter\u00e9s superior de los y las ni\u00f1as involucradas en los lamentables sucesos\u201d, anotaron.<\/p>\n\n\n\n<p class=\"wp-block-paragraph\">Nuestra convicci\u00f3n de que como sociedad los menores v\u00edctimas de delitos nos deben de doler e indignar, este Observatorio hace un llamado a quienes difunden la fotograf\u00eda del menor de edad, para que no se dejen mover por el morbo, el amarillismo y el sensacionalismo replicando este tipo de im\u00e1genes.<\/p>\n\n\n\n<p class=\"wp-block-paragraph\">Los medios de comunicaci\u00f3n realizan una importante labor de comunicaci\u00f3n, por ello deben conducirse con estricto apego a derecho, respetando la dignidad de las personas y vigilando que sus contenidos garanticen los derechos humanos de la v\u00edctima y sus familiares.<\/p>\n\n\n\n<p class=\"wp-block-paragraph\">Puntualizaron que se debe tener presente que la ley General de los derechos de ni\u00f1as, ni\u00f1os y adolescentes establece en su Art\u00edculo 77: \u201cSe considerar\u00e1 violaci\u00f3n a la intimidad de ni\u00f1as, ni\u00f1os o adolescentes cualquier manejo directo de su imagen, nombre, datos personales o referencias que permitan su identificaci\u00f3n en los medios de comunicaci\u00f3n que cuenten con concesi\u00f3n para prestar el servicio de radiodifusi\u00f3n y telecomunicaciones, as\u00ed como medios impresos, o en medios electr\u00f3nicos de los que tenga control el concesionario o medio impreso del que se trate, que menoscabe su honra o reputaci\u00f3n, sea contrario a sus derechos o que los ponga en riesgo, conforme al principio de inter\u00e9s superior de la ni\u00f1ez\u201d.<br>Adem\u00e1s, la Convenci\u00f3n de los Derechos del Ni\u00f1o, en su Art\u00edculo 16, indica: 1. Ning\u00fan ni\u00f1o ser\u00e1 objeto de injerencias arbitrarias o ilegales en su vida privada, su familia, su domicilio o su correspondencia ni de ataques ilegales a su honra y a su reputaci\u00f3n. 2. El ni\u00f1o tiene derecho a la protecci\u00f3n de la ley contra esas injerencias o ataques.<br>Mandato de Ley<br>En tanto, la Ley General de los Derechos de Ni\u00f1as, Ni\u00f1os y Adolescentes -vigente desde el a\u00f1o 2014- en su art\u00edculo 148 explica las infracciones en todos los \u00e1mbitos y en el 149 se leen las sanciones correspondientes.<\/p>\n\n\n\n<p class=\"wp-block-paragraph\">En el art\u00edculo 148. En el \u00e1mbito federal, constituyen infracciones a la presente Ley: I. Respecto de servidores p\u00fablicos federales, personal de instituciones de salud, educaci\u00f3n, deportivas o culturales, empleados o trabajadores de establecimientos sujetos al control, administraci\u00f3n o coordinaci\u00f3n de aqu\u00e9llas, as\u00ed como centros de asistencia social o de cualquier otra \u00edndole de jurisdicci\u00f3n federal, cuando en el ejercicio de sus funciones o actividades o con motivo de ellas conozcan de la violaci\u00f3n de alg\u00fan derecho a alguna ni\u00f1a, ni\u00f1o o adolescente e indebidamente se abstengan de hacerlo del conocimiento de la autoridad competente en contravenci\u00f3n a lo dispuesto en el art\u00edculo 12 de esta Ley y dem\u00e1s ordenamientos aplicables;<\/p>\n\n\n\n<p class=\"wp-block-paragraph\">II. Respecto de servidores p\u00fablicos federales, personal de instituciones de salud, educaci\u00f3n, deportivas o culturales, empleados o trabajadores de establecimientos sujetos al control, administraci\u00f3n o coordinaci\u00f3n de aqu\u00e9llas, as\u00ed como centros de asistencia social o de cualquier otra \u00edndole de jurisdicci\u00f3n federal, propicien, toleren o se abstengan de impedir, cualquier tipo de abuso, acoso, agresi\u00f3n, da\u00f1o, intimidaci\u00f3n, violencia, maltrato o perjuicio de que tengan conocimiento, en contra de ni\u00f1as, ni\u00f1os y adolescentes;<\/p>\n\n\n\n<p class=\"wp-block-paragraph\">III. Respecto de los concesionarios de radio, televisi\u00f3n, la difusi\u00f3n o transmisi\u00f3n de im\u00e1genes, voz o datos que afecten o impidan objetivamente el desarrollo integral de ni\u00f1as, ni\u00f1os o adolescentes, o que hagan apolog\u00eda del delito, en contravenci\u00f3n al art\u00edculo 68 de esta Ley y a las disposiciones espec\u00edficas que regulen la difusi\u00f3n y transmisi\u00f3n de contenidos;<\/p>\n\n\n\n<p class=\"wp-block-paragraph\">A medios de difusi\u00f3n<\/p>\n\n\n\n<p class=\"wp-block-paragraph\">IV. Respecto de los concesionarios de radio y televisi\u00f3n y de quien dirija medios impresos, la violaci\u00f3n a la intimidad personal o familiar de ni\u00f1as, ni\u00f1os o adolescentes, a que se refiere el art\u00edculo 77 de esta Ley;<\/p>\n\n\n\n<p class=\"wp-block-paragraph\">V. Respecto de los concesionarios de radio y televisi\u00f3n y de quien dirija medios impresos, la realizaci\u00f3n de entrevistas o su difusi\u00f3n, sin la autorizaci\u00f3n a que se refiere el art\u00edculo 78 de esta Ley;<\/p>\n\n\n\n<p class=\"wp-block-paragraph\">VI. Respecto de los concesionarios de radio y televisi\u00f3n y de quien dirija medios impresos, la difusi\u00f3n de datos personales de ni\u00f1as, ni\u00f1os o adolescentes relacionados de cualquier forma en procedimientos penales o a quienes se les apliquen medidas de reparaci\u00f3n, reinserci\u00f3n, restituci\u00f3n o asistencia, en t\u00e9rminos de las disposiciones aplicables, en contravenci\u00f3n al art\u00edculo 79 de la presente Ley;<\/p>\n\n\n\n<p class=\"wp-block-paragraph\">VII. Respecto de los concesionarios de radio y televisi\u00f3n y de quien dirija medios impresos, la difusi\u00f3n de im\u00e1genes o voz de ni\u00f1as, ni\u00f1os o adolescentes, en contravenci\u00f3n a lo dispuesto en el art\u00edculo 80 de esta Ley;<\/p>\n\n\n\n<p class=\"wp-block-paragraph\">Sanciones<\/p>\n\n\n\n<p class=\"wp-block-paragraph\">Art\u00edculo 149. A quienes incurran en las infracciones previstas en las fracciones I, II y VIII del art\u00edculo anterior, se les impondr\u00e1 multa de hasta mil quinientos d\u00edas de salario m\u00ednimo general vigente en el Distrito Federal al momento de realizarse la conducta sancionada.<br>Las infracciones previstas en las fracciones III, IV, V, VI y VII del art\u00edculo anterior, ser\u00e1n sancionadas con multa de tres mil y hasta treinta mil d\u00edas de salario m\u00ednimo general vigente en el Distrito Federal al momento de realizarse la conducta.<br>En los casos de las infracciones previstas en las fracciones III, V, VI y VII del art\u00edculo anterior, se impondr\u00e1 una multa adicional de mil quinientos y hasta siete mil d\u00edas de salario m\u00ednimo general vigente en el Distrito Federal, por cada d\u00eda que se difunda o se encuentren disponibles en medios electr\u00f3nicos de los que tenga control el concesionario o medio impreso que se trate, la informaci\u00f3n, datos, im\u00e1genes o audios.<\/p>\n\n\n\n<p class=\"wp-block-paragraph\">A su vez, los Lineamientos para el Manejo de Informaci\u00f3n, Difusi\u00f3n y Producci\u00f3n de materiales sobre Ni\u00f1as, Ni\u00f1os y Adolescentes del Estado de Michoac\u00e1n se\u00f1alan:<br>Art\u00edculo 7 fracci\u00f3n VIII<br>En los casos en los que las Ni\u00f1as, Ni\u00f1os y Adolescentes est\u00e9n involucrados en hechos de violencia o en conflictos con la ley, no deber\u00e1n publicarse sus fotograf\u00edas, ni ning\u00fan tipo de dato personal en medios electr\u00f3nicos o impresos, para con ello preservar su identidad y seguridad.<br>Art\u00edculo 8<br>Las autoridades competentes y los medios de comunicaci\u00f3n local garantizar\u00e1n que la informaci\u00f3n que capten, utilicen, generen, publiquen o divulguen respecto de im\u00e1genes fotogr\u00e1ficas o videos de Ni\u00f1as, Ni\u00f1os y Adolescentes, se haga bajo el principio del Inter\u00e9s Superior dela Ni\u00f1ez, es decir, sin afectar sus derechos, por lo cual se debe actuar bajo la premisa de que todos los mensajes deben respetar la dignidad, ser veraces, sin aprovecharse de la credulidad o falta de experiencia natural de las Ni\u00f1as, Ni\u00f1os y Adolescentes para sus fines, por lo anterior es que se recomienda que las im\u00e1genes o videos de Ni\u00f1as, Ni\u00f1os y Adolescentes:<br>\u2026<br>VI. Cuando se trate de Ni\u00f1as, Ni\u00f1os y Adolescentes, bajo la condici\u00f3n de ofendidos, v\u00edctimas, testigos, o est\u00e9n relacionados de cualquier forma con la comisi\u00f3n de un delito, deben tomarse las medidas necesarias que impidan su reconocimiento p\u00fablico y se abstengan de difundir datos que puedan llevar a su revictimizaci\u00f3n o la de sus familiares tales como nombres, domicilio o escuelas.<\/p>\n","protected":false},"excerpt":{"rendered":"<p>La Ley General de los Derechos de Ni\u00f1as, Ni\u00f1os y Adolescentes se\u00f1ala como infracci\u00f3n la difusi\u00f3n de im\u00e1genes que violen los derechos de la infancia<\/p>\n","protected":false},"author":3,"featured_media":39333,"comment_status":"open","ping_status":"open","sticky":false,"template":"","format":"standard","meta":{"_monsterinsights_skip_tracking":false,"footnotes":""},"categories":[692,51],"tags":[],"class_list":["post-39332","post","type-post","status-publish","format-standard","has-post-thumbnail","category-692","category-ejecutivo"],"_links":{"self":[{"href":"https:\/\/redsemlac.com\/semmexico\/wp-json\/wp\/v2\/posts\/39332","targetHints":{"allow":["GET"]}}],"collection":[{"href":"https:\/\/redsemlac.com\/semmexico\/wp-json\/wp\/v2\/posts"}],"about":[{"href":"https:\/\/redsemlac.com\/semmexico\/wp-json\/wp\/v2\/types\/post"}],"author":[{"embeddable":true,"href":"https:\/\/redsemlac.com\/semmexico\/wp-json\/wp\/v2\/users\/3"}],"replies":[{"embeddable":true,"href":"https:\/\/redsemlac.com\/semmexico\/wp-json\/wp\/v2\/comments?post=39332"}],"version-history":[{"count":0,"href":"https:\/\/redsemlac.com\/semmexico\/wp-json\/wp\/v2\/posts\/39332\/revisions"}],"wp:featuredmedia":[{"embeddable":true,"href":"https:\/\/redsemlac.com\/semmexico\/wp-json\/wp\/v2\/media\/39333"}],"wp:attachment":[{"href":"https:\/\/redsemlac.com\/semmexico\/wp-json\/wp\/v2\/media?parent=39332"}],"wp:term":[{"taxonomy":"category","embeddable":true,"href":"https:\/\/redsemlac.com\/semmexico\/wp-json\/wp\/v2\/categories?post=39332"},{"taxonomy":"post_tag","embeddable":true,"href":"https:\/\/redsemlac.com\/semmexico\/wp-json\/wp\/v2\/tags?post=39332"}],"curies":[{"name":"wp","href":"https:\/\/api.w.org\/{rel}","templated":true}]}}