{"id":39214,"date":"2021-08-16T11:00:00","date_gmt":"2021-08-16T17:00:00","guid":{"rendered":"https:\/\/redsemlac.com\/semmexico\/?p=39214"},"modified":"2023-07-21T17:05:29","modified_gmt":"2023-07-21T22:05:29","slug":"mente-femenina","status":"publish","type":"post","link":"https:\/\/redsemlac.com\/semmexico\/mente-femenina\/","title":{"rendered":"Botella Al Mar| Mente Femenina"},"content":{"rendered":"\n<h2 class=\"wp-block-heading\"><strong>Botella al Mar &nbsp;&nbsp;&nbsp;&nbsp;&nbsp;&nbsp;&nbsp;&nbsp;<\/strong><\/h2>\n\n\n\n<p class=\"wp-block-paragraph\"><strong>Martha Canseco Gonz\u00e1lez<\/strong><\/p>\n\n\n\n<p class=\"wp-block-paragraph\">SemM\u00e9xico, Pachuca, Hidalgo, 16 de agosto, 2021.- En octubre del 2014, mi querida maestra Mar\u00eda Mart\u00edn Barranco organiz\u00f3 el Primer Congreso Internacional de Mentes Femeninas, reuni\u00f3 en Salobre\u00f1a, costa andaluza, a una pl\u00e9yade de mujeres exitosas, creativas, comprometidas y brillantes. Sin lugar a dudas este fue uno de los congresos m\u00e1s interesantes a los que he acudido.<\/p>\n\n\n\n<p class=\"wp-block-paragraph\">Ah\u00ed constat\u00e9 de qu\u00e9 manera el feminismo est\u00e1 permeando en toda actividad humana. M\u00e1s de 100 mujeres de todas las profesiones platicaron ah\u00ed sus experiencias y como est\u00e1n dejando su impronta en este mundo patriarcal.<\/p>\n\n\n\n<p class=\"wp-block-paragraph\">Literatura, arte, emprendimiento, pol\u00edtica y salud fueron algunos de los temas que se trataron y donde se difundi\u00f3 la riqueza del conocimiento hecho por mujeres. Cient\u00edficas, artistas, empresarias, deportistas, periodistas, fil\u00f3sofas, educadoras, pol\u00edticas, estuvimos ah\u00ed compartiendo nuestras experiencias.<\/p>\n\n\n\n<p class=\"wp-block-paragraph\">Por M\u00e9xico acudimos la abogada Emma Obrador, la artista pl\u00e1stica Sonia F\u00e9lix Cherit, la productora de medios Carmen Campos y yo. Otras de las participantes fueron: Pilar L\u00f3pez Diez, Alice Fauveau, Pilar Aguilar Carrasco, Diana Maffia, Raquel Lucas, June Fern\u00e1ndez, Kika Fumero, Nuria Varela, Pepa Masegosa, Bel\u00e9n Gopegui, Pilar V. de Foronda y Luc\u00eda Mart\u00ednez Odriozola entre otras.<\/p>\n\n\n\n<p class=\"wp-block-paragraph\">Escuchar tantas buenas experiencias de las mujeres en todos los \u00e1mbitos fue realmente muy alentador. Me llamaron bastante la atenci\u00f3n las mujeres que hacen c\u00f3mic feminista, las creadoras de m\u00fasica para mujeres, las astr\u00f3nomas que me ense\u00f1aron a mirar el cielo de otra manera, la foniatra que hace an\u00e1lisis de g\u00e9nero de la voz humana y el impacto que tiene, la periodista que se ha dedicado a explicar qu\u00e9 es el feminismo, aquella otra que entiende que la humanidad est\u00e1 en una encrucijada entre el feminismo y la barbarie.<\/p>\n\n\n\n<p class=\"wp-block-paragraph\">Ah\u00ed por cierto conoc\u00ed el proyecto del llamado \u201cTren de la Libertad\u201d que ante la presunci\u00f3n del ministro Gallard\u00f3n de echar para atr\u00e1s el derecho a la interrupci\u00f3n legal del embarazo en Espa\u00f1a, cientos de feministas de todos los rincones viajaron kil\u00f3metros y kil\u00f3metros por tren para estar en Madrid semanas despu\u00e9s y reclamar sus derechos. Aunque no estuve f\u00edsicamente en ese hist\u00f3rico momento, mis amigas me llevaron (pegaron mi fotograf\u00eda en sus mochilas y me pasearon por todo Madrid).<\/p>\n\n\n\n<p class=\"wp-block-paragraph\">Total, que ese encuentro fue para todas una bocanada de aire fresco, el ambiente que se gener\u00f3 fue de mucha esperanza por lograr un mundo m\u00e1s equitativo y justo para las mujeres.<\/p>\n\n\n\n<p class=\"wp-block-paragraph\">Fue en ese momento cuando se dej\u00f3 escuchar la voz de Luc\u00eda Mart\u00ednez Odriozola qui\u00e9n nos sent\u00f3 en la realidad, \u00a1falta mucho por hacer!, \u00a1seguimos viviendo en un mundo patriarcal que no quiere ceder nada! dijo.<\/p>\n\n\n\n<p class=\"wp-block-paragraph\">Ese golpazo de realidad que nos dio esta periodista vasca a m\u00ed me sirvi\u00f3 para no sentarme en mis laureles. Ser\u00e1 la tozudez, la necedad, la insistencia de las feministas lo \u00fanico que nos ponga en la senda de una verdadera igualdad sustantiva.<\/p>\n\n\n\n<p class=\"wp-block-paragraph\">Por eso quiero agradecer a Luc\u00eda Mart\u00ednez Odriozola ese remes\u00f3n que nos dio aquel d\u00eda y me duele en consecuencia su muerte ocurrida el fin de semana.<\/p>\n\n\n\n<p class=\"wp-block-paragraph\">Luc\u00eda fundadora de la revista feminista P\u00edcara Magazine, maestra de generaciones de periodistas vascas y pionera del periodismo con visi\u00f3n de g\u00e9nero en el Pa\u00eds Vasco, \u00a1buen camino de regreso!, \u00a1gracias por tu valent\u00eda y claridad! \u00a1Una gran mente femenina!<\/p>\n\n\n\n<p class=\"wp-block-paragraph\">botellalmar2017@gmail.com<\/p>\n","protected":false},"excerpt":{"rendered":"<p>En octubre del 2014, mi querida maestra Mar\u00eda Mart\u00edn Barranco organiz\u00f3 el Primer Congreso Internacional de Mentes Femeninas, reuni\u00f3 en Salobre\u00f1a, costa andaluza, a una pl\u00e9yade de mujeres exitosas, creativas, comprometidas y brillantes. Sin lugar a dudas este fue uno de los congresos m\u00e1s interesantes a los que he acudido.<\/p>\n","protected":false},"author":3,"featured_media":38582,"comment_status":"open","ping_status":"open","sticky":false,"template":"","format":"standard","meta":{"_monsterinsights_skip_tracking":false,"footnotes":""},"categories":[692,98,84,35],"tags":[],"class_list":["post-39214","post","type-post","status-publish","format-standard","has-post-thumbnail","category-692","category-botella-al-mar","category-martha-canseco","category-opinion"],"_links":{"self":[{"href":"https:\/\/redsemlac.com\/semmexico\/wp-json\/wp\/v2\/posts\/39214","targetHints":{"allow":["GET"]}}],"collection":[{"href":"https:\/\/redsemlac.com\/semmexico\/wp-json\/wp\/v2\/posts"}],"about":[{"href":"https:\/\/redsemlac.com\/semmexico\/wp-json\/wp\/v2\/types\/post"}],"author":[{"embeddable":true,"href":"https:\/\/redsemlac.com\/semmexico\/wp-json\/wp\/v2\/users\/3"}],"replies":[{"embeddable":true,"href":"https:\/\/redsemlac.com\/semmexico\/wp-json\/wp\/v2\/comments?post=39214"}],"version-history":[{"count":0,"href":"https:\/\/redsemlac.com\/semmexico\/wp-json\/wp\/v2\/posts\/39214\/revisions"}],"wp:featuredmedia":[{"embeddable":true,"href":"https:\/\/redsemlac.com\/semmexico\/wp-json\/wp\/v2\/media\/38582"}],"wp:attachment":[{"href":"https:\/\/redsemlac.com\/semmexico\/wp-json\/wp\/v2\/media?parent=39214"}],"wp:term":[{"taxonomy":"category","embeddable":true,"href":"https:\/\/redsemlac.com\/semmexico\/wp-json\/wp\/v2\/categories?post=39214"},{"taxonomy":"post_tag","embeddable":true,"href":"https:\/\/redsemlac.com\/semmexico\/wp-json\/wp\/v2\/tags?post=39214"}],"curies":[{"name":"wp","href":"https:\/\/api.w.org\/{rel}","templated":true}]}}