{"id":39212,"date":"2021-08-15T16:44:57","date_gmt":"2021-08-15T22:44:57","guid":{"rendered":"https:\/\/redsemlac.com\/semmexico\/?p=39212"},"modified":"2023-07-21T17:05:29","modified_gmt":"2023-07-21T22:05:29","slug":"activista-y-literata-guerrerense-del-siglo-xix-ignorada","status":"publish","type":"post","link":"https:\/\/redsemlac.com\/semmexico\/activista-y-literata-guerrerense-del-siglo-xix-ignorada\/","title":{"rendered":"Activista y Literata Guerrerense del Siglo XIX, Ignorada"},"content":{"rendered":"\n<h2 class=\"wp-block-heading\"><strong>R \u00c1 F A G A<\/strong><\/h2>\n\n\n\n<p class=\"wp-block-paragraph\"><strong>JORGE HERRERA VALENZUELA<\/strong><\/p>\n\n\n\n<p class=\"wp-block-paragraph\"><strong>NUESTRAS MUJERES SIEMPRE EN LA LUCHA POR EL PROGRESO<\/strong><\/p>\n\n\n\n<p class=\"wp-block-paragraph\">SemM\u00e9xico, Cd. de M\u00e9xico, 15 de agosto, 2021.- Siempre que escribimos, comentamos, hablamos, de la lucha feminista en nuestro pa\u00eds, sobre todo para resaltar la labor de quienes encabezaron movimientos y acciones para alcanzar la igualdad de derechos y obligaciones con los hombres, referimos a quienes enfrentaron la batalla en el siglo pasado. En un recorrido de lectura me encontr\u00e9 con un pasaje sumamente interesante y cuyo personaje central es una joven mujer de nombre <strong>Laureana Wright de Kleinhans<\/strong>.<\/p>\n\n\n\n<p class=\"wp-block-paragraph\">Como que el nombre y los apellidos de la dama nos llaman la atenci\u00f3n. Resulta naci\u00f3 en Taxco, Guerrero, el 4 de julio de 1846 y vivi\u00f3 50 a\u00f1os destacando como literata y en labor paralela activista en pro de la participaci\u00f3n de la mujer en los comicios electorales, con derecho a votar. Esto lo promovi\u00f3 intensamente, a nivel nacional, en las p\u00e1ginas de la revista semanal <strong>Violetas del An\u00e1huac<\/strong>. La edici\u00f3n la hizo en la Ciudad de M\u00e9xico.<\/p>\n\n\n\n<p class=\"wp-block-paragraph\">Laureana fue hija del estadounidense Santiago Wright y de la guerrerense Eulalia Gonz\u00e1lez, quienes trasladaron su domicilio a la Capital del Pa\u00eds, donde la ni\u00f1a desde sus primeros a\u00f1os se aficion\u00f3 a la lectura de todo tipo. Sus padres le procuraron buenas escuelas y la chiquilla aprendi\u00f3 en corto tiempo aprendi\u00f3 y domin\u00f3 franc\u00e9s e ingl\u00e9s. Vivi\u00f3 los d\u00edas de la Guerra de Reforma, del Imperio de Maximiliano y la Restauraci\u00f3n de la Rep\u00fablica. Para entonces, a sus casi veinte a\u00f1os de edad, Laureana escrib\u00eda sobre esos acontecimientos, seg\u00fan aparece en su biograf\u00eda.<\/p>\n\n\n\n<p class=\"wp-block-paragraph\">Conoce al franc\u00e9s Sebasti\u00e1n Kleinhans y en 1861 contraen matrimonio. Se establecen en una zona residencial capitalina y la joven taxque\u00f1a despu\u00e9s de nacer su hija, a la que bautizan con el nombre de Margarita, retoma sus actividades literarias y entabla amistad con otro de nuestros valores en la poes\u00eda, <strong>Manuel Acu\u00f1a<\/strong>, quien la invit\u00f3 a pertenecer a la Sociedad Netzahualc\u00f3yotl. Comienzas sus \u00e9xitos y los reconocimientos a su labor.<\/p>\n\n\n\n<p class=\"wp-block-paragraph\">A su hija la induce tambi\u00e9n por el camino del arte y Margarita se convierte en una violinista reconocida y llega a directora de orquesta. Sus progenitores la impulsan y la joven act\u00faa como solista en conciertos que tienen lugar tanto en nuestro pa\u00eds como fuera de \u00e9l.<\/p>\n\n\n\n<p class=\"wp-block-paragraph\">Laureana es llamada a figurar como parte de la Sociedad Cient\u00edfica El Porvenir, cuyos directivos difunden las poes\u00edas de quien se hace amiga de la se\u00f1ora Delfina Ortega de D\u00edaz, sobrina y esposa de Porfirio D\u00edaz. Ya era colaboradora de <strong>El Diario del Hogar<\/strong>. En 1873 a petici\u00f3n de <strong>Ignacio Ram\u00edrez, \u201cEl Nigromante\u201d, <\/strong>&nbsp;y de <strong>Francisco Pimentel<\/strong>, ingresa al Liceo Hidalgo y en 1885 pasa al Liceo Altamirano. En ambas instituciones se consolidad como poetisa y periodista. Un a\u00f1o antes ya dirig\u00eda la antes referida Revista Violetas del An\u00e1huac y fund\u00f3 el peri\u00f3dico <strong>Las Hijas del An\u00e1huac<\/strong>.<\/p>\n\n\n\n<p class=\"wp-block-paragraph\">Era una mujer muy inquieta y decidida a sostener su movimiento a favor de los derechos de la mujer. Destac\u00f3 por sus art\u00edculos combativos contra el presidente Porfirio D\u00edaz, el cual hace que la expulsen del pa\u00eds, desoyendo a su esposa Delfina que intercedi\u00f3 por su amiga. Nada impidi\u00f3 que ella continuara a ritmo acelerado en sus trabajos como recopiladora de datos biogr\u00e1ficos de las mujeres m\u00e1s brillantes y una de las primeras es Juana de Asbaje y Ram\u00edrez, <strong>Sor Juana<\/strong>, a la que investiga desde sus ra\u00edces familiares. &nbsp;&nbsp;<\/p>\n\n\n\n<p class=\"wp-block-paragraph\"><strong>PROL\u00cdFICA ESCRITORA<\/strong><\/p>\n\n\n\n<p class=\"wp-block-paragraph\">Incansable y dedicada al estudio, sin descuidar su papel de esposa y de madre, Laureana se convirti\u00f3 en una escritora reclamada por sus art\u00edculos y elogiada por sus poes\u00edas de corte patri\u00f3tico. Al presidente D\u00edaz le atac\u00f3 por la explotaci\u00f3n de que eran objeto los trabajadores y \u00e9l no hac\u00eda nada para protegerlos de sus explotadores; no exist\u00eda ley laboral. Insist\u00eda permanentemente en la defensa de la mujer, y escribi\u00f3: \u201c<strong>la educaci\u00f3n femenina es el principio que demuestra la igualdad intelectual entre hombres y mujeres y es el principio de su emancipaci\u00f3n<\/strong>\u201d.<\/p>\n\n\n\n<p class=\"wp-block-paragraph\">En otro de sus art\u00edculos afirm\u00f3 que \u201c<strong>el sometimiento de la mujer se deb\u00eda b\u00e1sicamente a la falta de cultura y de educaci\u00f3n<\/strong>\u201d. Estableci\u00f3 contacto con los integrantes de la Logia del Rito Escoc\u00e9s Antiguoy con el Rito de York. Los primeros exclu\u00edan a la mujer y los segundos la \u201cdesvalorizaban\u201d y \u00e9stos \u201cno admit\u00edan jam\u00e1s en sus trabajos a un ciego, a un loco, ni a una mujer\u201d.&nbsp; No se sinti\u00f3 fracasada y se afili\u00f3 a la Sociedad Espiritista de M\u00e9xico, porque \u00e9sta \u201csosten\u00eda que hombres y mujeres son iguales en inteligencia\u201d. Lleg\u00f3 a ser vicepresidenta de esa Sociedad.<\/p>\n\n\n\n<p class=\"wp-block-paragraph\">A esta ilustre guerrerense en pleno Siglo XIX, la calificaron de revolucionaria por su pensamiento y acciones, cuando la mujer no pod\u00eda ni salir de su casa o pretender estudiar. Nada la deten\u00eda. De ella dijeron, en ese entonces, \u201ces una esposa culta y una madre educada\u201d.<\/p>\n\n\n\n<p class=\"wp-block-paragraph\">Entre sus obras destaca la titulada \u201c<strong>Mujeres Notables Mexicanas<\/strong>\u201d, editada en 1910 y en sus 595 p\u00e1ginas est\u00e1n redactadas 116 biograf\u00edas, siendo la primera de ellas, la de <strong>Carmelita Romero Rubio de D\u00edaz<\/strong>\u201d. No he le\u00eddo el libro y me dicen que abarca desde antes de la Conquista hasta mediados del Siglo XIX. Tambi\u00e9n nos leg\u00f3 dos libros, \u201cLa Emancipaci\u00f3n de la Mujer por Medio del Estudio\u201d y \u201cEducaci\u00f3n Err\u00f3nea de Mujer y Medio Pr\u00e1ctico para Arreglarla\u201d.<\/p>\n\n\n\n<p class=\"wp-block-paragraph\"><strong>OTRA MEXICANA ACTIVISTA<\/strong><\/p>\n\n\n\n<p class=\"wp-block-paragraph\">Los primeros pasos dados por Laureana en el movimiento feminista, los sigui\u00f3 una duranguense que destac\u00f3 en los \u00faltimos a\u00f1os del Siglo XIX. Ella fue <strong>Juana Bel\u00e9m Guti\u00e9rrez<\/strong>, fundadora de <strong>V\u00e9sper<\/strong>, un peri\u00f3dico combativo que tuvo brillantes colaboradores. La joven de 22 a\u00f1os inici\u00f3 su activismo como periodista adem\u00e1s de ejercer como profesora. Hubo de contrariar al presidente Porfirio D\u00edaz, quien la exili\u00f3 a Laredo, Texas.<\/p>\n\n\n\n<p class=\"wp-block-paragraph\">Juana Bel\u00e9m fue clasificada como anarquista, feminista y activista a favor de los revolucionarios hermanos <strong>Flores Mag\u00f3n<\/strong>, as\u00ed como se declar\u00f3 zapatista y estuvo al lado del Caudillo del Sur. Juana se cas\u00f3 con un minero, al que inclusive le ense\u00f1\u00f3 a leer y a escribir. Anduvo por toda la Rep\u00fablica, inici\u00f3 la publicaci\u00f3n de diferentes revistas y peri\u00f3dicos, adem\u00e1s de promover en 1911 que la mujer tuviera acceso a las urnas electorales.<\/p>\n\n\n\n<p class=\"wp-block-paragraph\">Tambi\u00e9n sigui\u00f3 la actividad del grupo Las Hijas del An\u00e1huac, en 1907, que fund\u00f3 en 1984 Laureana Wright. Su \u00faltima obra fue un libro en que refiri\u00f3 los problemas nacionales de la \u00e9poca. \u201cPor la Tierra y por la Raza\u201d fue el t\u00edtulo y se agot\u00f3 inmediatamente y en 1967 su hija Laura Mendoza Guti\u00e9rrez, apoyada por Susana Mendoza, nieta de la duranguense, hicieron una nueva edici\u00f3n.<\/p>\n\n\n\n<p class=\"wp-block-paragraph\"><strong>jherrerav@live.com.mx<\/strong><\/p>\n","protected":false},"excerpt":{"rendered":"<p>Siempre que escribimos, comentamos, hablamos, de la lucha feminista en nuestro pa\u00eds, sobre todo para resaltar la labor de quienes encabezaron movimientos y acciones para alcanzar la igualdad de derechos y obligaciones con los hombres<\/p>\n","protected":false},"author":3,"featured_media":38023,"comment_status":"open","ping_status":"open","sticky":false,"template":"","format":"standard","meta":{"_monsterinsights_skip_tracking":false,"footnotes":""},"categories":[692,94,35,107],"tags":[459],"class_list":["post-39212","post","type-post","status-publish","format-standard","has-post-thumbnail","category-692","category-jorge-herrera-valenzuela","category-opinion","category-rafaga","tag-opinion"],"_links":{"self":[{"href":"https:\/\/redsemlac.com\/semmexico\/wp-json\/wp\/v2\/posts\/39212","targetHints":{"allow":["GET"]}}],"collection":[{"href":"https:\/\/redsemlac.com\/semmexico\/wp-json\/wp\/v2\/posts"}],"about":[{"href":"https:\/\/redsemlac.com\/semmexico\/wp-json\/wp\/v2\/types\/post"}],"author":[{"embeddable":true,"href":"https:\/\/redsemlac.com\/semmexico\/wp-json\/wp\/v2\/users\/3"}],"replies":[{"embeddable":true,"href":"https:\/\/redsemlac.com\/semmexico\/wp-json\/wp\/v2\/comments?post=39212"}],"version-history":[{"count":0,"href":"https:\/\/redsemlac.com\/semmexico\/wp-json\/wp\/v2\/posts\/39212\/revisions"}],"wp:featuredmedia":[{"embeddable":true,"href":"https:\/\/redsemlac.com\/semmexico\/wp-json\/wp\/v2\/media\/38023"}],"wp:attachment":[{"href":"https:\/\/redsemlac.com\/semmexico\/wp-json\/wp\/v2\/media?parent=39212"}],"wp:term":[{"taxonomy":"category","embeddable":true,"href":"https:\/\/redsemlac.com\/semmexico\/wp-json\/wp\/v2\/categories?post=39212"},{"taxonomy":"post_tag","embeddable":true,"href":"https:\/\/redsemlac.com\/semmexico\/wp-json\/wp\/v2\/tags?post=39212"}],"curies":[{"name":"wp","href":"https:\/\/api.w.org\/{rel}","templated":true}]}}