{"id":39195,"date":"2021-08-15T14:30:00","date_gmt":"2021-08-15T20:30:00","guid":{"rendered":"https:\/\/redsemlac.com\/semmexico\/?p=39195"},"modified":"2023-07-21T17:05:29","modified_gmt":"2023-07-21T22:05:29","slug":"clamor-general-para-integracion-paritaria-de-la-jucopo-diputada-sauri-riancho","status":"publish","type":"post","link":"https:\/\/redsemlac.com\/semmexico\/clamor-general-para-integracion-paritaria-de-la-jucopo-diputada-sauri-riancho\/","title":{"rendered":"Clamor general para integraci\u00f3n paritaria de la Jucopo: Diputada Sauri Riancho"},"content":{"rendered":"\n<ul class=\"wp-block-list\"><li><strong>Es asegurar la v\u00eda para &nbsp;la igualdad sustantiva: Olga S\u00e1nchez Cordero, Gobernaci\u00f3n<\/strong><\/li><li><strong>Participaron en la presentaci\u00f3n del libro \u201cLas mujeres \u00bfen d\u00f3nde estamos?\u201d<\/strong><\/li><\/ul>\n\n\n\n<p class=\"wp-block-paragraph\"><strong>Libertad L\u00f3pez<\/strong><\/p>\n\n\n\n<p class=\"wp-block-paragraph\">SemM\u00e9xico, Cd. de M\u00e9xico, 15 de agosto, 2021.- Diputadas de todos los partidos pol\u00edticos expresaron su decisi\u00f3n para que en la legislatura que comienza el primero de septiembre, haya paridad real en la direcci\u00f3n pol\u00edtica del Congreso. As\u00ed se dijo en la presentaci\u00f3n del libro, \u00bfen d\u00f3nde estamos?<\/p>\n\n\n\n<p class=\"wp-block-paragraph\">Ah\u00ed la presidenta de la Mesa Directiva de la C\u00e1mara de Diputados, Dulce Mar\u00eda Sauri Rancho, fue enf\u00e1tica, dijo que es absolutamente posible y conveniente que la pr\u00f3xima Legislatura reforme la Ley Org\u00e1nica del Congreso para establecer que la Junta de Coordinaci\u00f3n Pol\u00edtica se integre por una mujer y un hombre de cada Grupo Parlamentario.<\/p>\n\n\n\n<p class=\"wp-block-paragraph\">&nbsp;Luego dijo que esta es una &nbsp;necesidad para &nbsp;hacer posibles aquellos derechos de las mujeres que est\u00e1n ligados a la vida cotidiana, porque consider\u00f3 que la pol\u00edtica interesa a muchas, pero hay otras mujeres que tienen carencias que impiden su participaci\u00f3n plena.<\/p>\n\n\n\n<p class=\"wp-block-paragraph\">El objetivo, indic\u00f3, es llegar a una sociedad en la que las mujeres ejerzan sus derechos econ\u00f3micos, tengan trabajo y salario digno, y desarrollen sus capacidades en los \u00e1mbitos social y pol\u00edtico sin obst\u00e1culos.<\/p>\n\n\n\n<p class=\"wp-block-paragraph\">Destac\u00f3 que en favor de las mujeres esta Legislatura logr\u00f3 la reforma constitucional para tener un Sistema Nacional de Cuidados, pero recalc\u00f3 que para que no quede s\u00f3lo en normativa hay que darle recursos, por lo que llam\u00f3 a que en el Presupuesto de Egresos de la Federaci\u00f3n 2022 se contemple lo necesario para dicho sistema.<\/p>\n\n\n\n<p class=\"wp-block-paragraph\">El libro \u201cLas mujeres \u00bfen d\u00f3nde estamos?\u201d, asegur\u00f3, genera orgullo por haber trascendido a un pasado lleno de discriminaci\u00f3n, pero deja el enorme reto de trabajar por un futuro de desarrollo pleno y \u201cpermite preguntarnos \u00bfa d\u00f3nde vamos las mujeres?\u201d<\/p>\n\n\n\n<p class=\"wp-block-paragraph\">&nbsp;\u201cHoy llegamos a un hito fundamental, porque esta es la Legislatura de la Paridad de G\u00e9nero, aunque hay que reconocer que no estamos aqu\u00ed s\u00f3lo por nosotras, sino por las muchas mujeres que lo hicieron posible\u201d, a\u00f1adi\u00f3.<\/p>\n\n\n\n<h2 class=\"wp-block-heading\"><strong>En M\u00e9xico se apuesta por la igualdad sustantiva y el empoderamiento de este sector de la poblaci\u00f3n<\/strong><\/h2>\n\n\n\n<p class=\"wp-block-paragraph\">La secretaria de Gobernaci\u00f3n, Olga S\u00e1nchez Cordero, se\u00f1al\u00f3 que el libro \u201cLas Mujeres, \u00bfen d\u00f3nde estamos?\u201d, de las diputadas Fabiola Loya Hern\u00e1ndez y Marta Tagle Mart\u00ednez, muestra la preocupaci\u00f3n que ha surgido en los \u00faltimos a\u00f1os: mujeres privadas de su libertad, migrantes y violencia en medios digitales.<\/p>\n\n\n\n<p class=\"wp-block-paragraph\">La titular de Gobernaci\u00f3n dijo que en M\u00e9xico se han impulsado los mecanismos dedicados a la pol\u00edtica de g\u00e9nero en cada entidad federativa, donde se apuesta por la igualdad sustantiva y el empoderamiento de la mujer.<\/p>\n\n\n\n<p class=\"wp-block-paragraph\">Muestra de ello, es que en seis entidades federativas del pa\u00eds las gubernaturas ser\u00e1n ocupadas por mujeres por primera vez en la historia. Adem\u00e1s, la Sexag\u00e9sima Cuarta Legislatura es conocida como la Legislatura de la Paridad de G\u00e9nero.<\/p>\n\n\n\n<p class=\"wp-block-paragraph\">La secretaria Olga S\u00e1nchez Cordero enfatiz\u00f3 que, a 25 a\u00f1os de la Declaraci\u00f3n y Plataforma de Acci\u00f3n de Beijing, \u201csi me preguntan en d\u00f3nde estamos las mujeres, responder\u00eda que en camino hacia una realidad en la que no tengamos que declarar, firmar o gritar que somos iguales, porque lo somos\u201d.<\/p>\n\n\n\n<p class=\"wp-block-paragraph\">Afirm\u00f3 que se continuar\u00e1 repitiendo en el pa\u00eds hasta que no quepa ninguna duda que los derechos de las mujeres son derechos humanos.<\/p>\n\n\n\n<h2 class=\"wp-block-heading\"><strong>Participaci\u00f3n de diputadas e invitadas<\/strong><strong><\/strong><\/h2>\n\n\n\n<p class=\"wp-block-paragraph\">La diputada Fabiola Loya Hern\u00e1ndez, coordinadora del Grupo Parlamentario Movimiento Ciudadano y coautora del libro, sostuvo que las mujeres hoy tienen poder, inciden e impactan con su presencia y trabajo en la vida del pa\u00eds; sin embargo, record\u00f3 que a\u00fan hay una brecha en educaci\u00f3n, salarios, salud e igualdad.<\/p>\n\n\n\n<p class=\"wp-block-paragraph\">&nbsp;\u201cSe necesita nuestra perspectiva en todas y cada una de las decisiones que se toman para el pa\u00eds; se necesita ver con los lentes de g\u00e9nero y no dar pasos hacia atr\u00e1s. En esta Legislatura avanzamos hacia el principio de paridad y es el estandarte que tenemos que llevar\u201d, dijo.<\/p>\n\n\n\n<p class=\"wp-block-paragraph\">La diputada Martha Tagle Mart\u00ednez (MC), coautora del libro, asegur\u00f3 que es debido al actuar de las mujeres en los espacios p\u00fablicos que se hace camino para que la igualdad sea un horizonte cercano y no s\u00f3lo una utop\u00eda. \u201cNos imagin\u00e1bamos justo este escenario y con este panel se da respuesta a la pregunta de d\u00f3nde estamos las mujeres\u201d.<\/p>\n\n\n\n<p class=\"wp-block-paragraph\">&nbsp;\u201cEstamos en los principales cargos en este pa\u00eds, ocupamos los lugares por derechos propios despu\u00e9s de un largo camino, de batallas dadas, acciones sucesivas, reconocimientos alcanzados, hemos conquistado el derecho a ocupar esos lugares\u201d, expres\u00f3.<\/p>\n\n\n\n<p class=\"wp-block-paragraph\">Norma Luc\u00eda Pi\u00f1a Hern\u00e1ndez, magistrada de la Suprema Corte de Justicia de la Naci\u00f3n, indic\u00f3 que con este libro culmina el an\u00e1lisis de \u201cd\u00f3nde nos encontramos y hacia d\u00f3nde vamos\u201d, en el cual las autoras examinan la situaci\u00f3n que impera en M\u00e9xico a 25 a\u00f1os de la declaraci\u00f3n de Beijing.<\/p>\n\n\n\n<p class=\"wp-block-paragraph\">&nbsp;\u201cEs de gran relevancia que nos permite reflexionar sobre las acciones concretas para lograr la igualdad entre mujeres y varones, pero advierte que es indispensable la existencia de un andamiaje jur\u00eddico eficaz e integral que proteja los derechos de la mujer para vivir una libre de violencia\u201d, expuso.<\/p>\n\n\n\n<p class=\"wp-block-paragraph\">Bel\u00e9n Sanz Luque, representante de ONU Mujeres en M\u00e9xico, refiri\u00f3 que nuestro pa\u00eds es aliado para hacer valer los derechos de las mujeres, lo que permite generar pactos para que los pa\u00edses rezagados en el tema avancen m\u00e1s r\u00e1pido.<\/p>\n\n\n\n<p class=\"wp-block-paragraph\">Estim\u00f3 que hay temas pendientes en la agenda como atender las brechas preexistentes en igualdad de g\u00e9nero, principalmente dentro de los hogares, as\u00ed como desarrollar una infraestructura adecuada de cuidados, sobre todo en estos tiempos de pandemia.<\/p>\n\n\n\n<p class=\"wp-block-paragraph\">Elisa Alan\u00eds Zurutuza, periodista y Master en An\u00e1lisis Pol\u00edtico y Medios de Informaci\u00f3n, dijo que el camino de la igualdad se abre brecha desde el Poder Legislativo, Ejecutivo y Judicial, pues son los que empiezan y marcan la ruta para avanzar en las realidades que hacen falta.<\/p>\n\n\n\n<p class=\"wp-block-paragraph\">&nbsp;\u201cSi en este primer Congreso de la Paridad no se ha logrado la igualdad sustantiva, en el \u00e1mbito empresarial y privado se est\u00e1 lejos de lograrlo. Es uno de los grandes pendientes\u201d, expres\u00f3.<\/p>\n","protected":false},"excerpt":{"rendered":"<p>Participaron en la presentaci\u00f3n del libro \u201cLas mujeres \u00bfen d\u00f3nde estamos?\u201d<\/p>\n","protected":false},"author":3,"featured_media":39196,"comment_status":"open","ping_status":"open","sticky":false,"template":"","format":"standard","meta":{"_monsterinsights_skip_tracking":false,"footnotes":""},"categories":[692,50],"tags":[],"class_list":["post-39195","post","type-post","status-publish","format-standard","has-post-thumbnail","category-692","category-congreso"],"_links":{"self":[{"href":"https:\/\/redsemlac.com\/semmexico\/wp-json\/wp\/v2\/posts\/39195","targetHints":{"allow":["GET"]}}],"collection":[{"href":"https:\/\/redsemlac.com\/semmexico\/wp-json\/wp\/v2\/posts"}],"about":[{"href":"https:\/\/redsemlac.com\/semmexico\/wp-json\/wp\/v2\/types\/post"}],"author":[{"embeddable":true,"href":"https:\/\/redsemlac.com\/semmexico\/wp-json\/wp\/v2\/users\/3"}],"replies":[{"embeddable":true,"href":"https:\/\/redsemlac.com\/semmexico\/wp-json\/wp\/v2\/comments?post=39195"}],"version-history":[{"count":0,"href":"https:\/\/redsemlac.com\/semmexico\/wp-json\/wp\/v2\/posts\/39195\/revisions"}],"wp:featuredmedia":[{"embeddable":true,"href":"https:\/\/redsemlac.com\/semmexico\/wp-json\/wp\/v2\/media\/39196"}],"wp:attachment":[{"href":"https:\/\/redsemlac.com\/semmexico\/wp-json\/wp\/v2\/media?parent=39195"}],"wp:term":[{"taxonomy":"category","embeddable":true,"href":"https:\/\/redsemlac.com\/semmexico\/wp-json\/wp\/v2\/categories?post=39195"},{"taxonomy":"post_tag","embeddable":true,"href":"https:\/\/redsemlac.com\/semmexico\/wp-json\/wp\/v2\/tags?post=39195"}],"curies":[{"name":"wp","href":"https:\/\/api.w.org\/{rel}","templated":true}]}}