{"id":39178,"date":"2021-08-14T10:40:00","date_gmt":"2021-08-14T16:40:00","guid":{"rendered":"https:\/\/redsemlac.com\/semmexico\/?p=39178"},"modified":"2023-07-21T17:05:30","modified_gmt":"2023-07-21T22:05:30","slug":"hoy-tampoco-se-puede-concebir-una-democracia-sin-garantizar-a-la-sociedad-el-derecho-de-acceso-a-la-informacion-y-la-transparencia-miguel-barbosa-huerta","status":"publish","type":"post","link":"https:\/\/redsemlac.com\/semmexico\/hoy-tampoco-se-puede-concebir-una-democracia-sin-garantizar-a-la-sociedad-el-derecho-de-acceso-a-la-informacion-y-la-transparencia-miguel-barbosa-huerta\/","title":{"rendered":"Hoy tampoco se puede concebir una democracia sin garantizar a la sociedad el derecho de acceso a la informaci\u00f3n y la transparencia: Miguel Barbosa Huerta"},"content":{"rendered":"\n<ul class=\"wp-block-list\"><li><strong>Imprescindible que instancias gubernamentales pongan punto final a las manifestaciones de violencia de g\u00e9nero: Blanca Lilia Ibarra Cadena<\/strong><\/li><li><strong>En el INAI refrenda compromiso con las acciones para prevenir la violencia y la discriminaci\u00f3n: Josefina Rom\u00e1n Vergara<\/strong><\/li><\/ul>\n\n\n\n<p class=\"wp-block-paragraph\"><strong>Redacci\u00f3n<\/strong><\/p>\n\n\n\n<p class=\"wp-block-paragraph\">SemM\u00e9xico\/Ceprovysa, Cd. de M\u00e9xico,\u00a0 14 de agosto, \u00a02021.- \u201cSin igualdad de g\u00e9nero, no hay democracia posible; sin ella, existe exclusi\u00f3n y se trastocan los procesos democr\u00e1ticos, al socavarse las libertades y derechos de las mujeres\u201d, afirm\u00f3 la Comisionada Presidenta del Instituto Nacional de Transparencia, Acceso a la Informaci\u00f3n y Protecci\u00f3n de Datos Personales (INAI) y del Sistema Nacional de Transparencia (SNT), Blanca Lilia Ibarra Cadena.<\/p>\n\n\n\n<p class=\"wp-block-paragraph\">Durante la inauguraci\u00f3n del foro Panorama Actual de la Perspectiva de G\u00e9nero en el SNT, Ibarra Cadena consider\u00f3 imprescindible que todas las instancias gubernamentales unan esfuerzos para poner punto final a las manifestaciones de violencia que persisten en contra de la mujer. \u201cReiteramos la exigencia de erradicar las pr\u00e1cticas que normalizan y profundizan la discriminaci\u00f3n y violencia contra ni\u00f1as y mujeres\u201d, subray\u00f3.<\/p>\n\n\n\n<p class=\"wp-block-paragraph\">A su vez, el Gobernador del Estado de Puebla, Miguel Barbosa Huerta, asegur\u00f3 que en la actualidad no se puede concebir una democracia sin que se garantice a la sociedad el derecho de acceso a la informaci\u00f3n p\u00fablica y se consolide la transparencia gubernamental.<\/p>\n\n\n\n<p class=\"wp-block-paragraph\">Advirti\u00f3 que para hacer realmente efectivo el acceso a la informaci\u00f3n \u201cfalta m\u00e1s voluntad pol\u00edtica y falta mucha inversi\u00f3n p\u00fablica en el ordenamiento de los archivos; llegar a encontrar los archivos a\u00fan en bodegas, sin un orden, como lo establece hoy la Ley, y sin una digitalizaci\u00f3n, hace complicado cumplir con el derecho de acceso a la informaci\u00f3n que tienen las personas\u201d.<\/p>\n\n\n\n<p class=\"wp-block-paragraph\">Al referirse al tema de la perspectiva de g\u00e9nero, Barbosa Huerta se\u00f1al\u00f3 que en su administraci\u00f3n la igualdad sustantiva es una realidad y muestra de ello es que su esquipo est\u00e1 conformado por 10 mujeres y siete hombres.<\/p>\n\n\n\n<p class=\"wp-block-paragraph\">En su intervenci\u00f3n, el Coordinador de los Organismos Garantes de las Entidades Federativas del SNT y Comisionado Presidente del INFO Ciudad de M\u00e9xico, Julio C\u00e9sar Bonilla Guti\u00e9rrez, destac\u00f3 la importancia de la participaci\u00f3n de las mujeres en el desarrollo del derecho de acceso a la informaci\u00f3n p\u00fablica y la transparencia en M\u00e9xico, as\u00ed como el avance en la agenda de g\u00e9nero al interior del SNT.<\/p>\n\n\n\n<p class=\"wp-block-paragraph\">\u201cLa equidad de g\u00e9nero es una condici\u00f3n necesaria para las posibilidades de desarrollo de una democracia moderna como la nuestra, sustantiva, en la que la participaci\u00f3n, el involucramiento y la decisi\u00f3n de lo que les es propio, les importa, les ata\u00f1e, por derecho, recaiga en mujeres como protagonistas y generadoras de cambio social, siempre en igualdad de condiciones\u201d, apunt\u00f3.<\/p>\n\n\n\n<p class=\"wp-block-paragraph\">En un mensaje previo al acto inaugural, la Ministra de la Suprema Corte de Justicia de la Naci\u00f3n (SCJN), Yasm\u00edn Esquivel Mossa, asever\u00f3 que la informaci\u00f3n p\u00fablica representa una posibilidad de empoderar a las mujeres, transformar su vida, la de su familia y sus comunidades, ya que contribuye a cerrar la brecha de la desigualdad y eliminar asimetr\u00edas, promueve la participaci\u00f3n ciudadana, potencia el ejercicio de otros derechos y es de utilidad para construir pol\u00edticas p\u00fablicas adecuadas, donde resulta indispensable que prevalezca la perspectiva de g\u00e9nero.<\/p>\n\n\n\n<p class=\"wp-block-paragraph\">\u201cEn este \u00faltimo aspecto cobra relevancia contar con informaci\u00f3n desagregada de g\u00e9nero, visibilizar los contextos de violencia, de desigualdad, de discriminaci\u00f3n en el que viven muchas mujeres, la informaci\u00f3n es fundamental, tambi\u00e9n para las instituciones p\u00fablicas responsables de prevenir, atender y sancionar la violencia contra las mujeres y para que se dise\u00f1en e implementen las acciones preventivas de seguridad y justicia necesarias para erradicarla\u201d, resalt\u00f3.<\/p>\n\n\n\n<p class=\"wp-block-paragraph\">Por su parte, la Senadora X\u00f3chitl G\u00e1lvez Ruiz, Secretaria de la Comisi\u00f3n de Anticorrupci\u00f3n, Transparencia y Participaci\u00f3n Ciudadana del Senado de la Rep\u00fablica, celebr\u00f3 que el SNT impulse la discusi\u00f3n seria, el an\u00e1lisis, las propuestas y, por encima de todo ello, la implementaci\u00f3n de acciones contundentes que permitan avanzar, a nivel normativo y material, en la construcci\u00f3n de un sistema jur\u00eddico, pol\u00edtico y social con perspectiva de g\u00e9nero.<\/p>\n\n\n\n<p class=\"wp-block-paragraph\">\u201cSon estos foros en donde las ideas tienen que encontrarse y contrastarse, en donde quienes estamos trabajando por esta causa tenemos que poner nuestro granito de arena para construir propuestas, encontrar hojas de ruta para definir metodolog\u00edas y procesos que lleven a un M\u00e9xico con plena igualdad entre hombres y mujeres\u201d, afirm\u00f3 al destacar la importante funci\u00f3n de los \u00f3rganos garantes del SNT en la promoci\u00f3n de la igualdad sustantiva.<\/p>\n\n\n\n<p class=\"wp-block-paragraph\">Durante la mesa \u201cLa lucha contra la violencia de g\u00e9nero en las agendas de los organismos garantes del SNT\u201d, la Comisionada Norma Julieta del R\u00edo Venegas comparti\u00f3 algunas de las acciones emprendidas por el Sistema para hacer frente a la violencia de g\u00e9nero que padecen, en especial, las mujeres, entre las cuales se encuentran la Agenda de Compromisos en Materia de Derechos Humanos, Igualdad de G\u00e9nero y no Discriminaci\u00f3n y el Dec\u00e1logo para el Fortalecimiento del Enfoque de Derechos Humanos, Igualdad de G\u00e9nero e Inclusi\u00f3n Social.<\/p>\n\n\n\n<p class=\"wp-block-paragraph\">\u201cLas mujeres en nuestro pa\u00eds se encuentran en un estado de vulnerabilidad y este problema social lo podemos erradicar si todos y todas nos unimos para que, desde nuestros espacios, nuestras sillas, nuestras responsabilidades, generemos una cultura e implementemos pol\u00edticas p\u00fablicas, as\u00ed como medidas con una perspectiva de g\u00e9nero\u201d, subray\u00f3 al hacer un llamado para que hombres y mujeres conozcan los ordenamientos en la materia, as\u00ed como el trabajo realizado por el SNT.<\/p>\n\n\n\n<p class=\"wp-block-paragraph\">En su intervenci\u00f3n, la Comisionada Josefina Rom\u00e1n Vergara advirti\u00f3 que el reconocimiento de la violencia de g\u00e9nero como una forma de discriminaci\u00f3n es reciente, por lo que, ante los panoramas adversos que viven las mujeres, es urgente que las autoridades generen acciones enfocadas a atender la necesidad nacional de garantizar un ambiente seguro y libre de violencia de g\u00e9nero.<\/p>\n\n\n\n<p class=\"wp-block-paragraph\">\u201cLa importancia de las instituciones, m\u00e1s all\u00e1 del valor que pueden aportar las personas que las integran, radica en su misi\u00f3n y que puedan trascender m\u00e1s all\u00e1 de las propias personas. Como instituci\u00f3n democr\u00e1tica del Estado mexicano, en el INAI refrendamos el compromiso con las acciones que permitan prevenir la violencia y la discriminaci\u00f3n contra cualquier persona\u201d, detall\u00f3, al resaltar las acciones emprendidas por el \u00f3rgano garante nacional para promover la igualdad sustantiva, as\u00ed como transversalizar la perspectiva de g\u00e9nero y el principio de no discriminaci\u00f3n.<\/p>\n\n\n\n<p class=\"wp-block-paragraph\">En la mesa \u201cMedidas de protecci\u00f3n en situaciones de violencia contra las mujeres en el \u00e1mbito p\u00fablico\u201d, el Comisionado Oscar Guerra Ford sostuvo que anualmente ha ido aumentando el uso que el sector femenino de la poblaci\u00f3n hace de la Plataforma Nacional de Transparencia (PNT): en 2003, el 29.8 por ciento de las solicitudes de informaci\u00f3n presentadas ante sujetos obligados federales fue hecha por mujeres, y para 2019 aument\u00f3 ese porcentaje a 40.7.<\/p>\n\n\n\n<p class=\"wp-block-paragraph\">A\u00f1adi\u00f3 que, por medio del uso de acceso a la informaci\u00f3n, muchas mexicanas han logrado obtener sus pensiones por viudez o divorcio, as\u00ed como estad\u00edsticas sobre abortos e identificaci\u00f3n de personas desparecidas; \u201csi queremos una sociedad democr\u00e1tica e incluyente como creo la queremos la gran mayor\u00eda o todos, el acceso a la informaci\u00f3n es uno de los instrumentos que puede ayudar a disminuir la violencia de g\u00e9nero en nuestro pa\u00eds\u201d.<\/p>\n\n\n\n<p class=\"wp-block-paragraph\">En el acto inaugural estuvieron presentes la Comisionada Josefina Rom\u00e1n Vergara y los Comisionados Francisco Javier Acu\u00f1a Llamas, Adri\u00e1n Alcal\u00e1 M\u00e9ndez y Oscar Guerra Ford; el Comisionado Presidente del \u00f3rgano garante de Puebla, Francisco Javier Garc\u00eda Blanco y la Comisionada Laura Carca\u00f1o Ruiz; la titular de la Secretar\u00eda de Gobernaci\u00f3n Estatal, Ana Luc\u00eda Hill Mayoral; as\u00ed como la Presidenta del Patronato del Sistema para el Desarrollo Integral de la Familia del Estado de Puebla, Mar\u00eda del Rosario Orozco Caballero.<\/p>\n\n\n\n<p class=\"wp-block-paragraph\">El foro es organizado por el INAI y el SNT, a trav\u00e9s de la Coordinaci\u00f3n de Organismos Garantes de las Entidades Federativas; la Comisi\u00f3n de Derechos Humanos, Equidad de G\u00e9nero e Inclusi\u00f3n Social y las Coordinaciones Regionales; se lleva a cabo en el Museo Internacional del Barroco de Puebla, en la modalidad semi presencial, y en los trabajos participan Comisionadas y Comisionados de los institutos de transparencia de los Estados de la Rep\u00fablica.<\/p>\n","protected":false},"excerpt":{"rendered":"<p>En el INAI refrenda compromiso con las acciones para prevenir la violencia y la discriminaci\u00f3n: Josefina Rom\u00e1n Vergara<\/p>\n","protected":false},"author":3,"featured_media":39179,"comment_status":"open","ping_status":"open","sticky":false,"template":"","format":"standard","meta":{"_monsterinsights_skip_tracking":false,"footnotes":""},"categories":[692,51],"tags":[],"class_list":["post-39178","post","type-post","status-publish","format-standard","has-post-thumbnail","category-692","category-ejecutivo"],"_links":{"self":[{"href":"https:\/\/redsemlac.com\/semmexico\/wp-json\/wp\/v2\/posts\/39178","targetHints":{"allow":["GET"]}}],"collection":[{"href":"https:\/\/redsemlac.com\/semmexico\/wp-json\/wp\/v2\/posts"}],"about":[{"href":"https:\/\/redsemlac.com\/semmexico\/wp-json\/wp\/v2\/types\/post"}],"author":[{"embeddable":true,"href":"https:\/\/redsemlac.com\/semmexico\/wp-json\/wp\/v2\/users\/3"}],"replies":[{"embeddable":true,"href":"https:\/\/redsemlac.com\/semmexico\/wp-json\/wp\/v2\/comments?post=39178"}],"version-history":[{"count":0,"href":"https:\/\/redsemlac.com\/semmexico\/wp-json\/wp\/v2\/posts\/39178\/revisions"}],"wp:featuredmedia":[{"embeddable":true,"href":"https:\/\/redsemlac.com\/semmexico\/wp-json\/wp\/v2\/media\/39179"}],"wp:attachment":[{"href":"https:\/\/redsemlac.com\/semmexico\/wp-json\/wp\/v2\/media?parent=39178"}],"wp:term":[{"taxonomy":"category","embeddable":true,"href":"https:\/\/redsemlac.com\/semmexico\/wp-json\/wp\/v2\/categories?post=39178"},{"taxonomy":"post_tag","embeddable":true,"href":"https:\/\/redsemlac.com\/semmexico\/wp-json\/wp\/v2\/tags?post=39178"}],"curies":[{"name":"wp","href":"https:\/\/api.w.org\/{rel}","templated":true}]}}