{"id":39175,"date":"2021-08-14T10:00:00","date_gmt":"2021-08-14T16:00:00","guid":{"rendered":"https:\/\/redsemlac.com\/semmexico\/?p=39175"},"modified":"2023-07-21T17:05:30","modified_gmt":"2023-07-21T22:05:30","slug":"las-dos-camaras-rechazan-a-amenazas-a-periodistas-piden-proteccion-para-medios-amenazados","status":"publish","type":"post","link":"https:\/\/redsemlac.com\/semmexico\/las-dos-camaras-rechazan-a-amenazas-a-periodistas-piden-proteccion-para-medios-amenazados\/","title":{"rendered":"Las dos c\u00e1maras rechazan a amenazas a periodistas, piden protecci\u00f3n para medios amenazados"},"content":{"rendered":"\n<ul class=\"wp-block-list\"><li><strong>El Senado llam\u00f3 a las autoridades a identificar las &nbsp;amenazas por grupo del crimen organizado<\/strong><\/li><li><strong>Se pronuncia la coordinaci\u00f3n pol\u00edtica de la c\u00e1mara de la paridad para proteger a Azucena Uresti<\/strong><\/li><\/ul>\n\n\n\n<p class=\"wp-block-paragraph\"><strong>Micaela M\u00e1rquez &nbsp;<\/strong><strong><br><\/strong><br>SemM\u00e9xico, Cd. de M\u00e9xico, 14 de agosto 2021.- El Senado en voz del presidente de la mesa directiva, Eduardo Ram\u00edrez, conden\u00f3 las amenazas que un grupo del crimen organizado lanz\u00f3 en contra de la periodista Azucena Uresti y diversos medios de comunicaci\u00f3n.<\/p>\n\n\n\n<p class=\"wp-block-paragraph\">Exhorto a las autoridades competentes para que les otorguen medidas precautorias a los periodistas ya que preciso que es competencia de las autoridades garantizar la vida, la integridad f\u00edsica y el patrimonio de todos los mexicanos y&nbsp; las mexicanas.<\/p>\n\n\n\n<p class=\"wp-block-paragraph\">El legislador dijo que \u201ccomo Poder Legislativo, como Senado de la Rep\u00fablica, condenamos este tipo de amenazas\u201d, en entrevista despu\u00e9s del festival cultural \u00a1Zapata Vive!, que tuvo lugar en la antigua casona de Xicot\u00e9ncatl.<\/p>\n\n\n\n<p class=\"wp-block-paragraph\">Considero que las y los periodistas hacen un trabajo con responsabilidad, con honestidad, y hay que evitar hechos lamentables que el d\u00eda de ma\u00f1ana ser\u00edan muy graves para nuestra sociedad y para los comunicadores. &nbsp;<\/p>\n\n\n\n<p class=\"wp-block-paragraph\">A pregunta de los reporteros dijo que se tiene tiempo para expedir la Ley Federal de Revocaci\u00f3n de Mandato, pero primero se tiene que analizar al interior de Morena y contar con el consenso de los Grupos Parlamentarios.<br><br>Tambi\u00e9n expres\u00f3 su benepl\u00e1cito porque en el Tribunal Electoral del Poder Judicial de la Federaci\u00f3n se hayan puesto de acuerdo para que \u201ctransite la impartici\u00f3n de justicia electoral sin problema alguno\u201d. &nbsp;<\/p>\n\n\n\n<h2 class=\"wp-block-heading\"><strong>La C\u00e1mara de Diputados rechaza las amenazas a periodistas por grupos armados<\/strong><\/h2>\n\n\n\n<p class=\"wp-block-paragraph\">La C\u00e1mara de Diputados del Honorable Congreso de la Uni\u00f3n rechaza las amenazas contra la periodista Azucena Uresti, Televisa, Milenio y El Universal por parte de uno de los grupos armados enfrentado por el control de algunos municipios de Michoac\u00e1n.\u00a0<\/p>\n\n\n\n<p class=\"wp-block-paragraph\">En un comunicado se da a conocer el pronunciamiento de la Junta de Coordinaci\u00f3n Pol\u00edtica de la C\u00e1mara de Diputados, con fundamento en los art\u00edculos 33 y 34, numeral 1, inciso b) de la Ley Org\u00e1nica del Congreso General de los Estados Unidos Mexicanos.<\/p>\n\n\n\n<p class=\"wp-block-paragraph\">Asimismo, se exhorta a todos los \u00f3rganos de gobierno a generar las condiciones para una vida libre de violencia que permita a las y los periodistas realizar su trabajo con respeto, libertad y seguridad.<\/p>\n\n\n\n<p class=\"wp-block-paragraph\">As\u00ed como a fortalecer la coordinaci\u00f3n gubernamental para combatir con rigor a los grupos delincuenciales que atentan contra la libertad y la seguridad de las y los mexicanos.<\/p>\n\n\n\n<p class=\"wp-block-paragraph\">Destaca que la acci\u00f3n en\u00e9rgica del Estado Mexicano es fundamental para lograr la protecci\u00f3n y mejores niveles de bienestar para la convivencia en comunidades seguras, en las que no caben las intimidaciones, la violencia ni la coacci\u00f3n. La C\u00e1mara de Diputados refrenda que, en una sociedad plural y democr\u00e1tica, el ejercicio de las libertades debe ser plenamente respetado trat\u00e1ndose de la libertad de prensa, la libertad de expresi\u00f3n y la difusi\u00f3n de informaci\u00f3n&nbsp;<br><br><br><\/p>\n","protected":false},"excerpt":{"rendered":"<p>El Senado llam\u00f3 a las autoridades a identificar las \u00a0amenazas por grupo del crimen organizado<\/p>\n","protected":false},"author":3,"featured_media":39176,"comment_status":"open","ping_status":"open","sticky":false,"template":"","format":"standard","meta":{"_monsterinsights_skip_tracking":false,"footnotes":""},"categories":[692,50],"tags":[142],"class_list":["post-39175","post","type-post","status-publish","format-standard","has-post-thumbnail","category-692","category-congreso","tag-violencia"],"_links":{"self":[{"href":"https:\/\/redsemlac.com\/semmexico\/wp-json\/wp\/v2\/posts\/39175","targetHints":{"allow":["GET"]}}],"collection":[{"href":"https:\/\/redsemlac.com\/semmexico\/wp-json\/wp\/v2\/posts"}],"about":[{"href":"https:\/\/redsemlac.com\/semmexico\/wp-json\/wp\/v2\/types\/post"}],"author":[{"embeddable":true,"href":"https:\/\/redsemlac.com\/semmexico\/wp-json\/wp\/v2\/users\/3"}],"replies":[{"embeddable":true,"href":"https:\/\/redsemlac.com\/semmexico\/wp-json\/wp\/v2\/comments?post=39175"}],"version-history":[{"count":0,"href":"https:\/\/redsemlac.com\/semmexico\/wp-json\/wp\/v2\/posts\/39175\/revisions"}],"wp:featuredmedia":[{"embeddable":true,"href":"https:\/\/redsemlac.com\/semmexico\/wp-json\/wp\/v2\/media\/39176"}],"wp:attachment":[{"href":"https:\/\/redsemlac.com\/semmexico\/wp-json\/wp\/v2\/media?parent=39175"}],"wp:term":[{"taxonomy":"category","embeddable":true,"href":"https:\/\/redsemlac.com\/semmexico\/wp-json\/wp\/v2\/categories?post=39175"},{"taxonomy":"post_tag","embeddable":true,"href":"https:\/\/redsemlac.com\/semmexico\/wp-json\/wp\/v2\/tags?post=39175"}],"curies":[{"name":"wp","href":"https:\/\/api.w.org\/{rel}","templated":true}]}}