{"id":39133,"date":"2021-08-10T15:54:00","date_gmt":"2021-08-10T21:54:00","guid":{"rendered":"https:\/\/redsemlac.com\/semmexico\/?p=39133"},"modified":"2023-07-21T17:05:31","modified_gmt":"2023-07-21T22:05:31","slug":"mexico-absurdos-cotidianos","status":"publish","type":"post","link":"https:\/\/redsemlac.com\/semmexico\/mexico-absurdos-cotidianos\/","title":{"rendered":"M\u00e9xico: absurdos cotidianos"},"content":{"rendered":"\n<p class=\"wp-block-paragraph\">Teresa Gurza\u00b9<\/p>\n\n\n\n<p class=\"wp-block-paragraph\">SemM\u00e9xico\/Periodistas en Espa\u00f1ol, 10 de agosto, 2021.- Es revelador y lamentable que el 99 por ciento del tiempo de&nbsp;<strong>L\u00f3pez Obrador&nbsp;<\/strong>est\u00e9 dedicado a intentar solucionar problemas que \u00e9l ha creado y M\u00e9xico no tendr\u00eda, si \u00e9l no fuera presidente.<\/p>\n\n\n\n<p class=\"wp-block-paragraph\">Y como no los resuelve y maneja el pa\u00eds con mentiras, ocurrencias y caprichos, recurre a distractores como la rifa del avi\u00f3n\u00b2 sin avi\u00f3n; el combate al&nbsp;<em>guachicola<\/em>&nbsp;(bebida alcoh\u00f3lica adulterada) que sigue ah\u00ed, pero nos dej\u00f3 sin gasolina; la creaci\u00f3n de un Instituto de Salud que no funciona; el desabasto de medicamentos y sus peleas con el INE, empresarios, clase media, intelectuales y periodistas.<\/p>\n\n\n\n<p class=\"wp-block-paragraph\">Su \u00faltima tontera fue la consulta que orden\u00f3 hacer el domingo (8 de agosto), para disfrazar su rechazo a simplemente aplicar la ley a expresidentes que saquearon al pa\u00eds.<\/p>\n\n\n\n<p class=\"wp-block-paragraph\">La consulta fue ignorada por el 93 por ciento de los electores; pero el presidente tiene pocas aspiraciones y declar\u00f3 estar \u00abfeliz\u00bb con el resultado.<\/p>\n\n\n\n<p class=\"wp-block-paragraph\">El que hayan votado 6 millones 663 mil personas, veinticuatro millones menos que los que lo eligieron presidente, confirma que el PRI le pas\u00f3 sufragios en 2018.<\/p>\n\n\n\n<p class=\"wp-block-paragraph\">Y muestra que no nos dejamos enga\u00f1ar y vemos con claridad los actuales problemas del pa\u00eds, que son entre muchos otros, los cr\u00edmenes contra mujeres y ni\u00f1os que quedan sin justicia.<\/p>\n\n\n\n<p class=\"wp-block-paragraph\">Ejemplos sobran, siendo uno de los m\u00e1s indignantes la negativa de diputados de su partido a desaforar a su compa\u00f1ero&nbsp;<strong>Benjam\u00edn Sa\u00fal Huerta<\/strong>, acusado de violar a cuando menos un menor de edad.<\/p>\n\n\n\n<p class=\"wp-block-paragraph\">La semana estuvo llena de asuntos que merec\u00edan otro trato de parte de L\u00f3pez Obrador.<\/p>\n\n\n\n<p class=\"wp-block-paragraph\">Aunque la evidencia indica que no funciona su estrategia de abrazar a narcos y a otros criminales, en su gira por Sinaloa insisti\u00f3 que \u00abes m\u00e1s eficaz apoyarlos, que dispararles\u00bb; pero el apoyo sale de recursos p\u00fablicos que no le pertenecen y debieran ser mejor empleados.<\/p>\n\n\n\n<p class=\"wp-block-paragraph\">Y en conferencia de prensa en Badiraguato, tierra natal del Chapo Guzm\u00e1n, lament\u00f3 que el fentanilo \u00abque viene de Asia y entra de contrabando\u00bb est\u00e9 desplazando como droga a la mariguana y la amapola mexicanas \u00ab \u00bfde qu\u00e9 va a vivir entonces la gente?\u00bb<\/p>\n\n\n\n<p class=\"wp-block-paragraph\">El civil sube a casi 19 mil&nbsp;&nbsp;nuevos casos en veinticuatro horas, afectando sobre todo a j\u00f3venes; pero AMLO insiste en que \u00abllueve truene o relampaguee\u00bb se reabrir\u00e1n las escuelas y argumentando que su hijo adolescente se infect\u00f3 \u00aby no pas\u00f3 nada grave\u00bb, no se vacunar\u00e1 a los ni\u00f1os porque \u00abno est\u00e1 bien que seamos consumistas vacunando solo por vacunar\u00bb.<\/p>\n\n\n\n<p class=\"wp-block-paragraph\">Y lo secund\u00f3&nbsp;<strong>Hugo L\u00f3pez Gatell<\/strong>, encargado de la pandemia que ha matado a casi 245.000 mexicanos, \u00abno se les vacunar\u00e1 porque entre ellos la mortalidad no es alta\u00bb.<\/p>\n\n\n\n<p class=\"wp-block-paragraph\">Los programas sociales gubernamentales no han beneficiado a los m\u00e1s necesitados, los pobres son ahora m\u00e1s pobres que en las administraciones anteriores.<\/p>\n\n\n\n<p class=\"wp-block-paragraph\">En base a un an\u00e1lisis del Instituto de Estudios sobre Desigualdad, Animal Pol\u00edtico se\u00f1al\u00f3 que en 2020 abarcaron apenas al 35 por ciento de los hogares, mientras en 2016 llegaban al 61; y que entre ese a\u00f1o y 2020, se duplic\u00f3 el porcentaje de ricos con ellos beneficiados.<\/p>\n\n\n\n<p class=\"wp-block-paragraph\">No hay dinero para medicamentos oncol\u00f3gicos que salvar\u00edan vidas de ni\u00f1os con c\u00e1ncer, pero como el beisbol es su deporte favorito, le asigna 1.700 millones de pesos.<\/p>\n\n\n\n<p class=\"wp-block-paragraph\">Cantidad que duplica el presupuesto de la Comisi\u00f3n Ejecutiva de Atenci\u00f3n a V\u00edctimas y el del Instituto Nacional de las Mujeres y triplica el de la Comisi\u00f3n Nacional para la Mejora Continua en Educaci\u00f3n.<\/p>\n\n\n\n<p class=\"wp-block-paragraph\">Y \u00bfC\u00f3mo estar\u00e1 la corrupci\u00f3n dentro del gobierno, para que el almirante secretario de Marina,&nbsp;<strong>Jos\u00e9 Rafael Ojeda Dur\u00e1n<\/strong>, haya afirmado frente a AMLO \u00abM\u00e9xico carece de servidores p\u00fablicos honestos\u00bb?<\/p>\n\n\n\n<p class=\"wp-block-paragraph\">Pero \u00e9l no respondi\u00f3 ni para defender a sus m\u00e1s cercanos colaboradores.<\/p>\n\n\n\n<p class=\"wp-block-paragraph\">Faltan cient\u00edficos\/as y no tenemos astronautas, pero el presidente decidi\u00f3 que M\u00e9xico integre con cinco pa\u00edses que tampoco los tienen, una Agencia Latinoamericana del Espacio.<\/p>\n\n\n\n<p class=\"wp-block-paragraph\">Critica a los&nbsp;<em>fifis\u00b3<\/em>&nbsp;clasemedieros\/as, pero quiere rentarles el avi\u00f3n que rif\u00f3 y no entreg\u00f3 y no ha podido vender, para fiestas de quince a\u00f1os de sus hijas.<\/p>\n\n\n\n<p class=\"wp-block-paragraph\">Y como si no tuvi\u00e9ramos quehaceres m\u00e1s urgentes su esposa&nbsp;<strong>Beatriz Guti\u00e9rrez<\/strong>, que se siente insigne historiadora, hizo cambiar el nombre del ahuehuete (\u00e1rbol nacional de M\u00e9xico) donde la leyenda dice que Hern\u00e1n Cort\u00e9s llor\u00f3 su derrota ante los mexicas.<\/p>\n\n\n\n<p class=\"wp-block-paragraph\">Se llamaba \u00c1rbol de la Noche Triste y se llamar\u00e1 \u00c1rbol de la Noche Victoriosa, porque sin atender a historiadores que aseguran que es un mito, se quit\u00f3 la placa vieja y se coloc\u00f3 la nueva \u00abporque no debe entristecernos el llanto de Cort\u00e9s, sino alegrarnos la victoria de los pueblos originarios\u00bb.<\/p>\n\n\n\n<p class=\"wp-block-paragraph\">As\u00ed de locas est\u00e1n las cosas.<\/p>\n\n\n\n<ol class=\"wp-block-list\" type=\"1\"><li><a href=\"https:\/\/periodistas-es.com\/tag\/Teresa-Gurza\" target=\"_blank\" rel=\"noreferrer noopener\">Teresa Gurza<\/a>&nbsp;es una periodista mexicana multipremiada que distribuye actualmente sus art\u00edculos de forma independiente<\/li><li>En 2012, el anterior presidente de M\u00e9xico,&nbsp;<strong>Enrique Pe\u00f1a Nieto<\/strong>, compr\u00f3 un lujoso avi\u00f3n que us\u00f3 durante todo su mandato. Ahora, L\u00f3pez Obrador, quien en su campa\u00f1a presidencial prometi\u00f3 deshacerse de la aeronave, ante la imposibilidad de venderla o de alquilarla ha organizado una rifa a trav\u00e9s de la loter\u00eda nacional con el fin de sortearlo entre los ciudadanos.<\/li><li>El&nbsp;<em>Diccionario de mexicanismos<\/em>, de la Academia Mexicana de la Lengua (disponible en: www.academia.org.mx), consigna esta voz como \u00ab [persona] elegante y distinguida\u00bb y \u00abpresumida\u00bb:&nbsp;<em>Desconf\u00eda hasta de los&nbsp;fif\u00eds, no importa que los vea bien vestidos<\/em>;<em>&nbsp;Tania es muy&nbsp;fif\u00ed&nbsp;y siempre compra ropa de marca.<\/em><\/li><\/ol>\n","protected":false},"excerpt":{"rendered":"<p>Teresa Gurza\u00b9 SemM\u00e9xico\/Periodistas en Espa\u00f1ol, 10 de agosto, 2021.- Es revelador y lamentable que el 99 por ciento del tiempo de&nbsp;L\u00f3pez Obrador&nbsp;est\u00e9 dedicado a intentar solucionar problemas que \u00e9l ha creado y M\u00e9xico no tendr\u00eda, si \u00e9l no fuera presidente. Y como no los resuelve y maneja el pa\u00eds con mentiras, ocurrencias y caprichos, recurre [&hellip;]<\/p>\n","protected":false},"author":3,"featured_media":39134,"comment_status":"open","ping_status":"open","sticky":false,"template":"","format":"standard","meta":{"_monsterinsights_skip_tracking":false,"footnotes":""},"categories":[692,82,35],"tags":[],"class_list":["post-39133","post","type-post","status-publish","format-standard","has-post-thumbnail","category-692","category-la-opinion","category-opinion"],"_links":{"self":[{"href":"https:\/\/redsemlac.com\/semmexico\/wp-json\/wp\/v2\/posts\/39133","targetHints":{"allow":["GET"]}}],"collection":[{"href":"https:\/\/redsemlac.com\/semmexico\/wp-json\/wp\/v2\/posts"}],"about":[{"href":"https:\/\/redsemlac.com\/semmexico\/wp-json\/wp\/v2\/types\/post"}],"author":[{"embeddable":true,"href":"https:\/\/redsemlac.com\/semmexico\/wp-json\/wp\/v2\/users\/3"}],"replies":[{"embeddable":true,"href":"https:\/\/redsemlac.com\/semmexico\/wp-json\/wp\/v2\/comments?post=39133"}],"version-history":[{"count":0,"href":"https:\/\/redsemlac.com\/semmexico\/wp-json\/wp\/v2\/posts\/39133\/revisions"}],"wp:featuredmedia":[{"embeddable":true,"href":"https:\/\/redsemlac.com\/semmexico\/wp-json\/wp\/v2\/media\/39134"}],"wp:attachment":[{"href":"https:\/\/redsemlac.com\/semmexico\/wp-json\/wp\/v2\/media?parent=39133"}],"wp:term":[{"taxonomy":"category","embeddable":true,"href":"https:\/\/redsemlac.com\/semmexico\/wp-json\/wp\/v2\/categories?post=39133"},{"taxonomy":"post_tag","embeddable":true,"href":"https:\/\/redsemlac.com\/semmexico\/wp-json\/wp\/v2\/tags?post=39133"}],"curies":[{"name":"wp","href":"https:\/\/api.w.org\/{rel}","templated":true}]}}