{"id":39110,"date":"2021-08-05T14:52:00","date_gmt":"2021-08-05T20:52:00","guid":{"rendered":"https:\/\/redsemlac.com\/semmexico\/?p=39110"},"modified":"2023-07-21T17:05:33","modified_gmt":"2023-07-21T22:05:33","slug":"desaparecer-en-jalisco","status":"publish","type":"post","link":"https:\/\/redsemlac.com\/semmexico\/desaparecer-en-jalisco\/","title":{"rendered":"Desaparecer en Jalisco"},"content":{"rendered":"\n<h2 class=\"wp-block-heading\"><strong>Opini\u00f3n<\/strong><\/h2>\n\n\n\n<p class=\"wp-block-paragraph\"><strong>Alejandra Maritza Cartagena L\u00f3pez<\/strong><\/p>\n\n\n\n<p class=\"wp-block-paragraph\">SemM\u00e9xico, Guadalajara, Jalisco, 5 de agosto, 2021.- Las y los desaparecidos en Jalisco sigue siendo una problem\u00e1tica grave; el Registro Nacional de Personas Desaparecidas y no localizadas reporta que al 5 de agosto han desaparecido 13,516&nbsp;&nbsp;&nbsp;&nbsp;&nbsp; personas, lo cual coloca al estado en un deshonroso primer lugar en el pa\u00eds, esto sin sumar los casos que no se denuncian sobre todo en el interior del estado.<\/p>\n\n\n\n<p class=\"wp-block-paragraph\">Hace un par de d\u00edas el Centro Universitario por la Dignidad y la Justicia Francisco Suarez SJ del ITESO, comenz\u00f3 la campa\u00f1a #SoyTuHistoria, \u00e9sta consiste en el lanzamiento de 10 videos que narran la historia de 10 personas desaparecidas, historias que nos vuelcan al horror que viven las familias en el proceso de la b\u00fasqueda llena de dolor, estigmatizaci\u00f3n y criminalizaci\u00f3n.<\/p>\n\n\n\n<p class=\"wp-block-paragraph\">El primer video nos habla de Oscar, migrante quien se encontraba en Jalisco trabajando, su madre Ana Enamorado recibi\u00f3 una llamada donde le ped\u00edan 15 mil &nbsp;pesos por su hijo, los dep\u00f3sitos y jam\u00e1s volvi\u00f3 a ver a su hijo; tiempo despu\u00e9s recibi\u00f3 una llamada de la fiscal\u00eda, donde le dijeron que ya hab\u00eda aparecido su hijo y que lo hab\u00edan cremado, cuando ella pregunto por las pruebas que acreditaban la identidad de su hija, las pruebas de ADN, la ropa y m\u00e1s, las autoridades le informaron que hab\u00edan quemado todo. Ana se neg\u00f3 a aceptar las cenizas y sigue buscando a Oscar y no ha parado un solo d\u00eda. &nbsp;<\/p>\n\n\n\n<p class=\"wp-block-paragraph\">El segundo video de #SoyTuHistoria nos habla de tres desapariciones de ni\u00f1as, ni\u00f1os y adolescentes, de Esmeralda, Axel y F\u00e1tima; en ellos nos narran como las madres son criminalizadas, se\u00f1aladas por no cuidar a sus hijas e hijos, no se culpa al perpetrador se les culpa a ellas por que trabajan, por que conf\u00edan, por que le compraron la computadora a la hija para estudiar, las culpas a ellas, las se\u00f1alan a ellas no solo las autoridades, tambi\u00e9n la sociedad. En Jalisco hay 850 ni\u00f1os\/as y adolescentes desaparecieron del 2006 a junio del 2021 en Jalisco, que han dejado a sus familias con un gran vac\u00edo y dolor.<\/p>\n\n\n\n<p class=\"wp-block-paragraph\">El tercer video de #SoyTuHistoria nos habla del caso de Karen, y sus hermanos Jos\u00e9 y Luis; el d\u00eda 7 de mayo fueron privados de la libertad en su casa en San Andr\u00e9s, y fueron encontrados asesinados\/a el 9 de mayo, este caso nos cimbr\u00f3 como sociedad por que otra vez, la narrativa de la autoridad de que \u201cen algo andaban\u201d les escupi\u00f3 a la cara. A pesar de los esfuerzos de su familia, amigas, amigos, estudiantes, maestras, periodistas, m\u00fasicos, sociedad en general la y los hermanos Gonz\u00e1lez Moreno fueron localizados sin vida y reducidos\/as como dice una de las notas \u201ctres bultos fueron localizados en carretera a Colotl\u00e1n\u201d, si hablan de tres bultos, cuando la vida se redujo a tres bultos, cuando el horror se incrust\u00f3 en el piel, en la vida, en la cotidianidad que se ha traducido en encontrar a las y los desaparecidos sin vida y envueltas como un bulto.<\/p>\n\n\n\n<p class=\"wp-block-paragraph\">No dejemos de ver estos 10 videos que nos doler\u00e1n, nos har\u00e1n llorar, pero sobre todo que \u00e9ste siga siendo un peque\u00f1o pas\u00f3 para que en la esperanza, la dignidad y el cari\u00f1o acompa\u00f1emos a las familias de las personas desaparecidas en Jalisco. #NoEstanSolas<\/p>\n\n\n\n<p class=\"wp-block-paragraph\"><a href=\"mailto:frida2mex@yahoo.com.mx\">frida2mex@yahoo.com.mx<\/a><\/p>\n","protected":false},"excerpt":{"rendered":"<p> Las y los desaparecidos en Jalisco sigue siendo una problem\u00e1tica grave; el Registro Nacional de Personas Desaparecidas y no localizadas reporta que al 5 de agosto han desaparecido 13,516\u00a0\u00a0\u00a0\u00a0\u00a0 personas<\/p>\n","protected":false},"author":3,"featured_media":33878,"comment_status":"open","ping_status":"open","sticky":false,"template":"","format":"standard","meta":{"_monsterinsights_skip_tracking":false,"footnotes":""},"categories":[692,35,619],"tags":[459],"class_list":["post-39110","post","type-post","status-publish","format-standard","has-post-thumbnail","category-692","category-opinion","category-opinion-desde-cladem","tag-opinion"],"_links":{"self":[{"href":"https:\/\/redsemlac.com\/semmexico\/wp-json\/wp\/v2\/posts\/39110","targetHints":{"allow":["GET"]}}],"collection":[{"href":"https:\/\/redsemlac.com\/semmexico\/wp-json\/wp\/v2\/posts"}],"about":[{"href":"https:\/\/redsemlac.com\/semmexico\/wp-json\/wp\/v2\/types\/post"}],"author":[{"embeddable":true,"href":"https:\/\/redsemlac.com\/semmexico\/wp-json\/wp\/v2\/users\/3"}],"replies":[{"embeddable":true,"href":"https:\/\/redsemlac.com\/semmexico\/wp-json\/wp\/v2\/comments?post=39110"}],"version-history":[{"count":0,"href":"https:\/\/redsemlac.com\/semmexico\/wp-json\/wp\/v2\/posts\/39110\/revisions"}],"wp:featuredmedia":[{"embeddable":true,"href":"https:\/\/redsemlac.com\/semmexico\/wp-json\/wp\/v2\/media\/33878"}],"wp:attachment":[{"href":"https:\/\/redsemlac.com\/semmexico\/wp-json\/wp\/v2\/media?parent=39110"}],"wp:term":[{"taxonomy":"category","embeddable":true,"href":"https:\/\/redsemlac.com\/semmexico\/wp-json\/wp\/v2\/categories?post=39110"},{"taxonomy":"post_tag","embeddable":true,"href":"https:\/\/redsemlac.com\/semmexico\/wp-json\/wp\/v2\/tags?post=39110"}],"curies":[{"name":"wp","href":"https:\/\/api.w.org\/{rel}","templated":true}]}}