{"id":39100,"date":"2021-08-07T14:28:00","date_gmt":"2021-08-07T20:28:00","guid":{"rendered":"https:\/\/redsemlac.com\/semmexico\/?p=39100"},"modified":"2023-07-21T17:05:32","modified_gmt":"2023-07-21T22:05:32","slug":"rius-ebrard-la-dona-y-los-militares","status":"publish","type":"post","link":"https:\/\/redsemlac.com\/semmexico\/rius-ebrard-la-dona-y-los-militares\/","title":{"rendered":"Rius, Ebrard, La Do\u00f1a y Los Militares"},"content":{"rendered":"\n<p class=\"wp-block-paragraph\"><strong>6 de agosto de 1945, Hiroshima \u00a1el horror!<\/strong><\/p>\n\n\n\n<h2 class=\"wp-block-heading\"><strong>A L F A&nbsp;&nbsp; O M E G A<\/strong><\/h2>\n\n\n\n<p class=\"wp-block-paragraph\"><strong>Jorge Herrera Valenzuela<\/strong><\/p>\n\n\n\n<p class=\"wp-block-paragraph\"><strong>FELICIDADES A LOS \u201cINGENIEROS EN ASEPSIA URBANA\u201d*, LOS BARRENDEROS, &nbsp;EN SU DIA ESTE DOMINGO 8<\/strong><\/p>\n\n\n\n<p class=\"wp-block-paragraph\">SemM\u00e9xico, Cd. de M\u00e9xico, 7 de agosto, 2021.- En el mundo period\u00edstico siempre hemos conocido a personajes que trascienden por su obra, por su ideolog\u00eda, por su perseverancia art\u00edstica y por su sencillez y honestidad. En M\u00e9xico&nbsp; caricaturistas, dibujantes, cartonistas o moneros, ocupan un espacio que editorializa la noticia, el suceso, lo bueno y lo malo de sus alrededores. Desde \u201cEl Chango\u201d Ernesto Garc\u00eda Cabral, Rafael Freyre, \u201cLa Ranita\u201d, Abel Quezada hasta la generaci\u00f3n de Pedro Sol, Ra\u00fal Moys\u00e9n, Luis Borja, Emilio Abdal\u00e1, Juan Ram\u00edrez, Marino y Oswaldo Sagast\u00e9gui, Rafael Viadana, Jes\u00fas Castruita, entre otros, se encuentra el michoacano Eduardo Humberto del R\u00edo Garc\u00eda, conocido simplemente como <strong>Rius.<\/strong><\/p>\n\n\n\n<p class=\"wp-block-paragraph\">Me enter\u00e9 que en una computadora estaba archivada una entrevista extraodinaria muy extensa que <strong>Edmundo C\u00e1zares C\u00e1rdenas<\/strong> le hizo a su paisano Rius en julio de 2009. La le\u00ed en \u00cdndice Pol\u00edtico que dirige el amigo y colega Paco Rodr\u00edguez. Con la autorizaci\u00f3n de Edmundo C\u00e1zares, reproduzco algunos fragmentos de la hist\u00f3rica pl\u00e1tica.<\/p>\n\n\n\n<p class=\"wp-block-paragraph\">En este domingo 8 de agosto se cumplen cuatro a\u00f1os de que <strong>Eduardo del R\u00edo<\/strong>, creador de las historietas \u201cLos Supermachos\u201d y \u201cLos Agachados\u201d, falleci\u00f3 en su casa en Tepoztl\u00e1n, Morelos.<\/p>\n\n\n\n<p class=\"wp-block-paragraph\">Antes de entrar en materia, les comento que Rius muri\u00f3 a los 83 a\u00f1os, dejando una herencia valiosa en sus cr\u00edticas sociales y pol\u00edticas, en las cuales dio vida a los personajes de San Garabato, como el cacique Don Perpetuo del Rosal; Lucas Estornino, el intelectual del pueblo; Nopaltzin, Chon Prieto y su hermano Gedi\u00f3n, el cl\u00e1sico bur\u00f3crata; el infaltable comerciante gachup\u00edn Fricio Franco y la siempre presente Do\u00f1a Eme, la beata m\u00e1s beata de todas las beatas, adem\u00e1s al internacionalmente <strong>Juan Calzonzin<\/strong>, personaje central de la pel\u00edcula \u201cCalzonzin Inspector\u201d que dirigi\u00f3 Alfonso Arau, en 1974.<\/p>\n\n\n\n<p class=\"wp-block-paragraph\">A prop\u00f3sito de la pol\u00edtica, Edmundo le lanz\u00f3 a bocajarro la pregunta a Rius:<\/p>\n\n\n\n<p class=\"wp-block-paragraph\"><strong>-\u00bfLe gustar\u00eda ser presidente?<\/strong><\/p>\n\n\n\n<p class=\"wp-block-paragraph\">&nbsp;-\u00a1\u00a1Ni loco que estuviera!! Me gustar\u00eda ser presidente de mi natal Zamora, pero no gobernador de Michoac\u00e1n.<\/p>\n\n\n\n<p class=\"wp-block-paragraph\">-\u00bf<strong>Por qu\u00e9 no?<\/strong><\/p>\n\n\n\n<p class=\"wp-block-paragraph\">-Porque estoy seguro de que, en San Garabato, \u00a1\u00a1me queman vivo!!<\/p>\n\n\n\n<p class=\"wp-block-paragraph\"><strong>EBRARD BUEN ALUMNO, PERO\u2026<\/strong><\/p>\n\n\n\n<p class=\"wp-block-paragraph\">Reitero que la entrevista se realiz\u00f3 hace 12 a\u00f1os, cuando <strong>Marcelo Ebrard<\/strong> era el jefe de Gobierno del Distrito Federal. Antes diputado federal, funcionario en el gobierno local con el hoy Presidente de M\u00e9xico. Secretario general de Gobierno en el DDF con <strong>Manuel Camacho Sol\u00eds<\/strong> y con \u00e9l fue subsecretario en Relaciones Exteriores.<\/p>\n\n\n\n<p class=\"wp-block-paragraph\">El ahora titular de Relaciones Exteriores, ya figuraba entre los pol\u00edticos nacionales y a mi buen colega C\u00e1zares C\u00e1rdenas se le ocurri\u00f3 preguntarle al autor de las revistas La Garrapata, El Chahuistle y El Chamuco, o sea Eduardo del R\u00edo:<\/p>\n\n\n\n<p class=\"wp-block-paragraph\">&#8211;<strong>\u00bfC\u00f3mo ve a Marcelo Ebrard?<\/strong><\/p>\n\n\n\n<p class=\"wp-block-paragraph\">-Le sali\u00f3 bueno el alumno a M<strong>anuel Camacho Sol\u00eds<\/strong>, pero ya ense\u00f1\u00f3 el cobre. Quien llegue a votar por \u00e9l, que se vaya preparando porque ya sabemosde qu\u00e9 pata cojea y sus exigentes gustos.<\/p>\n\n\n\n<p class=\"wp-block-paragraph\">Ni el entrevistador ni el entrevistado profundizaron en este tema, por lo tanto nos quedamos sin saber \u201cde qu\u00e9 pata cojea\u201d el ahora posible candidato a la Presidencia de la Rep\u00fablica, en el 2024.<\/p>\n\n\n\n<p class=\"wp-block-paragraph\"><strong>LA DO\u00d1A, ERA P\u00c9SIMA ACTRIZ<\/strong><\/p>\n\n\n\n<p class=\"wp-block-paragraph\">Por el curso de la entrevista, Edmundo C\u00e1zares denota la emoci\u00f3n que viv\u00eda al estar con tan ilustre caricaturista que conoc\u00ed en el diario La Prensa. Rius dur\u00f3 corto tiempo entregando su cart\u00f3n para las p\u00e1ginas editoriales. No fuimos amigos y nos saludamos en reuniones con el recordado Wilfrido Cruz Molina, director la Revista Ser y cuyas portadas estaban a cargo de Rius.<\/p>\n\n\n\n<p class=\"wp-block-paragraph\">En una fase comentaron que <strong>La Do\u00f1a<\/strong> afirmaba que la Iglesia y la Pol\u00edtica son los peores enemigos de la humanidad. Rius dijo estar de acuerdo y al responder a la interrogante <strong>\u00bfCon la muerte de La Do\u00f1a, se acabaron las Divas?<\/strong>, dijo:<\/p>\n\n\n\n<p class=\"wp-block-paragraph\">-Bueno, ah\u00ed est\u00e1n <strong>Beatriz Paredes<\/strong> y do\u00f1a <strong>Rosario Piedra de Ibarra.<\/strong><\/p>\n\n\n\n<p class=\"wp-block-paragraph\"><strong>LAS MUJERES Y LOS MILITARES<\/strong><\/p>\n\n\n\n<p class=\"wp-block-paragraph\">Para continuar con la menci\u00f3n de las mujeres, Edmundo pregunt\u00f3 hace 12 a\u00f1os:<\/p>\n\n\n\n<p class=\"wp-block-paragraph\">&#8211;<strong>\u00bfCree que una mujer, por fin, llegue a ganar la Presidencia de la Rep\u00fablica?<\/strong><\/p>\n\n\n\n<p class=\"wp-block-paragraph\"><strong>&#8211;<\/strong>A\u00fan nos falta mucha madurez para que una mujer nos gobierne. Mira, hablando de Mar\u00eda F\u00e9lix, jam\u00e1s la consider\u00e9 una gran actriz. La neta, era p\u00e9sima, pero si le admiraba \u00e9sa feroz defensa que hac\u00eda de las mujeres. Te juro que, si viviera, iba y agarraba a cachetadas a <strong>Felipe Calder\u00f3n <\/strong>y a <strong>Genaro Garc\u00eda Luna<\/strong> para que aclararan todas las muertas de Ciudad Ju\u00e1rez y el genocidio del Casino de Monterrey.<\/p>\n\n\n\n<p class=\"wp-block-paragraph\">La entrevista que se convirti\u00f3 en amena charla entre los dos michoacanos, no pod\u00eda pasar por alto el conocer la opini\u00f3n de Rius en torno a los militares en Presidencia de M\u00e9xico. M\u00e9xico ha tenido 33 generales de divisi\u00f3n en ese cargo. Los dos primeros fueron <strong>Guadalupe Victoria<\/strong> y <strong>Vicente Guerrero<\/strong> y los dos \u00faltimos ya en gobiernos sexenales: <strong>L\u00e1zaro C\u00e1rdenas del R\u00edo <\/strong>y <strong>Manuel \u00c1vila Camacho<\/strong>.<\/p>\n\n\n\n<p class=\"wp-block-paragraph\"><strong>-\u00bfCree que llegue el d\u00eda en que los militares pongan orden en casa?<\/strong><\/p>\n\n\n\n<p class=\"wp-block-paragraph\">Contesta Rius: \u201cEso ser\u00eda terrible, porque ya no soltar\u00edan el poder\u201d.<\/p>\n\n\n\n<p class=\"wp-block-paragraph\">Si el historietista viviera en estos a\u00f1os pand\u00e9micos, tal vez no estar\u00eda de acuerdo con la militarizaci\u00f3n que le ha dado el Presidente de M\u00e9xico le da al pa\u00eds, aunque lo nieguen en Palacio Nacional. \u00bfQu\u00e9 opinar\u00eda de <strong>Claudia Sheinbaum<\/strong>?<\/p>\n\n\n\n<p class=\"wp-block-paragraph\">En ese 2009, C\u00e1zares le interrog\u00f3 a quien hoy recordamos a 4 a\u00f1os de su partida:<\/p>\n\n\n\n<p class=\"wp-block-paragraph\">&#8211;<strong>\u00bfY la necedad de L\u00f3pez Obrador en ser presidente?<\/strong><\/p>\n\n\n\n<p class=\"wp-block-paragraph\">La respuesta deja a uno con muy abiertos los ojos: \u201cLo que diga \u00e9l, le faltar\u00eda el respeto al esti\u00e9rcol\u201d.<\/p>\n\n\n\n<p class=\"wp-block-paragraph\"><strong>OPIN\u00d3 DE LOS PRESIDENTES<\/strong><\/p>\n\n\n\n<p class=\"wp-block-paragraph\">En el di\u00e1logo sostenido entre el reportero y el cartonista, hubo cinco preguntas relacionadas con los presidentes de la Rep\u00fablica. Las respuestas del zamorano destilaron humorismo, s\u00e1tira y hasta burla. Helas aqu\u00ed:<\/p>\n\n\n\n<p class=\"wp-block-paragraph\">&#8211;<strong>\u00bfQu\u00e9 opini\u00f3n tiene de los Presidentes de M\u00e9xico?<\/strong><\/p>\n\n\n\n<p class=\"wp-block-paragraph\">-Antes hab\u00eda m\u00e1s simpat\u00eda por los presidentes de la Rep\u00fablica, porque se daban a respetar y la investidura presidencial correspond\u00eda a la manera de ser del presidente en turno. Con una actitud sobrada. Con un comportamiento y manera de pensar propia, de un aut\u00e9ntico jefe de Estado.<\/p>\n\n\n\n<p class=\"wp-block-paragraph\">&#8211;<strong>Si ya no existe la investidura presidencial, \u00bfqui\u00e9n pondr\u00e1 defendernos?<\/strong><\/p>\n\n\n\n<p class=\"wp-block-paragraph\">-\u00a1\u00a1<strong>El Chapul\u00edn Colorado<\/strong>!! Cuando un presidente se da a respetar con sus actos, no hay problema. Todos los presidentes que hemos tenido, han actuado cometiendo barbaridades y han robado tanto que la gente ya no los respeta, por l\u00f3gica, la imagen presidencial est\u00e1 por los suelos.<\/p>\n\n\n\n<p class=\"wp-block-paragraph\">&#8211;<strong>\u00bfEs cierto que cada seis a\u00f1os al presidente en turno, el pa\u00eds se le va de las manos?<\/strong><\/p>\n\n\n\n<p class=\"wp-block-paragraph\">-Ja, ja, ja. Eso dec\u00eda <strong>Vicente Fox <\/strong>&nbsp;de <strong>Felipe Calder\u00f3n<\/strong>, ahora s\u00ed que \u201cel burro hablando de orejas\u201d. <strong>La estupidez y el cinismo de la clase pol\u00edtica, en M\u00e9xico, se encuentra en niveles insuperables<\/strong>.<\/p>\n\n\n\n<p class=\"wp-block-paragraph\">&#8211;<strong>El presidente (Calder\u00f3n) afirma que en M\u00e9xico \u00bfse vive mejor?<\/strong><\/p>\n\n\n\n<p class=\"wp-block-paragraph\">&#8211; Que no mame, ser\u00e1 en sus casas, \u00a1en Los Pinos o en Palacio Nacional \u00c9se es un simple slogan publicitario que le fabric\u00f3 su encargado de imagen!<\/p>\n\n\n\n<p class=\"wp-block-paragraph\">&#8211;<strong>\u00bfC\u00f3mo la ve, un alto funcionario se atrevi\u00f3 a decir que con 6 mil al mes, se vive de s\u00faper lujo?<\/strong><\/p>\n\n\n\n<p class=\"wp-block-paragraph\">-Esa fue una gran pendejada que dijo uno que era secretario de Sedesol con Felipe Calder\u00f3n, un pobre engre\u00eddo y rencoroso. Que pregunten en Sedesol y en Hacienda c\u00f3mo trataba a la gente, a puras mentadas de madre, y hasta los amenazaba con que era el consentido del presidente Borolas.<\/p>\n\n\n\n<p class=\"wp-block-paragraph\">El funcionario era <strong>Ernesto Javier Cordero Arroyo<\/strong> que inclusive pretendi\u00f3 ser candidato del PAN a la Presidencia de la Rep\u00fablica, en 2012 y su lugar lo ocup\u00f3 <strong>Josefina Eugenia V\u00e1zquez Mota<\/strong>, quien no triunf\u00f3.<\/p>\n\n\n\n<p class=\"wp-block-paragraph\"><strong>LA INCRUENTA BOMBA AT\u00d3MICA<\/strong><\/p>\n\n\n\n<p class=\"wp-block-paragraph\">A 76 a\u00f1os de distancia sobreviven algunas de las v\u00edctimas de la infame acci\u00f3n b\u00e9lica que puso fin a la Segunda Guerra Mundial. Sorpresivamente los habitantes de <strong>Hiroshima<\/strong> fueron blanco de una bomba at\u00f3mica. Eran las 8:15 de la ma\u00f1ana cuando el coronel <strong>Paul Tibbets<\/strong> desde un avi\u00f3n B-20 accion\u00f3 un bot\u00f3n que tard\u00f3 56 segundos en estrellarse en tierra. <strong>6 de Agosto de 1945<\/strong>. Tres d\u00edas despu\u00e9s se repiti\u00f3 el artero ataque, ahora en <strong>Nagasaki<\/strong>, donde el fuego destruy\u00f3, desapareci\u00f3, todo en 4.5 millas cuadradas.<\/p>\n\n\n\n<p class=\"wp-block-paragraph\">El presidente <strong>Harry S. Truman<\/strong> orden\u00f3 a los militares norteamericanos proceder para cobrar venganza por el ataque japon\u00e9s en Pearl Harbor. Sobre su espalda, no creo que lo haya sentido en su conciencia, quedaron las muertes de 115 mil hombres, mujeres, ni\u00f1os, j\u00f3venes y m\u00e1s de 105 mil heridos. Muchos de \u00e9stos no fallecieron, pero quedaron lisiados de por vida y las radiaciones les causaron deformaci\u00f3n en su cuerpo y dolores intensos. Me enter\u00e9 que en este 2021 a\u00fan sobreviven algunas personas, pero con deficiencias f\u00edsicas y mentales.<\/p>\n\n\n\n<p class=\"wp-block-paragraph\"><strong>M\u00c9XICO NEUTRAL EN 1914<\/strong><\/p>\n\n\n\n<p class=\"wp-block-paragraph\">Con el olfato reporteril ligu\u00e9 el comentario anterior con un suceso del <strong>5 de Agosto de 1914<\/strong>. En esa fecha <strong>M\u00e9xico, Cuba, Uruguay y Argentina<\/strong> firmaron un documento en el que manifestaban ser neutrales en torno a la <strong>Primera Guerra Mundial.<\/strong> Por nuestro pa\u00eds, &nbsp;presionado por el gobierno Alemania para declararle la guerra a Estados Unidos, firm\u00f3 don <strong>Venustiano Carranza<\/strong>; su secretario de Relaciones Exteriores era el atlacomulquense <strong>Isidro Fabela Alfaro.<\/strong><\/p>\n\n\n\n<p class=\"wp-block-paragraph\">La posici\u00f3n mexicana fue en rechazo al deseo de Alemania para que M\u00e9xico se enfrentar\u00e1 b\u00e9licamente contra Estados Unidos y de ello el testimonio hist\u00f3rico lo constituye <strong>El Telegrama Zimmerman<\/strong>, que en una de sus partes el texto, es el siguiente: \u201c<strong>Proponemos a M\u00e9xico una alianza sobre las siguientes bases: direcci\u00f3n conjunta de la guerra, tratado de paz en com\u00fan, abundante apoyo financiero y nuestra conformidad para que M\u00e9xico reconquiste sus <\/strong>antiguos<strong> territorios en Nuevo M\u00e9xico, Texas y Arizona<\/strong>\u201d.<\/p>\n\n\n\n<p class=\"wp-block-paragraph\"><strong>Arthur Zimmerman<\/strong>, Ministro de Relaciones Exteriores, envi\u00f3 el telegrama al embajador alem\u00e1n en M\u00e9xico, <strong>Heinrich von Eckardt<\/strong>, quien deb\u00eda comunicarlo al Presidente de M\u00e9xico y buscar una contestaci\u00f3n positiva. Eso no se logr\u00f3 y en su momento hubo la declaraci\u00f3n de neutralidad. Las relaciones entre M\u00e9xico y Estados Unidos hab\u00edan mejorado.<\/p>\n\n\n\n<p class=\"wp-block-paragraph\"><strong>LUTO EN EL MEDIO ART\u00cdSTICO<\/strong><\/p>\n\n\n\n<p class=\"wp-block-paragraph\">La muerte termin\u00f3 con la carrera art\u00edstica del poblano <strong>Samuel P\u00e9rez Reyes<\/strong>, conocido como \u201c<strong>Sammy<\/strong>\u201d y que se hizo popular como actor humor\u00edstico al lado de Eugenio Derbez y del \u201cBurro\u201d Van Ranking. El COVID le atac\u00f3 en la segunda quincena del pasado julio. El comediante ten\u00eda relaci\u00f3n de noviazgo con una chica de nombre <strong>Zuleika Garza<\/strong>, quien manejaba las cuentas bancarias del actor y ha desaparecido, dejando la deuda de m\u00e1s de un mill\u00f3n de pesos en el hospital de Colima, donde el 30 de julio falleci\u00f3 Sammy. Ella firm\u00f3 como responsable para hacer el pago.<\/p>\n\n\n\n<p class=\"wp-block-paragraph\">La actriz <strong>Lilia Isabel Arag\u00f3n del Rivero <\/strong>dej\u00f3 de existir a un causa de un mal card\u00edaco. Estaba en su casa de Cuernavaca, Morelos. Originaria de Cuautla, de 82 a\u00f1os de edad, Lilia estuvo en el estrellato en el cine y la televisi\u00f3n. Durante cuatro a\u00f1os fue dirigente de la Asociaci\u00f3n Nacional de Actores. En los a\u00f1os 80 condujo, junto con su esposo <strong>Guillermo Mendiz\u00e1bal<\/strong>, el noticiero matutino de Canal 11 del IPN, donde un servidor era el coordinador de noticieros. Fuimos compa\u00f1eros en la Escuela Nacional Preparatoria 1, donde Lilia conoci\u00f3 a su primer esposo, <strong>Enrique Soto Izquierdo.<\/strong><\/p>\n\n\n\n<p class=\"wp-block-paragraph\"><strong>P.D.<\/strong> La agenda nos lleva a recordar que el 2 de agosto de 1894 naci\u00f3 el compositor e int\u00e9rprete aguascalentese <strong>Alfonso Esparza Oteo<\/strong>, entre sus \u00e9xitos \u201cUn Viejo Amor\u201d y \u201cNo Vuelvo a Amar\u201d\u2026<strong>Dolores As\u00fansolo y L\u00f3pez Negrete<\/strong>, estrella duranguense de la \u00c9poca de Oro del Cine Mexicano conocida como <strong>Dolores del R\u00edo<\/strong>, lleg\u00f3 a este mundo el 3 de agosto de 1904\u2026En ese d\u00eda pero de 1911, en la Ciudad de M\u00e9xico vio la primera luz otro grande de la composici\u00f3n musical y del cine,&nbsp; <strong>Manuel Esper\u00f3n Gonzalez<\/strong>, quien estuvo a meses de cumplir cien a\u00f1os de edad\u2026En otra p\u00e1gina le\u00ed que el maestro <strong>Carlos Ch\u00e1vez<\/strong> fundador del Instituto Nacional de Bellas Artes y de la Orquesta Sinf\u00f3nica Nacional, muri\u00f3 el 2 de agosto de 1978. El maestro y periodista naci\u00f3 en Popotla, Tacuba, D.F.\u2026El coahuilense <strong>Emilio \u201cEl Indio\u201d Fern\u00e1ndez <\/strong>nos dej\u00f3 el 6 de agosto de 1986, heredando un historial \u00fanico como actor y director del cine mexicano\u2026En 1987, el 5 de agosto, falleci\u00f3 el compositor originario del capitalino barrio de La Merced, el siempre simp\u00e1tico compositor <strong>Salvador \u201cChava\u201d Flores<\/strong>, quien sigue entre nosotros con su \u201cS\u00e1bado Distrito Federal\u201d y \u201cAh\u00ed Vienen los Gorrones\u201d.<\/p>\n\n\n\n<p class=\"wp-block-paragraph\">*<strong>Cantinflas <\/strong>en la pel\u00edcula \u201cEl Barrendero\u201d as\u00ed calific\u00f3 su papel en dicha cinta.<\/p>\n\n\n\n<p class=\"wp-block-paragraph\"><strong>Desde estas l\u00edneas, env\u00edo un fuerte y fraternal abrazo a mi amigo y colega don \u00c1ngel T. Ferreira, al cumplir 90 a\u00f1os, en este pand\u00e9mico mundo, el pasado lunes 2.<\/strong><\/p>\n\n\n\n<p class=\"wp-block-paragraph\"><strong>jherrerav@live.com.mx<\/strong><\/p>\n","protected":false},"excerpt":{"rendered":"<p>6 de agosto de 1945, Hiroshima \u00a1el horror!<\/p>\n","protected":false},"author":3,"featured_media":38023,"comment_status":"open","ping_status":"open","sticky":false,"template":"","format":"standard","meta":{"_monsterinsights_skip_tracking":false,"footnotes":""},"categories":[692,94,35],"tags":[459],"class_list":["post-39100","post","type-post","status-publish","format-standard","has-post-thumbnail","category-692","category-jorge-herrera-valenzuela","category-opinion","tag-opinion"],"_links":{"self":[{"href":"https:\/\/redsemlac.com\/semmexico\/wp-json\/wp\/v2\/posts\/39100","targetHints":{"allow":["GET"]}}],"collection":[{"href":"https:\/\/redsemlac.com\/semmexico\/wp-json\/wp\/v2\/posts"}],"about":[{"href":"https:\/\/redsemlac.com\/semmexico\/wp-json\/wp\/v2\/types\/post"}],"author":[{"embeddable":true,"href":"https:\/\/redsemlac.com\/semmexico\/wp-json\/wp\/v2\/users\/3"}],"replies":[{"embeddable":true,"href":"https:\/\/redsemlac.com\/semmexico\/wp-json\/wp\/v2\/comments?post=39100"}],"version-history":[{"count":0,"href":"https:\/\/redsemlac.com\/semmexico\/wp-json\/wp\/v2\/posts\/39100\/revisions"}],"wp:featuredmedia":[{"embeddable":true,"href":"https:\/\/redsemlac.com\/semmexico\/wp-json\/wp\/v2\/media\/38023"}],"wp:attachment":[{"href":"https:\/\/redsemlac.com\/semmexico\/wp-json\/wp\/v2\/media?parent=39100"}],"wp:term":[{"taxonomy":"category","embeddable":true,"href":"https:\/\/redsemlac.com\/semmexico\/wp-json\/wp\/v2\/categories?post=39100"},{"taxonomy":"post_tag","embeddable":true,"href":"https:\/\/redsemlac.com\/semmexico\/wp-json\/wp\/v2\/tags?post=39100"}],"curies":[{"name":"wp","href":"https:\/\/api.w.org\/{rel}","templated":true}]}}