{"id":39095,"date":"2021-08-06T14:24:00","date_gmt":"2021-08-06T20:24:00","guid":{"rendered":"https:\/\/redsemlac.com\/semmexico\/?p=39095"},"modified":"2023-07-21T17:05:32","modified_gmt":"2023-07-21T22:05:32","slug":"organizaciones-que-promueven-la-igualdad-de-genero-deben-estar-exentas-del-isr-propone-senador-raul-bolanos","status":"publish","type":"post","link":"https:\/\/redsemlac.com\/semmexico\/organizaciones-que-promueven-la-igualdad-de-genero-deben-estar-exentas-del-isr-propone-senador-raul-bolanos\/","title":{"rendered":"Organizaciones que promueven la igualdad de g\u00e9nero deben estar exentas del ISR, propone senador Ra\u00fal Bola\u00f1os"},"content":{"rendered":"\n<ul class=\"wp-block-list\"><li><strong>Beneficiar\u00eda a mil 500 organizaciones de mujeres asociadas y trabajando<\/strong><\/li><\/ul>\n\n\n\n<p class=\"wp-block-paragraph\"><strong>Redacci\u00f3n<\/strong><\/p>\n\n\n\n<p class=\"wp-block-paragraph\">SemM\u00e9xico, Cd. de Mexico, 6 de agosto 2021.- Las organizaciones de la sociedad civil que promueven la igualdad de g\u00e9nero y la lucha en contra de la violencia de g\u00e9nero deben estar exentas del Impuesto Sobre la Renta (ISR) propuso &nbsp;el senador del Partido Verde, Ra\u00fal Bola\u00f1os-Cacho Cu\u00e9.<\/p>\n\n\n\n<p class=\"wp-block-paragraph\">Present\u00f3 la iniciativa para &nbsp;reformar la Ley del Impuesto sobre la Renta para&nbsp;fomentar la participaci\u00f3n de toda la sociedad a contribuir desde sus \u00e1mbitos de acci\u00f3n a impulsar medidas que garanticen el acceso de todas las mujeres a una vida libre de violencia.<\/p>\n\n\n\n<p class=\"wp-block-paragraph\">Tras se\u00f1alar que de acuerdo a los datos de las Naciones Unidas en el mundo el 35 por ciento de las mujeres ha sufrido alguna vez violencia f\u00edsica o sexual y 137 mujeres son asesinadas cada d\u00eda, se entiende el valor de las organizaciones sociales y feministas.<\/p>\n\n\n\n<p class=\"wp-block-paragraph\">El legislador consider\u00f3 que las organizaciones de mujeres en nuestro pa\u00eds han sido un factor imprescindible en la lucha por la reivindicaci\u00f3n de sus derechos, han sido un factor determinante en los procesos de construcci\u00f3n y fortalecimiento democr\u00e1tico.<\/p>\n\n\n\n<p class=\"wp-block-paragraph\">Detall\u00f3 que de las 43 mil organizaciones de la sociedad civil registradas al 30 de diciembre del 2020 m\u00e1s de mil 500 est\u00e1n relacionadas con temas de mujeres y cumplen con las 7 caracter\u00edsticas de autonom\u00eda, sin fines de lucro, institucionalizadas, privadas, voluntarias, de beneficio a terceros, no religiosas y no pol\u00edticas.<\/p>\n\n\n\n<p class=\"wp-block-paragraph\">Sin embargo, las obligaciones fiscales a las que est\u00e1n sujetas son totalmente desproporcionadas respecto a los beneficios que reciben del Estado de acuerdo al an\u00e1lisis realizado por el Instituto Belisario Dom\u00ednguez (IBD) del Senado de la Rep\u00fablica denominado \u201cLas organizaciones de la sociedad civil en M\u00e9xico\u201d.<\/p>\n\n\n\n<p class=\"wp-block-paragraph\">Abundo que el marco fiscal vigente limita su sostenimiento, su profesionalizaci\u00f3n y, en general, la realizaci\u00f3n de sus actividades. &nbsp;<\/p>\n","protected":false},"excerpt":{"rendered":"<p>Beneficiar\u00eda a mil 500 organizaciones de mujeres asociadas y trabajando<\/p>\n","protected":false},"author":3,"featured_media":39096,"comment_status":"open","ping_status":"open","sticky":false,"template":"","format":"standard","meta":{"_monsterinsights_skip_tracking":false,"footnotes":""},"categories":[692,50],"tags":[],"class_list":["post-39095","post","type-post","status-publish","format-standard","has-post-thumbnail","category-692","category-congreso"],"_links":{"self":[{"href":"https:\/\/redsemlac.com\/semmexico\/wp-json\/wp\/v2\/posts\/39095","targetHints":{"allow":["GET"]}}],"collection":[{"href":"https:\/\/redsemlac.com\/semmexico\/wp-json\/wp\/v2\/posts"}],"about":[{"href":"https:\/\/redsemlac.com\/semmexico\/wp-json\/wp\/v2\/types\/post"}],"author":[{"embeddable":true,"href":"https:\/\/redsemlac.com\/semmexico\/wp-json\/wp\/v2\/users\/3"}],"replies":[{"embeddable":true,"href":"https:\/\/redsemlac.com\/semmexico\/wp-json\/wp\/v2\/comments?post=39095"}],"version-history":[{"count":0,"href":"https:\/\/redsemlac.com\/semmexico\/wp-json\/wp\/v2\/posts\/39095\/revisions"}],"wp:featuredmedia":[{"embeddable":true,"href":"https:\/\/redsemlac.com\/semmexico\/wp-json\/wp\/v2\/media\/39096"}],"wp:attachment":[{"href":"https:\/\/redsemlac.com\/semmexico\/wp-json\/wp\/v2\/media?parent=39095"}],"wp:term":[{"taxonomy":"category","embeddable":true,"href":"https:\/\/redsemlac.com\/semmexico\/wp-json\/wp\/v2\/categories?post=39095"},{"taxonomy":"post_tag","embeddable":true,"href":"https:\/\/redsemlac.com\/semmexico\/wp-json\/wp\/v2\/tags?post=39095"}],"curies":[{"name":"wp","href":"https:\/\/api.w.org\/{rel}","templated":true}]}}