{"id":39093,"date":"2021-08-06T14:21:00","date_gmt":"2021-08-06T20:21:00","guid":{"rendered":"https:\/\/redsemlac.com\/semmexico\/?p=39093"},"modified":"2023-07-21T17:05:33","modified_gmt":"2023-07-21T22:05:33","slug":"desde-la-mano-izquierda-el-coneval","status":"publish","type":"post","link":"https:\/\/redsemlac.com\/semmexico\/desde-la-mano-izquierda-el-coneval\/","title":{"rendered":"Desde la mano izquierda| El CONEVAL"},"content":{"rendered":"\n<p class=\"wp-block-paragraph\"><strong>Claudia Espinosa Almaguer<\/strong><\/p>\n\n\n\n<p class=\"wp-block-paragraph\">SemM\u00e9xico, San Luis Potos\u00ed, 6 de agosto, 2021.- Fue en enero del a\u00f1o 2004 cuando se public\u00f3 la Ley General de Desarrollo Social en el Diario Oficial de la Federaci\u00f3n con el objeto de garantizar el pleno ejercicio de los derechos sociales consagrados en la Constituci\u00f3n Mexicana.<\/p>\n\n\n\n<p class=\"wp-block-paragraph\">En un Estado como el nuestro, ning\u00fan derecho es cosa balad\u00ed, pero los de esta ley se traducen en situaciones \u00edntimamente ligadas a la experiencia de las personas. Quiero decir, a diferencia por ejemplo de la reinserci\u00f3n social o del acceso a la justicia, derechos como la educaci\u00f3n, la salud, la alimentaci\u00f3n nutritiva y de calidad, la vivienda digna y decorosa, el disfrute de un medio ambiente sano, el trabajo o la seguridad social no necesitan circunstancias particulares, la vida digna est\u00e1 compuesta por estos derechos y su ausencia enmarca una o m\u00e1s carencias que reunidas constituyen condiciones de pobreza.<\/p>\n\n\n\n<p class=\"wp-block-paragraph\">M\u00e1s all\u00e1 de las pol\u00edticas de asistencia social, encaminadas a paliar las necesidades m\u00e1s inminentes, el Estado debe promover, conforme a esta ley un desarrollo econ\u00f3mico con sentido social que propicie y conserve el empleo, eleve el nivel de ingreso y mejore su distribuci\u00f3n a trav\u00e9s del desarrollo sostenible y sustentable.<\/p>\n\n\n\n<p class=\"wp-block-paragraph\">Traduciendo, se trata de crear y proveer estrategias no s\u00f3lo para evitar que las personas con mayores carencias o sin empleo, tengan dinero, sino oportunidades de acceso a trabajos con seguridad social, con sueldos que alcancen a mujeres y hombres por igual para poder alimentar a sus familias, pagar la escuela de sus hijos, vivir en una casa propia o acceder a programas de atenci\u00f3n a la salud.<\/p>\n\n\n\n<p class=\"wp-block-paragraph\">Al respecto, la Ley en menci\u00f3n previ\u00f3 la existencia del Consejo Nacional de Evaluaci\u00f3n de la Pol\u00edtica de Desarrollo Social (CONEVAL) que es un \u00f3rgano p\u00fablico responsable de medir la pobreza y analizar la pol\u00edtica de desarrollo social. Sus estudios suelen realizarse cada dos a\u00f1os para cada entidad federativa y cada cinco con datos a nivel municipal.<\/p>\n\n\n\n<p class=\"wp-block-paragraph\">Hay de por medio una reglamentaci\u00f3n extensa, as\u00ed como acuerdos y m\u00e9todos espec\u00edficos para hacerse con la informaci\u00f3n e interpretarla adecuadamente, justo por eso los resultados que da el CONEVAL son tan confiables. En t\u00e9rminos muy simples para estudiar la pobreza se toma en cuenta el bienestar econ\u00f3mico, los derechos sociales que le mencion\u00e9 y el contexto territorial. Puede decirse que una persona padece ya una carencia si tiene un rezago educativo, o no accede a los servicios de salud, o a la seguridad social, pero si adem\u00e1s tampoco cuenta con los recursos suficientes para adquirir los bienes y servicios que necesita entonces la pobreza es multidimensional.<\/p>\n\n\n\n<p class=\"wp-block-paragraph\">Este 5 de agosto se dieron a conocer las m\u00e1s recientes estimaciones del CONEVAL y no son buenas noticias: Entre 2018 y 2020, la poblaci\u00f3n en situaci\u00f3n de pobreza a nivel nacional aument\u00f3 de 51.9 a 55.7 millones de personas y durante ese mismo periodo, la poblaci\u00f3n en situaci\u00f3n de pobreza extrema pas\u00f3 de 8.7 a 10.8 millones de personas.<\/p>\n\n\n\n<p class=\"wp-block-paragraph\">De los aspectos m\u00e1s dr\u00e1sticos est\u00e1 el rezago educativo con 24.4 millones, la carencia por acceso a los servicios de salud que pas\u00f3 de 20.1 a 35.7 millones de personas, la carencia por acceso a la alimentaci\u00f3n nutritiva y de calidad con 28.6 millones y la poblaci\u00f3n con ingreso inferior a la l\u00ednea de pobreza extrema por ingresos con 21.9 millones de personas. Sumemos tambi\u00e9n que hay 66 millones de personas con carencia de acceso a la seguridad social.&nbsp;<\/p>\n\n\n\n<p class=\"wp-block-paragraph\">Aqu\u00ed no hay improvisaciones, nos encontramos ante una labor de largo aliento que permite a mexicanas y mexicanos, saber y conocer con transparencia, por encima de las promesas electorales, cu\u00e1nta gente en nuestro pa\u00eds vive en medio de las carencias m\u00e1s avasallantes, pero que tambi\u00e9n permite a los gobiernos saber cu\u00e1l pol\u00edtica funciona y los cambios que deben realizarse para evitar la continuaci\u00f3n del hambre, la enfermedad y la mala calidad de vida que la pobreza conlleva. Como lo indica el lema de este organismo: lo que se mide se puede mejorar. (Si se quiere). A m\u00e1s ver.<\/p>\n\n\n\n<p class=\"wp-block-paragraph\">Para m\u00e1s informaci\u00f3n: <a href=\"https:\/\/www.coneval.org.mx\/Medicion\/MP\/Paginas\/Pobreza_2020.aspx\">https:\/\/www.coneval.org.mx\/Medicion\/MP\/Paginas\/Pobreza_2020.aspx<\/a><\/p>\n","protected":false},"excerpt":{"rendered":"<p>Fue en enero del a\u00f1o 2004 cuando se public\u00f3 la Ley General de Desarrollo Social en el Diario Oficial de la Federaci\u00f3n con el objeto de garantizar el pleno ejercicio de los derechos sociales consagrados en la Constituci\u00f3n Mexicana.<\/p>\n","protected":false},"author":3,"featured_media":30045,"comment_status":"open","ping_status":"open","sticky":false,"template":"","format":"standard","meta":{"_monsterinsights_skip_tracking":false,"footnotes":""},"categories":[692,131,35],"tags":[459],"class_list":["post-39093","post","type-post","status-publish","format-standard","has-post-thumbnail","category-692","category-claudia-almaguer","category-opinion","tag-opinion"],"_links":{"self":[{"href":"https:\/\/redsemlac.com\/semmexico\/wp-json\/wp\/v2\/posts\/39093","targetHints":{"allow":["GET"]}}],"collection":[{"href":"https:\/\/redsemlac.com\/semmexico\/wp-json\/wp\/v2\/posts"}],"about":[{"href":"https:\/\/redsemlac.com\/semmexico\/wp-json\/wp\/v2\/types\/post"}],"author":[{"embeddable":true,"href":"https:\/\/redsemlac.com\/semmexico\/wp-json\/wp\/v2\/users\/3"}],"replies":[{"embeddable":true,"href":"https:\/\/redsemlac.com\/semmexico\/wp-json\/wp\/v2\/comments?post=39093"}],"version-history":[{"count":0,"href":"https:\/\/redsemlac.com\/semmexico\/wp-json\/wp\/v2\/posts\/39093\/revisions"}],"wp:featuredmedia":[{"embeddable":true,"href":"https:\/\/redsemlac.com\/semmexico\/wp-json\/wp\/v2\/media\/30045"}],"wp:attachment":[{"href":"https:\/\/redsemlac.com\/semmexico\/wp-json\/wp\/v2\/media?parent=39093"}],"wp:term":[{"taxonomy":"category","embeddable":true,"href":"https:\/\/redsemlac.com\/semmexico\/wp-json\/wp\/v2\/categories?post=39093"},{"taxonomy":"post_tag","embeddable":true,"href":"https:\/\/redsemlac.com\/semmexico\/wp-json\/wp\/v2\/tags?post=39093"}],"curies":[{"name":"wp","href":"https:\/\/api.w.org\/{rel}","templated":true}]}}