{"id":39091,"date":"2021-08-05T14:19:00","date_gmt":"2021-08-05T20:19:00","guid":{"rendered":"https:\/\/redsemlac.com\/semmexico\/?p=39091"},"modified":"2023-07-21T17:05:33","modified_gmt":"2023-07-21T22:05:33","slug":"garantizar-igualdad-de-salarios-y-oportunidades-a-las-mujeres-que-ocuparan-cargos-politicos-nadine-gasman-zylbermann","status":"publish","type":"post","link":"https:\/\/redsemlac.com\/semmexico\/garantizar-igualdad-de-salarios-y-oportunidades-a-las-mujeres-que-ocuparan-cargos-politicos-nadine-gasman-zylbermann\/","title":{"rendered":"Garantizar igualdad de salarios y oportunidades a las mujeres que ocuparan cargos pol\u00edticos, Nadine Gasman Zylbermann"},"content":{"rendered":"\n<ul class=\"wp-block-list\"><li><strong>Carla Humphrey Jord\u00e1n, dijo es necesario legislar para crear&nbsp; nuevos espacios y evitar la violencia&nbsp; medi\u00e1tica virtual<\/strong><\/li><li><strong>Festina Inmujeres el crecimiento num\u00e9rico de mujeres en el Congreso, no en el salario&nbsp;&nbsp;<\/strong><\/li><\/ul>\n\n\n\n<p class=\"wp-block-paragraph\"><strong>Micaela M\u00e1rquez<\/strong><\/p>\n\n\n\n<p class=\"wp-block-paragraph\">SemM\u00e9xico, Cd. de M\u00e9xico, 5 de agosto 2021.-&nbsp; M\u00e9xico es un pa\u00eds puntero en paridad de&nbsp; g\u00e9nero al tener una legislaci\u00f3n al pasar de 16 al 49 por ciento en la representaci\u00f3n de las mujeres en la C\u00e1mara de Diputadas y Diputados y alcanzar el mayor n\u00famero de gobernadoras en su historia, afirm\u00f3 la presidenta del Instituto Nacional de Mujeres (Inmujeres) Nadine Gasman Zylbermann &nbsp;&nbsp;<\/p>\n\n\n\n<p class=\"wp-block-paragraph\">Reconoci\u00f3 que entre los retos que existen para el cumplimiento de los derechos pol\u00edticos de las mujeres est\u00e1 el garantizar igualdad de salario y de oportunidades respecto a sus pares.<\/p>\n\n\n\n<p class=\"wp-block-paragraph\">En el marco de la 19\u00ba sesi\u00f3n ordinaria del Observatorio de Participaci\u00f3n Pol\u00edtica de las Mujeres (OPPM) organizada por el Inmujeres, el Instituto Nacional Electoral (INE) y el Tribunal Electoral del Poder Judicial de la Federaci\u00f3n (TEPJF).<\/p>\n\n\n\n<p class=\"wp-block-paragraph\">En la reuni\u00f3n donde las integrantes del OPPM coincidieron en que aun con lo conseguido hasta el momento a\u00fan hay que seguir luchando para una verdadera participaci\u00f3n de las mujeres en la democracia de manera inclusiva acordaron reforzar la participaci\u00f3n en las comunidades ind\u00edgenas y afromexicanas, as\u00ed como erradicar la violencia pol\u00edtica por razones de g\u00e9nero.<\/p>\n\n\n\n<p class=\"wp-block-paragraph\">Anabel L\u00f3pez S\u00e1nchez, directoral para la Promoci\u00f3n de una Vida Libre de Violencia se\u00f1alo la falta de compromiso de las autoridades municipales para cumplir con la paridad vertical y horizontal, ya que se sigue privilegiando a los hombres en los cargos y son m\u00faltiples los obst\u00e1culos a los que se enfrentan las mujeres.<\/p>\n\n\n\n<p class=\"wp-block-paragraph\">Por tal raz\u00f3n, dijo, que si bien en las 15 entidades federativas aumento el n\u00famero de presidentas municipales, el problema radica que este incremento ocurri\u00f3 en las entidades que menos municipios tienen, pero en las 13 de las entidades m\u00e1s grandes disminuyo el n\u00famero de presidentas electas.<\/p>\n\n\n\n<p class=\"wp-block-paragraph\">Nadine Gasman Zylbermann se refiri\u00f3 a la importancia de tener claros los retos que a\u00fan se tienen en materia de paridad adem\u00e1s de la igualdad econ\u00f3mica, como la divisi\u00f3n equitativa del trabajo dom\u00e9stico y de cuidados, puesto que las mujeres no disponen del mismo tiempo que los hombres para dedicarlo al desarrollo de su carrera pol\u00edtica.&nbsp;<\/p>\n\n\n\n<p class=\"wp-block-paragraph\">Abundo que para continuar con este ejercicio se necesitan cumplir varias acciones como la de aplicar la paridad en la integraci\u00f3n de los \u00f3rganos internos y las comisiones ordinarias de la C\u00e1mara de Diputadas y Diputados Federal, como en los Congresos locales.<\/p>\n\n\n\n<p class=\"wp-block-paragraph\">As\u00ed como analizar los desaf\u00edos a los que se enfrentar\u00e1n las mujeres ind\u00edgenas y afromexicanas que buscan ejercer sus derechos pol\u00edticos.<\/p>\n\n\n\n<p class=\"wp-block-paragraph\">La Consejera del INE y presidenta de la Comisi\u00f3n de Igualdad de G\u00e9nero y no Discriminaci\u00f3n, Carla Humphrey Jord\u00e1n, se\u00f1al\u00f3 que es necesario legislar para dar cabida nuevos espacios y nuevas formas en que se violentan a las mujeres de forma medi\u00e1tica virtual.&nbsp; &nbsp;<\/p>\n\n\n\n<p class=\"wp-block-paragraph\">Por lo que llamo a las legisladoras y legisladores cumplan con el marco constitucional para garantizar los derechos de las mujeres en general y sus derechos pol\u00edticos para construir un pa\u00eds libre de violencia.<\/p>\n\n\n\n<p class=\"wp-block-paragraph\">Nadine Gasman Zylbermann aseguro que desde el OPPM se tiene el compromiso de seguir trabajando por la paridad en cada rinc\u00f3n de la Rep\u00fablica Mexicana.<\/p>\n","protected":false},"excerpt":{"rendered":"<p>Carla Humphrey Jord\u00e1n, dijo es necesario legislar para crear\u00a0 nuevos espacios y evitar la violencia\u00a0 medi\u00e1tica virtual<\/p>\n","protected":false},"author":3,"featured_media":18025,"comment_status":"open","ping_status":"open","sticky":false,"template":"","format":"standard","meta":{"_monsterinsights_skip_tracking":false,"footnotes":""},"categories":[692,51],"tags":[231,149],"class_list":["post-39091","post","type-post","status-publish","format-standard","has-post-thumbnail","category-692","category-ejecutivo","tag-ine","tag-mujeres"],"_links":{"self":[{"href":"https:\/\/redsemlac.com\/semmexico\/wp-json\/wp\/v2\/posts\/39091","targetHints":{"allow":["GET"]}}],"collection":[{"href":"https:\/\/redsemlac.com\/semmexico\/wp-json\/wp\/v2\/posts"}],"about":[{"href":"https:\/\/redsemlac.com\/semmexico\/wp-json\/wp\/v2\/types\/post"}],"author":[{"embeddable":true,"href":"https:\/\/redsemlac.com\/semmexico\/wp-json\/wp\/v2\/users\/3"}],"replies":[{"embeddable":true,"href":"https:\/\/redsemlac.com\/semmexico\/wp-json\/wp\/v2\/comments?post=39091"}],"version-history":[{"count":0,"href":"https:\/\/redsemlac.com\/semmexico\/wp-json\/wp\/v2\/posts\/39091\/revisions"}],"wp:featuredmedia":[{"embeddable":true,"href":"https:\/\/redsemlac.com\/semmexico\/wp-json\/wp\/v2\/media\/18025"}],"wp:attachment":[{"href":"https:\/\/redsemlac.com\/semmexico\/wp-json\/wp\/v2\/media?parent=39091"}],"wp:term":[{"taxonomy":"category","embeddable":true,"href":"https:\/\/redsemlac.com\/semmexico\/wp-json\/wp\/v2\/categories?post=39091"},{"taxonomy":"post_tag","embeddable":true,"href":"https:\/\/redsemlac.com\/semmexico\/wp-json\/wp\/v2\/tags?post=39091"}],"curies":[{"name":"wp","href":"https:\/\/api.w.org\/{rel}","templated":true}]}}