{"id":3909,"date":"2018-08-16T07:23:40","date_gmt":"2018-08-16T07:23:40","guid":{"rendered":"https:\/\/redsemlac.com\/semmexico\/?p=3909"},"modified":"2023-07-21T14:32:45","modified_gmt":"2023-07-21T19:32:45","slug":"el-mensaje-del-nuevo-gobierno-muy-claro-la-ile-posible","status":"publish","type":"post","link":"https:\/\/redsemlac.com\/semmexico\/el-mensaje-del-nuevo-gobierno-muy-claro-la-ile-posible\/","title":{"rendered":"El mensaje del nuevo gobierno muy claro: la ILE posible"},"content":{"rendered":"\n<p class=\"wp-block-paragraph\">Candidatas a INMUJERES, se\u00f1as, simbolismo y alianzas<\/p>\n\n\n\n<h5 class=\"wp-block-heading\"> \u2022 Tema candente para AMLO la violencia contra las mujeres<\/h5>\n\n\n\n<p class=\"wp-block-paragraph\"><a href=\"https:\/\/semmexico.com\/gallery-post.php?id=5592#\">Sara Lovera<\/a><\/p>\n\n\n\n<p class=\"wp-block-paragraph\">SemM\u00e9xico, 16 agosto 2018.- Hay se\u00f1as, mensaje, probabilidades de lograr en el gobierno entrante: despenalizar el aborto. En el gobierno que entrar\u00e1 en funciones el 1 de diciembre, hay indicios, como que las mujeres organizadas, las feministas, est\u00e1n en el primer c\u00edrculo del presidente electo blandiendo igualdad y derechos de las mujeres; despenalizaci\u00f3n del aborto y derechos sexuales y reproductivos. Las que dicen tolerancia cero a la violencia. Sin duda.<\/p>\n\n\n\n<p class=\"wp-block-paragraph\">Ello a pesar de que a 47 d\u00edas desde que se eligi\u00f3 a Andr\u00e9s L\u00f3pez Obrador para la presidencia del pa\u00eds durante el periodo 2018-2024, el tabasque\u00f1o, con anuncios espectaculares todos los d\u00edas, anuncios que son noticia, titulares y hacen temblar a tirios y troyanos, no ha dicho o anunciado nada sobre la pol\u00edtica de g\u00e9nero y la suerte de las instituciones y programas que se han creado en las \u00faltimas d\u00e9cadas.<\/p>\n\n\n\n<p class=\"wp-block-paragraph\">Nada. A pesar de que la violencia contra las mujeres es una franja tremenda en un pa\u00eds devastado por la inseguridad, la impunidad y la debilidad de las instituciones encargadas de impartir justicia. Un pa\u00eds donde lejos estamos de desterrar el machismo y la discriminaci\u00f3n.<\/p>\n\n\n\n<p class=\"wp-block-paragraph\">Sin embargo, entretelones ya sabemos que se discute qui\u00e9n dirigir\u00e1 el INMUJERES -cuatro muy claras y dos sumadas mientras esto escribo-. Van tres llamados a Foros Escucha, donde la poblaci\u00f3n afectada por la violencia asiste, escucha promesas y posibilidades. De las asesinadas -7 todos los d\u00edas- nada. Pero, no deja de ser muy interesante que las que quieren dirigir el Instituto encargado de la pol\u00edtica de g\u00e9nero, sean o bien feministas o claramente comprometidas con la igualdad. Y m\u00e1s, punteras que hablan de la despenalizaci\u00f3n del aborto y de profundizar la paridad.<\/p>\n\n\n\n<p class=\"wp-block-paragraph\">Y no nada m\u00e1s sino tambi\u00e9n un grupo de congresistas electas ya elaboran su agenda a favor de la igualdad y la justicia para ni\u00f1as y mujeres. No sabemos de las que llegaron por la v\u00eda del partido de extrema derecha, ni podemos adelantar cu\u00e1l ser\u00e1 el equilibrio.<\/p>\n\n\n\n<p class=\"wp-block-paragraph\">Aplausos. Que el asunto se est\u00e9 ventilando p\u00fablicamente es una buena noticia. Me parece que es el empuje de un movimiento que estuvo apenas hace&nbsp; unos d\u00edas en la calle, aunque no se le quiera ver, es incuestionable que laboran arduamente &nbsp;mujeres comprometidas, cercanas al que ya act\u00faa como jefe del gobierno. Su elegida para dirigir la pol\u00edtica interna, Olga S\u00e1nchez Cordero, habla sin tapujos de despenalizar el aborto; ella es adem\u00e1s la que se encargar\u00e1 de dise\u00f1ar la pol\u00edtica nacional para promover la cultura de respeto a los derechos humanos de las mujeres y la erradicaci\u00f3n de la violencia en su contra.<\/p>\n\n\n\n<p class=\"wp-block-paragraph\">Son mensajes muy claros si pensamos que en la Ciudad de M\u00e9xico ya se design\u00f3 a Gabriela Rodr\u00edguez como quien se encargar\u00e1 de la pol\u00edtica de g\u00e9nero, mujer comprometida con la ILE entre otras cosas.<\/p>\n\n\n\n<p class=\"wp-block-paragraph\">Si vemos a las probables para INMUJERES, tres igualmente. Y hablan claro y sin ambages. Estamos pues frente a eso, se\u00f1as, simbolismos y alianzas prometedoras. Para nadie, supongo, es secreto la cercan\u00eda de Marta Lamas con los altos c\u00edrculos que rodean al tabasque\u00f1o, reconocida por haber negociado, lenta, con trut\u00fa y con alianzas y relaciones la ILE en la ciudad de M\u00e9xico.<\/p>\n\n\n\n<p class=\"wp-block-paragraph\"><strong>\u00bfY la violencia contra las mujeres?<\/strong><\/p>\n\n\n\n<p class=\"wp-block-paragraph\">Interesante. No obstante las filtraciones sobre las probables &nbsp;para INMUJERES, nada se sabe del futuro de la &nbsp;<a href=\"https:\/\/www.gob.mx\/conavim\">Comisi\u00f3n Nacional para Prevenir y Erradicar la Violencia Contra las Mujeres<\/a>&nbsp;(CONAVIM), un \u00f3rgano desconcentrado de la Secretar\u00eda de Gobernaci\u00f3n, encargado precisamente de garantizar la seguridad de mujeres y ni\u00f1as, el cese de la violencia en su contra y\/o eliminar las desigualdades producidas por una legislaci\u00f3n o pol\u00edtica p\u00fablica que agravia sus derechos humanos. Comisi\u00f3n que adem\u00e1s funge como el \u00f3rgano de g\u00e9nero de esa Secretar\u00eda.<\/p>\n\n\n\n<p class=\"wp-block-paragraph\">Es la CONAVIM la encargada directa de aceptar o no aceptar la petici\u00f3n para declarar las Alertas de Violencia de G\u00e9nero contra las Mujeres, de hacer el v\u00ednculo con los tres niveles del Estado y del gobierno para frenar este horror. Hasta ahora de las 32 entidades del pa\u00eds, a 14 se les ha declarado la Alerta; de dos mil 400 municipios, s\u00f3lo en 104 se ha declarado este mecanismo; que hay ocho donde no se declar\u00f3 la alerta, entre ellos Yucat\u00e1n, seg\u00fan informaci\u00f3n de apenas ayer. Y que se discute si se declara o no en ocho entidades m\u00e1s, incluida la Ciudad de M\u00e9xico.<\/p>\n\n\n\n<p class=\"wp-block-paragraph\">La persona que sea designada a CONAVIM tendr\u00e1 que contar con los mejores atributos, porque la violencia contra las mujeres no se puede enfrentar con pensamiento del siglo XIX. Cuando ayer me enter\u00e9 que quieren ir a INMUJERES, la ex gobernadora de Zacatecas, Amalia Garc\u00eda, y la abogada con m\u00e9ritos internacionales, Patricia Olamendi, pens\u00e9, est\u00e1n creyendo que prosperar\u00e1 convertir al Instituto en una Secretar\u00eda de Estado, algo que suma a la biograf\u00eda personal, pero en donde hay mucha tarea hecha y bien hecha, el tema es c\u00f3mo enfrentar la violencia de g\u00e9nero, c\u00f3mo hacer que los abusadores de las ni\u00f1as-madres sean identificados y juzgados.<\/p>\n\n\n\n<p class=\"wp-block-paragraph\">O sea. La papa est\u00e1 caliente. No hay una propuesta sobre este grav\u00edsimo asunto, entre otras cosas porque la violencia contra las mujeres, su evidencia ha sacado el tema tremendo, de las catacumbas de anta\u00f1o, es decir, del \u00e1mbito de lo privado. Las agresiones, la tortura emocional, los golpes hasta el asesinato se da en alt\u00edsimo porcentaje en la casa, en los hogares dignos y santos, en las familias. Tema escabroso para un dignatario cristiano y qui\u00e9n ha dado muestras de que eso no lo entiende.<\/p>\n\n\n\n<p class=\"wp-block-paragraph\">La violencia contra las mujeres, el feminicidio, est\u00e1 \u00edntimamente unido al crimen organizado cuando hablamos de trata y tr\u00e1fico de ni\u00f1as y mujeres. \u00bfSer\u00e1 qu\u00e9 Olga S\u00e1nchez Cordero lograr\u00e1 hacer lo que la ley le mandatar\u00e1? \u00bfSer\u00e1 qu\u00e9 es preferible la ILE a meterse en la familia y evidenciar al machismo emboscado y cotidiano?<\/p>\n\n\n\n<p class=\"wp-block-paragraph\">La otra noche o\u00ed a Marta Lamas desestimar el tema de la trata. Y s\u00e9 que lo de la violencia, como no se puede tratar \u201chigi\u00e9nicamente\u201d, se ha dejado a las necias. Mientras todos los d\u00edas tenemos noticias de asesinatos, s\u00ed, pero de acoso en las universidades, en el transporte, en las oficinas p\u00fablicas, en la escuela, en la calle, en las fiestas familiares; o\u00edmos de violaciones \u2013m\u00e1s de 20 mil denunciadas anualmente- tantas como m\u00e1s de 54 al d\u00eda, o sea m\u00e1s de dos cada hora. Veremos.<\/p>\n\n\n\n<p class=\"wp-block-paragraph\">#JusticiaParaSol<\/p>\n\n\n\n<p class=\"wp-block-paragraph\">SEM\/sl\/sj<\/p>\n","protected":false},"excerpt":{"rendered":"<p>Candidatas a INMUJERES, se\u00f1as, simbolismo y alianzas \u2022 Tema candente para AMLO la violencia contra las mujeres Sara Lovera SemM\u00e9xico, 16 agosto 2018.- Hay se\u00f1as, mensaje, probabilidades de lograr en el gobierno entrante: despenalizar el aborto. En el gobierno que entrar\u00e1 en funciones el 1 de diciembre, hay indicios, como que las mujeres organizadas, las [&hellip;]<\/p>\n","protected":false},"author":3,"featured_media":3824,"comment_status":"open","ping_status":"open","sticky":false,"template":"","format":"standard","meta":{"_monsterinsights_skip_tracking":false,"footnotes":""},"categories":[689,35,95,69],"tags":[],"class_list":["post-3909","post","type-post","status-publish","format-standard","has-post-thumbnail","category-689","category-opinion","category-palabra-de-antigona","category-sara-lovera"],"_links":{"self":[{"href":"https:\/\/redsemlac.com\/semmexico\/wp-json\/wp\/v2\/posts\/3909","targetHints":{"allow":["GET"]}}],"collection":[{"href":"https:\/\/redsemlac.com\/semmexico\/wp-json\/wp\/v2\/posts"}],"about":[{"href":"https:\/\/redsemlac.com\/semmexico\/wp-json\/wp\/v2\/types\/post"}],"author":[{"embeddable":true,"href":"https:\/\/redsemlac.com\/semmexico\/wp-json\/wp\/v2\/users\/3"}],"replies":[{"embeddable":true,"href":"https:\/\/redsemlac.com\/semmexico\/wp-json\/wp\/v2\/comments?post=3909"}],"version-history":[{"count":0,"href":"https:\/\/redsemlac.com\/semmexico\/wp-json\/wp\/v2\/posts\/3909\/revisions"}],"wp:featuredmedia":[{"embeddable":true,"href":"https:\/\/redsemlac.com\/semmexico\/wp-json\/wp\/v2\/media\/3824"}],"wp:attachment":[{"href":"https:\/\/redsemlac.com\/semmexico\/wp-json\/wp\/v2\/media?parent=3909"}],"wp:term":[{"taxonomy":"category","embeddable":true,"href":"https:\/\/redsemlac.com\/semmexico\/wp-json\/wp\/v2\/categories?post=3909"},{"taxonomy":"post_tag","embeddable":true,"href":"https:\/\/redsemlac.com\/semmexico\/wp-json\/wp\/v2\/tags?post=3909"}],"curies":[{"name":"wp","href":"https:\/\/api.w.org\/{rel}","templated":true}]}}