{"id":39088,"date":"2021-08-05T14:17:00","date_gmt":"2021-08-05T20:17:00","guid":{"rendered":"https:\/\/redsemlac.com\/semmexico\/?p=39088"},"modified":"2023-07-21T17:05:33","modified_gmt":"2023-07-21T22:05:33","slug":"propone-lily-tellez-reconocimiento-a-nina-iveth-camila-ortiz-ramirez-por-apoyo-a-500-personas-mayores-para-su-vacunacion","status":"publish","type":"post","link":"https:\/\/redsemlac.com\/semmexico\/propone-lily-tellez-reconocimiento-a-nina-iveth-camila-ortiz-ramirez-por-apoyo-a-500-personas-mayores-para-su-vacunacion\/","title":{"rendered":"Propone Lily T\u00e9llez reconocimiento a ni\u00f1a Iveth Camila Ortiz Ram\u00edrez por apoyo a 500 personas mayores para su vacunaci\u00f3n"},"content":{"rendered":"\n<ul class=\"wp-block-list\"><li><strong>La infanta en &nbsp;la lista de Las 100 mujeres m\u00e1s Poderosas de M\u00e9xico, edici\u00f3n 2021<\/strong><\/li><\/ul>\n\n\n\n<ul class=\"wp-block-list\"><li><strong>El Senado decidir\u00e1 sobre la distinci\u00f3n que animar\u00eda a m\u00e1s jovencitas a actuar<\/strong><strong><\/strong><\/li><\/ul>\n\n\n\n<p class=\"wp-block-paragraph\"><strong>Micaela M\u00e1rquez<\/strong><\/p>\n\n\n\n<p class=\"wp-block-paragraph\">SemM\u00e9xico, Cd. de M\u00e9xico, 5 de agosto 2021.- La Segunda Comisi\u00f3n de la Permanente analizar\u00e1 la propuesta de la senadora Lily T\u00e9llez del PAN para reconocer a la ni\u00f1a Iveth Camila Ortiz Ram\u00edrez, por el apoyo que brind\u00f3 a m\u00e1s de 500 personas a realizar su registro y posterior traslado para que recibieran la vacuna contra el virus SARS-CoV2, en la comunidad de Albia, municipio de Torre\u00f3n, Coahuila.&nbsp;<\/p>\n\n\n\n<p class=\"wp-block-paragraph\">Lilly T\u00e9llez, para reconocer a la ni\u00f1a Iveth Camila Ortiz Ram\u00edrez, por el apoyo que brind\u00f3 a m\u00e1s de 500 personas a realizar su registro y posterior traslado para que recibieran la vacuna contra el virus SARS-CoV2, en la comunidad de Albia, municipio de Torre\u00f3n, Coahuila.&nbsp;<\/p>\n\n\n\n<p class=\"wp-block-paragraph\">La legisladora panista destaco el apoyo social, humanitario, solidario y altruista que Camila Ortiz, a sus 12 a\u00f1os, realiz\u00f3 en favor de su comunidad, al contribuir a que los adultos mayores pudieran ejercer su derecho humano a la protecci\u00f3n de la salud. &nbsp;<\/p>\n\n\n\n<p class=\"wp-block-paragraph\">Detall\u00f3 que la mayor\u00eda de las personas mayores carecen de conocimiento sobre el uso de las tecnolog\u00edas de la informaci\u00f3n y la comunicaci\u00f3n, o porque no contaban con un dispositivo electr\u00f3nico con acceso a internet para registrarse en la p\u00e1gina de internet implementada por parte de la Secretaria de Salud del Gobierno Federal.<\/p>\n\n\n\n<p class=\"wp-block-paragraph\">Iveth Camila Ortiz adem\u00e1s de apoyar para obtener las citas brind\u00f3 su auxilio para trasladar a los adultos mayores a las sedes de vacunaci\u00f3n. &nbsp;<\/p>\n\n\n\n<p class=\"wp-block-paragraph\">Esta acci\u00f3n ya ha sido reconocida en distintos espacios como en el marco de la Sesi\u00f3n de Cabildo Infantil 2021, el Ayuntamiento de Torre\u00f3n, a trav\u00e9s del presidente municipal Sergio Lara Galv\u00e1n, le entreg\u00f3 un reconocimiento y una beca por su labor altruista.<\/p>\n\n\n\n<p class=\"wp-block-paragraph\">Adem\u00e1s, la Revista Forbes incluy\u00f3 a Iveth Camila Ortiz en la lista de Las 100 mujeres m\u00e1s Poderosas de M\u00e9xico, edici\u00f3n 2021.&nbsp;<\/p>\n","protected":false},"excerpt":{"rendered":"<p>La infanta en \u00a0la lista de Las 100 mujeres m\u00e1s Poderosas de M\u00e9xico, edici\u00f3n 2021<\/p>\n","protected":false},"author":3,"featured_media":39089,"comment_status":"open","ping_status":"open","sticky":false,"template":"","format":"standard","meta":{"_monsterinsights_skip_tracking":false,"footnotes":""},"categories":[692,50],"tags":[],"class_list":["post-39088","post","type-post","status-publish","format-standard","has-post-thumbnail","category-692","category-congreso"],"_links":{"self":[{"href":"https:\/\/redsemlac.com\/semmexico\/wp-json\/wp\/v2\/posts\/39088","targetHints":{"allow":["GET"]}}],"collection":[{"href":"https:\/\/redsemlac.com\/semmexico\/wp-json\/wp\/v2\/posts"}],"about":[{"href":"https:\/\/redsemlac.com\/semmexico\/wp-json\/wp\/v2\/types\/post"}],"author":[{"embeddable":true,"href":"https:\/\/redsemlac.com\/semmexico\/wp-json\/wp\/v2\/users\/3"}],"replies":[{"embeddable":true,"href":"https:\/\/redsemlac.com\/semmexico\/wp-json\/wp\/v2\/comments?post=39088"}],"version-history":[{"count":0,"href":"https:\/\/redsemlac.com\/semmexico\/wp-json\/wp\/v2\/posts\/39088\/revisions"}],"wp:featuredmedia":[{"embeddable":true,"href":"https:\/\/redsemlac.com\/semmexico\/wp-json\/wp\/v2\/media\/39089"}],"wp:attachment":[{"href":"https:\/\/redsemlac.com\/semmexico\/wp-json\/wp\/v2\/media?parent=39088"}],"wp:term":[{"taxonomy":"category","embeddable":true,"href":"https:\/\/redsemlac.com\/semmexico\/wp-json\/wp\/v2\/categories?post=39088"},{"taxonomy":"post_tag","embeddable":true,"href":"https:\/\/redsemlac.com\/semmexico\/wp-json\/wp\/v2\/tags?post=39088"}],"curies":[{"name":"wp","href":"https:\/\/api.w.org\/{rel}","templated":true}]}}