{"id":39085,"date":"2021-08-04T14:14:00","date_gmt":"2021-08-04T20:14:00","guid":{"rendered":"https:\/\/redsemlac.com\/semmexico\/?p=39085"},"modified":"2023-07-21T17:05:33","modified_gmt":"2023-07-21T22:05:33","slug":"registra-ciudad-juarez-15-homicidios-dolosos-en-3-dias-3-son-mujeres","status":"publish","type":"post","link":"https:\/\/redsemlac.com\/semmexico\/registra-ciudad-juarez-15-homicidios-dolosos-en-3-dias-3-son-mujeres\/","title":{"rendered":"Registra Ciudad Ju\u00e1rez 15 homicidios dolosos en 3 d\u00edas; 3 son mujeres"},"content":{"rendered":"\n<ul class=\"wp-block-list\"><li><strong>Han pasado 27 a\u00f1os, sin que disminuya la violencia contra las mujeres<\/strong><\/li><\/ul>\n\n\n\n<p class=\"wp-block-paragraph\"><strong>Redacci\u00f3n<\/strong><\/p>\n\n\n\n<p class=\"wp-block-paragraph\">SemM\u00e9xico, Cd. Ju\u00e1rez, Chihuahua, 4 de agosto, 2021.- El mes de agosto inici\u00f3 con una serie de eventos violentos, pues a tres d\u00edas de que comenzara se han contabilizados 15 homicidios dolosos, inform\u00f3 Alejandro Ruvalcaba Valadez, vocero de la Fiscal\u00eda General del Estado en la zona Norte.<\/p>\n\n\n\n<p class=\"wp-block-paragraph\">Dijo del total de los homicidios, tres corresponden a personas del sexo femenino, por lo que las carpetas de investigaci\u00f3n ser\u00e1n elaboradas por la Fiscal\u00eda Especializada de la Mujer (FEM).<\/p>\n\n\n\n<p class=\"wp-block-paragraph\">Estos tres casos se dan en menos de 24 horas, por lo que se ha puesto principal atenci\u00f3n por parte de las autoridades.<\/p>\n\n\n\n<p class=\"wp-block-paragraph\">Refiri\u00f3 que, adem\u00e1s, los agentes del Ministerio P\u00fablico ya cuentan con avances en la creaci\u00f3n de algunas de las carpetas, por lo que se espera que en los pr\u00f3ximos d\u00edas se obtengan \u00f3rdenes de aprehensi\u00f3n para detener a los responsables de estos delitos.<\/p>\n\n\n\n<p class=\"wp-block-paragraph\">Ciudad Ju\u00e1rez, el sitio emblem\u00e1tico que en 1994 abri\u00f3 la cortina para conocer de los feminicidios en M\u00e9xico. No cesa la violencia en 27 a\u00f1os. Emma Lovera, del Instituto de las Mujeres considera que el ambiente patriarcal, el crecimiento del crimen organizado y las estrategias segmentadas no han logrado un cambio.<\/p>\n","protected":false},"excerpt":{"rendered":"<p>Han pasado 27 a\u00f1os, sin que disminuya la violencia contra las mujeres<\/p>\n","protected":false},"author":3,"featured_media":39086,"comment_status":"open","ping_status":"open","sticky":false,"template":"","format":"standard","meta":{"_monsterinsights_skip_tracking":false,"footnotes":""},"categories":[692,47,48],"tags":[],"class_list":["post-39085","post","type-post","status-publish","format-standard","has-post-thumbnail","category-692","category-no-mas-impunidad","category-no-mas-impunidad-no-mas-impunidad"],"_links":{"self":[{"href":"https:\/\/redsemlac.com\/semmexico\/wp-json\/wp\/v2\/posts\/39085","targetHints":{"allow":["GET"]}}],"collection":[{"href":"https:\/\/redsemlac.com\/semmexico\/wp-json\/wp\/v2\/posts"}],"about":[{"href":"https:\/\/redsemlac.com\/semmexico\/wp-json\/wp\/v2\/types\/post"}],"author":[{"embeddable":true,"href":"https:\/\/redsemlac.com\/semmexico\/wp-json\/wp\/v2\/users\/3"}],"replies":[{"embeddable":true,"href":"https:\/\/redsemlac.com\/semmexico\/wp-json\/wp\/v2\/comments?post=39085"}],"version-history":[{"count":0,"href":"https:\/\/redsemlac.com\/semmexico\/wp-json\/wp\/v2\/posts\/39085\/revisions"}],"wp:featuredmedia":[{"embeddable":true,"href":"https:\/\/redsemlac.com\/semmexico\/wp-json\/wp\/v2\/media\/39086"}],"wp:attachment":[{"href":"https:\/\/redsemlac.com\/semmexico\/wp-json\/wp\/v2\/media?parent=39085"}],"wp:term":[{"taxonomy":"category","embeddable":true,"href":"https:\/\/redsemlac.com\/semmexico\/wp-json\/wp\/v2\/categories?post=39085"},{"taxonomy":"post_tag","embeddable":true,"href":"https:\/\/redsemlac.com\/semmexico\/wp-json\/wp\/v2\/tags?post=39085"}],"curies":[{"name":"wp","href":"https:\/\/api.w.org\/{rel}","templated":true}]}}