{"id":39073,"date":"2021-08-03T05:58:00","date_gmt":"2021-08-03T11:58:00","guid":{"rendered":"https:\/\/redsemlac.com\/semmexico\/?p=39073"},"modified":"2023-07-21T17:04:58","modified_gmt":"2023-07-21T22:04:58","slug":"rene-juarez-y-yo","status":"publish","type":"post","link":"https:\/\/redsemlac.com\/semmexico\/rene-juarez-y-yo\/","title":{"rendered":"Ren\u00e9 Ju\u00e1rez y yo"},"content":{"rendered":"\n<p class=\"has-text-align-right wp-block-paragraph\"><strong><em>Inmensos han sido los preparativos de mi llegada \/ amistosos y fieles, los brazos que me han sostenido. <\/em><\/strong><\/p>\n\n\n\n<p class=\"has-text-align-right wp-block-paragraph\">Walt Whitman<\/p>\n\n\n\n<p class=\"wp-block-paragraph\">Florencio Salazar<\/p>\n\n\n\n<p class=\"wp-block-paragraph\">SemM\u00e9xico. Chilpancingo. Guerrero. 03 de agosto 2021.- El autob\u00fas ejecutivo que usaba Jos\u00e9 Francisco Ruiz Massieu para su campa\u00f1a de candidato a gobernador del PRI, rodaba por la Costera de Acapulco. En los asientos delanteros acompa\u00f1\u00e1bamos al candidato El\u00edas Tabares, Ren\u00e9 Ju\u00e1rez, yo y otros m\u00e1s.<\/p>\n\n\n\n<p class=\"wp-block-paragraph\">\u201c\u00bfRecuerda aquel columnista pol\u00edtico del Distrito Federal, que le pidi\u00f3 apoyo para venir con su esposa a pasar su aniversario de bodas? Ren\u00e9 cubri\u00f3 el hospedaje y yo consegu\u00ed los boletos de avi\u00f3n en el CEN del PRI\u201d, dije a Ruiz Massieu.<\/p>\n\n\n\n<p class=\"wp-block-paragraph\">Abri\u00f3 ojos de sorpresa. \u201cComo premio a tu lealtad \u2013contest\u00f3\u2013 a partir de ahora me hablar\u00e1s de t\u00fa\u201d. 2.<\/p>\n\n\n\n<p class=\"wp-block-paragraph\">El columnista hab\u00eda publicado algunos comentarios favorables al subsecretario de Salud, aspirante a gobernador. Cuando me pidi\u00f3 el apoyo de Ruiz Massieu para ir a Acapulco, en autom\u00e1tico fui afirmativo. Yo era subsecretario general adjunto del CEN del PRI, bajo las \u00f3rdenes de don Manuel Garza Gonz\u00e1lez.<\/p>\n\n\n\n<p class=\"wp-block-paragraph\">A Ruiz Massieu lo ve\u00eda dos o tres veces por semana. En la siguiente reuni\u00f3n le coment\u00e9 la solicitud y mi respuesta. Ruiz Massieu casi salta de su sill\u00f3n y dijo vehemente que yo era irresponsable, no ten\u00eda autorizaci\u00f3n para comprometer sus recursos y no iba a hacer ese gasto. Ese momento fue inc\u00f3modo, penoso.<\/p>\n\n\n\n<p class=\"wp-block-paragraph\">Era previsible la molestia del periodista. Llam\u00e9 a Ren\u00e9 Ju\u00e1rez para pedirle apoyo. Al principio lo sent\u00ed reticente, habl\u00f3 de la falta de recursos. Le dije que iba a participar en un proyecto ganador. Dos o tres d\u00edas despu\u00e9s me habl\u00f3 para decirme que estaba arreglado el hospedaje.<\/p>\n\n\n\n<p class=\"wp-block-paragraph\">Ruiz Massieu me nombr\u00f3 coordinador pol\u00edtico de su campa\u00f1a de candidato. En Chilpancingo, cuando vinimos al acto del destape, le present\u00e9 a Ren\u00e9. Lo design\u00f3 responsable del programa de planeaci\u00f3n.<\/p>\n\n\n\n<p class=\"wp-block-paragraph\">3.<\/p>\n\n\n\n<p class=\"wp-block-paragraph\">A Ren\u00e9 lo conoc\u00ed en la casa de mis entonces suegros don Fausto Albarr\u00e1n y do\u00f1a Esperanza Santill\u00e1n. \u00c9l era novio de la menor de mis cu\u00f1adas, tambi\u00e9n Esperanza, a quien siempre cari\u00f1osamente llamamos <em>Picos<\/em>. Se conocieron en la Facultad de Econom\u00eda de la UAG, en donde eran compa\u00f1eros y ambos alumnos sobresalientes.<\/p>\n\n\n\n<p class=\"wp-block-paragraph\">Terminaron la carrera y se casaron. Entre nosotros hubo empat\u00eda y las familias nos reun\u00edamos a comer cada fin de semana. &nbsp;Nuestras casas estaban una enfrente de la otra, as\u00ed que cruz\u00e1bamos indistintamente. Naci\u00f3 Ren\u00e9, su primog\u00e9nito. Nos invit\u00f3 de padrinos de bautizo.<\/p>\n\n\n\n<p class=\"wp-block-paragraph\">Con la ca\u00edda del gobernador Israel Nogueda Otero \u2013yo era secretario general de la CNOP en el estado\u2013, part\u00ed a la Ciudad de M\u00e9xico. All\u00e1 tuve oportunidad de desenvolverme pol\u00edticamente, mientras aqu\u00ed transcurr\u00edan los gobiernos del ingeniero Rub\u00e9n Figueroa Figueroa y del licenciado Alejandro Cervantes Delgado, en los cuales Ren\u00e9 trabaj\u00f3 sucesivamente en la delegaci\u00f3n federal de la SPP y como coordinador del Copladeg.<\/p>\n\n\n\n<p class=\"wp-block-paragraph\">4.<\/p>\n\n\n\n<p class=\"wp-block-paragraph\">Ruiz Massieu me ofreci\u00f3 tres cargos: secretario general de Gobierno, presidente del PRI o alcalde de Chilpancingo; escog\u00ed la alcald\u00eda. A Ren\u00e9 lo nombr\u00f3 secretario de Planeaci\u00f3n, cargo que ocup\u00f3 tres a\u00f1os; luego fue presidente municipal de Acapulco.<\/p>\n\n\n\n<p class=\"wp-block-paragraph\">Ruiz Massieu me pidi\u00f3 el programa de desarrollo de Chilpancingo. Mi equipo result\u00f3 un fiasco para la planeaci\u00f3n. El gobernador rechaz\u00f3 en dos ocasiones el documento. Llam\u00f3 a Ren\u00e9 y le dijo: \u201cAyuda a tu pariente\u201d.<\/p>\n\n\n\n<p class=\"wp-block-paragraph\">Ren\u00e9 se meti\u00f3 a trabajar un d\u00eda completo con mis colaboradores. El documento dirigido por \u00e9l fue aprobado. Adem\u00e1s, como secretario de Planeaci\u00f3n me dio otra ayuda importante: la electrificaci\u00f3n de 36 colonias y 22 pueblos. No hab\u00eda antecedente de una obra municipal de esa magnitud.<\/p>\n\n\n\n<p class=\"wp-block-paragraph\">Se rompi\u00f3 el matrimonio con <em>Picos. <\/em>Las reuniones familiares terminaron, pero mantuvimos la amistad.<\/p>\n\n\n\n<p class=\"wp-block-paragraph\">5.<\/p>\n\n\n\n<p class=\"wp-block-paragraph\">Como secretario de Planeaci\u00f3n tuvo la habilidad de hacer alianza con la mayor\u00eda de los presidentes municipales. Era su facultad distribuir recursos de algunos programas y supo aprovechar esa posici\u00f3n.<\/p>\n\n\n\n<p class=\"wp-block-paragraph\">Para entonces ya hab\u00edamos platicado de la posibilidad de ser gobernador alguno de los dos. No obstante, mi cercan\u00eda con Ruiz Massieu, quien me hab\u00eda dicho que para acompa\u00f1arlo a las giras por Guerrero lo \u00fanico que necesitaba era presentarme en el aeropuerto, prefer\u00ed dedicarme totalmente al municipio y esa fue una decisi\u00f3n acertada por la cantidad de obras que se hicieron.<\/p>\n\n\n\n<p class=\"wp-block-paragraph\">A H\u00e9ctor Astudillo Flores lo promov\u00ed a la dirigencia de la Liga municipal de la CNOP y luego a la presidencia del PRI en Chilpancingo. Result\u00f3 ser un dirigente muy activo y yo lo apoy\u00e9 con cuanta gesti\u00f3n hizo ante el ayuntamiento. Llam\u00e9 a H\u00e9ctor y le dije: \u201cRen\u00e9 Ju\u00e1rez va a ser gobernador en alg\u00fan momento. Tiene tiempo viviendo aqu\u00ed y a\u00fan es un desconocido en el municipio. Ya habl\u00e9 con \u00e9l. Lo espera, vaya a verlo, ay\u00fadelo\u201d.<\/p>\n\n\n\n<p class=\"wp-block-paragraph\">6.<\/p>\n\n\n\n<p class=\"wp-block-paragraph\">A Ruiz Massieu lo sucedi\u00f3 el licenciado Rub\u00e9n Figueroa Alcocer. Ren\u00e9 era alcalde de Acapulco y yo diputado federal. Se encadenaron las desgracias: asesinaron a Ruiz Massieu y la tragedia de Aguas Blancas oblig\u00f3 al gobernador Figueroa a pedir licencia. \u00c1ngel Aguirre lleg\u00f3 al relevo.<\/p>\n\n\n\n<p class=\"wp-block-paragraph\">En la administraci\u00f3n de Aguirre Rivero literalmente cay\u00f3 otra maldici\u00f3n b\u00edblica. El hurac\u00e1n <em>Paulina<\/em>, lanz\u00f3 enormes pe\u00f1ascos sobre vidas y casas. La gente de las partes altas de Acapulco qued\u00f3 en total desamparo. El alcalde porte\u00f1o Juan Salgado, pidi\u00f3 licencia. Lo sucedi\u00f3 Manuel A\u00f1orve.<\/p>\n\n\n\n<p class=\"wp-block-paragraph\">En ese entonces me desempe\u00f1aba como coordinador de la LV Legislatura del Congreso del Estado y era mencionado como posible candidato a gobernador. Al Congreso llegu\u00e9 por decisi\u00f3n del secretario de la Segob, Emilio Chauffet.<\/p>\n\n\n\n<p class=\"wp-block-paragraph\">Mi inter\u00e9s fundamental estaba centrado en el Congreso. Decretamos la autonom\u00eda del presupuesto, se construy\u00f3 su actual sede, se cre\u00f3 el Instituto de Investigaciones Parlamentarias <em>Eduardo Neri<\/em>, se public\u00f3 el <em>Diario de los Debates<\/em>, se fund\u00f3 la revista <em>Altamirano<\/em>, se cre\u00f3 la Medalla <em>Sentimientos de la Naci\u00f3n<\/em>, la importante reforma electoral se aprob\u00f3 por unanimidad, se publicaron libros y folletos y el Legislativo tuvo presencia nacional e internacional.<\/p>\n\n\n\n<p class=\"wp-block-paragraph\">\u00c1ngel Aguirre apoy\u00f3 con entusiasmo nuestras iniciativas, que siempre contaron con el consenso de la mayor\u00eda de diputados y diputadas. Mis compa\u00f1eros\/as de bancada fueron espl\u00e9ndidos, muy unidos a pesar de la diversidad de or\u00edgenes y compromisos pol\u00edticos. En su relaci\u00f3n con el Congreso \u00c1ngel Aguirre Rivero siempre actu\u00f3 como un reformador convencido.<\/p>\n\n\n\n<p class=\"wp-block-paragraph\">Sobre la sucesi\u00f3n de gobierno \u00c1ngel trat\u00f3 de confundirnos a Ren\u00e9 y a m\u00ed, ofreciendo \u2013a cada uno por su lado\u2013 su apoyo. En realidad, quer\u00eda enfrentarnos para dar paso libre a Manuel A\u00f1orve, de quien me coment\u00f3 que se saltaba las trancas y que deber\u00eda hacer cola. Yo estaba en total acuerdo con el gobernador.<\/p>\n\n\n\n<p class=\"wp-block-paragraph\">Por ese motivo, cuando el corresponsal de <em>Reforma <\/em>me pregunt\u00f3 sobre qu\u00e9 pensaba del gobernador que quer\u00eda dejar de sucesor a su primo, respond\u00ed que Guerrero no era un rancho. As\u00ed lo public\u00f3 el peri\u00f3dico.<\/p>\n\n\n\n<p class=\"wp-block-paragraph\">7.<\/p>\n\n\n\n<p class=\"wp-block-paragraph\">Puestos de acuerdo Ren\u00e9 y yo sobre la estrategia a seguir, \u00e9l me pidi\u00f3 que nos reuni\u00e9ramos con Carlos Rojas Guti\u00e9rrez en la Ciudad de M\u00e9xico. Analizamos la situaci\u00f3n del Estado, la inclinaci\u00f3n de \u00c1ngel a favor de Manuel A\u00f1orve. Carlos Rojas propuso un acuerdo. Expres\u00f3 enf\u00e1tico se\u00f1alando a Ren\u00e9, \u201ct\u00fa gobernador\u201d; y luego t\u00fa \u2013indic\u00e1ndome\u2013 \u201csenador y despu\u00e9s gobernador\u201d. \u201cDej\u00e9moslo en senador \u2013respond\u00ed\u2013, la gubernatura tendr\u00e1 su momento\u201d.<\/p>\n\n\n\n<p class=\"wp-block-paragraph\">\u201cEstamos en este compromiso \u2013concluy\u00f3 Rojas Guti\u00e9rrez\u2013, yo garantizo su cumplimiento. \u00bfDe acuerdo? De acuerdo\u201d.<\/p>\n\n\n\n<p class=\"wp-block-paragraph\">Ren\u00e9 reun\u00eda las condiciones para ser gobernador y un buen gobernador. Se form\u00f3 \u00edntegramente en Guerrero, conoc\u00eda su geograf\u00eda humana y los datos duros por su trabajo de planeaci\u00f3n en dependencias estrat\u00e9gicas para el desarrollo; adem\u00e1s de su experiencia pol\u00edtica como alcalde y diputado federal. Representaba una nueva generaci\u00f3n pol\u00edtica y se advert\u00eda su capacidad para conectar con la gente.<\/p>\n\n\n\n<p class=\"wp-block-paragraph\">8.<\/p>\n\n\n\n<p class=\"wp-block-paragraph\">Manuel A\u00f1orve \u2013con su reciente Doctorado en Derecho\u2013 se hab\u00eda ganado la simpat\u00eda del Presidente Ernesto Zedillo. Se filtr\u00f3 la informaci\u00f3n de que Manuel era el beneficiario del dedazo y que \u00c1ngel Aguirre hab\u00eda asumido como suyo, evitando que fuera el presidente del CEN del PRI quien lo notificara a los interesados. Puesto que oficialmente no sab\u00edamos de la voluntad presidencial, Ren\u00e9 y yo no aflojamos respecto a que se deb\u00eda respetar la militancia.<\/p>\n\n\n\n<p class=\"wp-block-paragraph\">M\u00e1s por fastidio que por dem\u00f3crata, Ernesto Zedillo decidi\u00f3 que la candidatura se resolviera en una elecci\u00f3n interna. Se concretaron cuatro candidatos m\u00e1s: Porfirio Camarena, Guadalupe G\u00f3mez Maganda, Miguel Osorio Marb\u00e1n y Carlos Vega Memije. Perm\u00edtaseme de paso: entonces conoc\u00ed a Osorio Marb\u00e1n, era un pol\u00edtico experimentado, cordial, de primera.<\/p>\n\n\n\n<p class=\"wp-block-paragraph\">Se form\u00f3 una comisi\u00f3n interna con los precandidatos o sus representantes. Ren\u00e9 y Manuel acreditaron representantes, pero realmente quien represent\u00f3 a Ren\u00e9 fui yo. As\u00ed par\u00e9 un embate para desconocer a Ren\u00e9 como aspirante bajo el supuesto de que estaba usando recursos p\u00fablicos. \u201cMuy bien \u2013se\u00f1al\u00e9\u2013 saquen a Ren\u00e9 y a ver qu\u00e9 hacen luego con \u00e9l porque el PRD lo va a querer de candidato\u201d. Y seguramente as\u00ed hubiera sido.<\/p>\n\n\n\n<p class=\"wp-block-paragraph\">Se decidi\u00f3 que la campa\u00f1a fuera conjunta. Las plazas las disputaban Ren\u00e9 y Manuel. Los dem\u00e1s tuvimos m\u00e1s bien una presencia testimonial. El d\u00eda de la elecci\u00f3n cerraron las mesas de votaci\u00f3n a las tres de la tarde. A mi oficina interna, en el Instituto Neri, llegaron los aspirantes \u2013menos Manuel\u2013 todos opositores a Ren\u00e9. Apenas hab\u00eda transcurrido una hora del cierre y ya ten\u00edan un escrito impecable de casi cuatro hojas argumentando por qu\u00e9 deber\u00edan anularse los resultados, que favorec\u00edan a Ren\u00e9 Ju\u00e1rez. Faltaba mi firma.<\/p>\n\n\n\n<p class=\"wp-block-paragraph\">Yo, adem\u00e1s de coordinador del Congreso, tambi\u00e9n era presidente de la Asociaci\u00f3n nacional de diputados locales del PRI y Coordinador de Acci\u00f3n Legislativa del CEN del propio partido. Les ofrec\u00ed que hablar\u00eda con el l\u00edder nacional, Mariano Palacios Alcocer, para tener una entrevista al siguiente d\u00eda (lunes) y exponerle la situaci\u00f3n. Estuvieron de acuerdo.<\/p>\n\n\n\n<p class=\"wp-block-paragraph\">Por tel\u00e9fono coment\u00e9 con Ren\u00e9 lo ocurrido y enseguida me comuniqu\u00e9 con Carlos Rojas Guti\u00e9rrez, secretario general del CEN. Hab\u00eda que evitar la ruptura y era necesario que el CEN pusieran en paz a los compa\u00f1eros. El lunes en la ma\u00f1ana recib\u00ed la llamada de Mariano Palacios Alcocer, presidente del CEN. Se\u00f1al\u00f3 enf\u00e1tico: \u201cNo voy a recibir a quienes no representan nada en Guerrero\u201d. Los resultados \u2013cito de memoria\u2013 fueron: Porfirio Camarena, cuatro mil quinientos votos; Guadalupe G\u00f3mez Maganda, tres mil quinientos; Carlos Vega, tres mil; Miguel Osorio, dos mil quinientos; yo, 23 mil; Manuel A\u00f1orve, 80 mil; y Ren\u00e9 Ju\u00e1rez, 120 mil.<\/p>\n\n\n\n<p class=\"wp-block-paragraph\">En la toma de protesta de Ren\u00e9, en la Plaza C\u00edvica de Chilpancingo, Mariano Palacios dijo en su discurso: \u201cFlorencio Salazar es un revolucionario\u201d.<\/p>\n\n\n\n<p class=\"wp-block-paragraph\">9.<\/p>\n\n\n\n<p class=\"wp-block-paragraph\">Cuando Ren\u00e9 asumi\u00f3 la gubernatura me ofreci\u00f3 dos cargos: la presidencia del PRI estatal y la secretar\u00eda general de Gobierno; acept\u00e9 la secretar\u00eda general. No cumpl\u00eda un a\u00f1o de gobernador cuando se vino encima la sucesi\u00f3n presidencial y la postulaci\u00f3n de candidatos a senadores y diputados federales. El candidato presidencial visit\u00f3 Tlapa y aprovech\u00e9 para hablarle de mi aspiraci\u00f3n. Respuesta de Francisco Labastida: \u201cestoy a lo que diga el gobernador\u201d. Ren\u00e9 guard\u00f3 silencio.<\/p>\n\n\n\n<p class=\"wp-block-paragraph\">Unas semanas despu\u00e9s, en reuni\u00f3n de gabinete, Ren\u00e9 pidi\u00f3 a quienes aspiraran a alg\u00fan cargo de elecci\u00f3n, presentar su renuncia. \u201c\u00bfLo que tengo que decir quieres escucharlo aqu\u00ed o en privado? Fuimos a su despacho y le record\u00e9 el compromiso y que yo hab\u00eda cumplido: \u201c\u00bfQu\u00e9 pasa?\u201d. \u201cAs\u00ed son las cosas\u201d, fue su respuesta. Le entregu\u00e9 mi renuncia y dos o tres d\u00edas despu\u00e9s renunci\u00e9 a 35 a\u00f1os de militancia priista.<\/p>\n\n\n\n<p class=\"wp-block-paragraph\">Posterior a mi renuncia al PRI me habl\u00f3 por tel\u00e9fono el delegado del CEN, diputado V\u00edctor Silva Tejeda: \u201cOlv\u00eddate de tu renuncia al PRI. El licenciando Labastida te ofrece el primer lugar en la lista plurinominal de diputados federales\u201d. \u201cAgrad\u00e9cele, estimado V\u00edctor al licenciado Labastida, pero esa puerta ya la cerr\u00e9\u201d.<\/p>\n\n\n\n<p class=\"wp-block-paragraph\">Recuerdo una curiosa llamada de quien dijo ser secretaria de Emilio Gamboa Patr\u00f3n, secretario particular de Labastida. \u201cLe pide el licenciado Gamboa que le llame. No le va a contestar, pero es importante que quede registrada su llamada\u201d. Coment\u00e9 meses despu\u00e9s ese hecho a mi bien recordado amigo don Miguel Gonz\u00e1lez Avelar, quien a su vez me relat\u00f3 una entrevista con el candidato Labastida. \u201cEstando en la antesala Emilio Gamboa me advirti\u00f3: \u2018Miguel, no olvides que el que sigue soy yo\u2019\u201d.<\/p>\n\n\n\n<p class=\"wp-block-paragraph\">Estuve con Ren\u00e9 cuando asumi\u00f3 el gobierno y tambi\u00e9n cuando lo entreg\u00f3. La primera vez como su secretario general; la segunda como secretario de la Reforma Agraria y representante del Presidente de la Rep\u00fablica, Vicente Fox.<\/p>\n\n\n\n<p class=\"wp-block-paragraph\">10.<\/p>\n\n\n\n<p class=\"wp-block-paragraph\">No veo a la piedra como artefacto para levantarla y hacer da\u00f1o; la veo para no tropezar dos veces con ella. Los rencores, las insidias, perjudican m\u00e1s a quienes las tienen, sufren con esos malvados sentimientos. El rencor es la Hidra, tiene en la cabeza muchas serpientes y es posible que alguna de ellas termine por morder el alma.<\/p>\n\n\n\n<p class=\"wp-block-paragraph\">Como funcionario federal ofrec\u00ed toda mi colaboraci\u00f3n a su gobierno. El estado no tiene porqu\u00e9 padecer los desencuentros de sus pol\u00edticos. Pude crearle problemas a Ren\u00e9 con la Federaci\u00f3n, pues m\u00e1s all\u00e1 de mi cargo en la Reforma Agraria siempre tuve cercan\u00eda pol\u00edtica con el Presidente Fox y relaciones obvias con el gabinete. Jam\u00e1s pens\u00e9 tal absurdo y ocupado en la soluci\u00f3n de graves problemas por la tenencia de la tierra en el pa\u00eds, apart\u00e9 el deseo de ser gobernador.<\/p>\n\n\n\n<p class=\"wp-block-paragraph\">Lo usual es que los compromisos en pol\u00edtica no se cumplan. No existe la buena fe en los asuntos del poder y los ingenuos no est\u00e1n hechos para esta compleja actividad. Sin embargo, siempre hay que apostar a los acuerdos. Nunca pregunt\u00e9 sobre los motivos del incumplimiento a lo pactado. En ocasiones es mejor ignorar las causas de lo irremediable, sobre todo si se quieren superar agravios.<\/p>\n\n\n\n<p class=\"wp-block-paragraph\">11.<\/p>\n\n\n\n<p class=\"wp-block-paragraph\">Entre Ren\u00e9 y yo hubo razones de mucho peso para mantener el respeto mutuo: sus hijos Ren\u00e9 y Marcela Ju\u00e1rez Albarr\u00e1n son primos hermanos de mis hijos Alejandra y Florencio Eduardo Salazar Albarr\u00e1n. Los lazos consangu\u00edneos los considero indisolubles. Adem\u00e1s, \u00e9l nunca dej\u00f3 de ver a mis hijos como sus sobrinos y procurarles atenciones.<\/p>\n\n\n\n<p class=\"wp-block-paragraph\">\u00bfC\u00f3mo, pues, podr\u00eda estar en contra de Ren\u00e9 advirtiendo que nuestros hijos se han querido como hermanos? Para m\u00ed la moral no es un \u00e1rbol que da moras. Pienso lo que digo y digo lo que pienso. S\u00e9 que por ese motivo soy frecuentemente inc\u00f3modo. Trato de ser claro y decir las cosas de frente. Por la espalda no lastimo ni con una hoja de pino.<\/p>\n\n\n\n<p class=\"wp-block-paragraph\">Hace siete a\u00f1os, durante la campa\u00f1a electoral de H\u00e9ctor Astudillo, busqu\u00e9 a Ren\u00e9 para dejar en claro que yo no ten\u00eda agravios en su contra. Nos reunimos en dos ocasiones en mi oficina privada sin hablar del tema. Me invit\u00f3 a comer varias veces en la Ciudad de M\u00e9xico, incluso a visitarlo en el senado; siempre fue atento y cordial. Al fin y al cabo, no haber sido senador me abri\u00f3 oportunidades pol\u00edticas mayores.<\/p>\n\n\n\n<p class=\"wp-block-paragraph\">12.<\/p>\n\n\n\n<p class=\"wp-block-paragraph\">Cuando me enter\u00e9 de su contagio, el jueves 22 de abril, le env\u00ede el siguiente mensaje por whatsapp: \u201cCu\u00eddate. Es un virus muy agresivo. No hay que confiarse. Dale con tu m\u00e9dico seguimiento a todos los s\u00edntomas. Espero tu pronta recuperaci\u00f3n\u201d. Me contest\u00f3: \u201cGracias\u201d, incluyendo el icono de las manitas.<\/p>\n\n\n\n<p class=\"wp-block-paragraph\">El mi\u00e9rcoles 28 de junio le escrib\u00ed otro mensaje: \u201cProbablemente est\u00e9s inconsciente en este momento. Desde lo m\u00e1s profundo de mi coraz\u00f3n deseo que te recuperes. Tuvimos una amistad fraterna que se quebr\u00f3 en alg\u00fan momento. Doy por superado cualquier desencuentro y s\u00f3lo deseo tu pronta recuperaci\u00f3n. Todo el tiempo has sido un luchador: No ser\u00e1s vencido ahora\u201d.<\/p>\n\n\n\n<p class=\"wp-block-paragraph\">Me caus\u00f3 desaz\u00f3n publicar: \u201cLamentablemente falleci\u00f3 Ren\u00e9 Ju\u00e1rez Cisneros. La suya fue una vida de esfuerzo\u201d. Su inteligencia y su voluntad lo hicieron salir de un barrio pobre y convertirse en una figura pol\u00edtica nacional. Vivi\u00f3 largos tramos\u00a0 \u00a0agotadores, de muchas necesidades, sufridos.<\/p>\n\n\n\n<p class=\"wp-block-paragraph\">Me quedo con lo mejor de Ren\u00e9: sus conversaciones, la fraterna convivencia, la mesa compartida, su calidad de economista, su enjundia para abrirse oportunidades la hermandad entre nuestros hijos. A ese amigo, a ese ser humano, hice guardia ante sus cenizas.<\/p>\n","protected":false},"excerpt":{"rendered":"<p>Me quedo con lo mejor de Ren\u00e9: sus conversaciones, la fraterna convivencia, la mesa compartida, su calidad de economista<\/p>\n","protected":false},"author":3,"featured_media":30273,"comment_status":"open","ping_status":"open","sticky":false,"template":"","format":"standard","meta":{"_monsterinsights_skip_tracking":false,"footnotes":""},"categories":[692,199,35],"tags":[144,459],"class_list":["post-39073","post","type-post","status-publish","format-standard","has-post-thumbnail","category-692","category-florencio-salazar-adame","category-opinion","tag-guerrero","tag-opinion"],"_links":{"self":[{"href":"https:\/\/redsemlac.com\/semmexico\/wp-json\/wp\/v2\/posts\/39073","targetHints":{"allow":["GET"]}}],"collection":[{"href":"https:\/\/redsemlac.com\/semmexico\/wp-json\/wp\/v2\/posts"}],"about":[{"href":"https:\/\/redsemlac.com\/semmexico\/wp-json\/wp\/v2\/types\/post"}],"author":[{"embeddable":true,"href":"https:\/\/redsemlac.com\/semmexico\/wp-json\/wp\/v2\/users\/3"}],"replies":[{"embeddable":true,"href":"https:\/\/redsemlac.com\/semmexico\/wp-json\/wp\/v2\/comments?post=39073"}],"version-history":[{"count":0,"href":"https:\/\/redsemlac.com\/semmexico\/wp-json\/wp\/v2\/posts\/39073\/revisions"}],"wp:featuredmedia":[{"embeddable":true,"href":"https:\/\/redsemlac.com\/semmexico\/wp-json\/wp\/v2\/media\/30273"}],"wp:attachment":[{"href":"https:\/\/redsemlac.com\/semmexico\/wp-json\/wp\/v2\/media?parent=39073"}],"wp:term":[{"taxonomy":"category","embeddable":true,"href":"https:\/\/redsemlac.com\/semmexico\/wp-json\/wp\/v2\/categories?post=39073"},{"taxonomy":"post_tag","embeddable":true,"href":"https:\/\/redsemlac.com\/semmexico\/wp-json\/wp\/v2\/tags?post=39073"}],"curies":[{"name":"wp","href":"https:\/\/api.w.org\/{rel}","templated":true}]}}