{"id":39065,"date":"2021-08-03T17:50:26","date_gmt":"2021-08-03T23:50:26","guid":{"rendered":"https:\/\/redsemlac.com\/semmexico\/?p=39065"},"modified":"2023-07-21T17:05:34","modified_gmt":"2023-07-21T22:05:34","slug":"no-discuto-con-mujeres","status":"publish","type":"post","link":"https:\/\/redsemlac.com\/semmexico\/no-discuto-con-mujeres\/","title":{"rendered":"No discuto con mujeres"},"content":{"rendered":"\n<h2 class=\"wp-block-heading\"><strong>Textura Violeta<\/strong><\/h2>\n\n\n\n<p class=\"wp-block-paragraph\"><strong>Por Drina Ergueta<\/strong><strong><\/strong><\/p>\n\n\n\n<p class=\"wp-block-paragraph\">SemM\u00e9xico. La Paz-Bolivia. 3 de agosto de 2021.- Durante una sesi\u00f3n del senado boliviano, hace unos d\u00edas, el senador del partido de gobierno (Movimiento al Socialismo &#8211; MAS) Hilari\u00f3n Padilla se neg\u00f3 a debatir con Andrea Barrientos, jefa de bancada del partido opositor (Comunidad Ciudadana \u2013 CC), porque dijo: \u201cA m\u00ed no me gusta discutir con se\u00f1oras. Yo respeto a mi mam\u00e1 (\u2026) entonces, no tengo por qu\u00e9 discutir con la hermana (senadora) porque al final es mujer. Yo no voy a pelear\u201d. La aludida rechaz\u00f3 su machismo y anunci\u00f3 su denuncia formal.<\/p>\n\n\n\n<p class=\"wp-block-paragraph\">Es de \u201chombres\u201d negarse a debatir, a discutir e, inclusive, a deliberar con una mujer. Es una forma de mandar a callar a quien no es considerada su igual en el ejercicio de exposici\u00f3n de ideas, all\u00ed hay desprecio por mucho paternalismo o galanteo que se observe.&nbsp; Es algo que viene de lejos en la cultura occidental global y de ello habla Mary Beard, catedr\u00e1tica en literatura, que recuerda que ya en La Odisea aparece Tel\u00e9maco haciendo callar a su madre Pen\u00e9lope porque lo hac\u00eda en p\u00fablico y con autoridad.<\/p>\n\n\n\n<p class=\"wp-block-paragraph\">Si se toma como tal que en el pasado andino el pensamiento estaba regido por la dualidad chacha-warmi (hombre-mujer) en todos los aspectos de la vida, como defiende el MAS, que las mujeres no hablen en p\u00fablico es entonces parte de nuestra cultura patriarcal y que lleg\u00f3 con la colonia. Ser\u00eda, entonces, parte de la colonizaci\u00f3n contra la que lucha el MAS y tambi\u00e9n los movimientos indianistas muy masculinizados.<\/p>\n\n\n\n<p class=\"wp-block-paragraph\">Este tema es atributo tambi\u00e9n de otras fuerzas y posturas pol\u00edticas que, cuanto m\u00e1s a la derecha est\u00e1n, suelen ser m\u00e1s expl\u00edcitas en su machismo: all\u00ed est\u00e1 el fugado y preso ex ministro Arturo Murillo dici\u00e9ndole en el o\u00eddo lo que tiene que decir a la ex presidenta Jeanine \u00c1\u00f1ez y las tantas expresiones machistas y mis\u00f3ginas de pol\u00edticos nacionales y regionales.<\/p>\n\n\n\n<p class=\"wp-block-paragraph\">Beard recuerda que \u201cno solo se trata de excluir a las mujeres del discurso p\u00fablico, sino tambi\u00e9n de exhibir esta exclusi\u00f3n\u201d y esto porque, dado que la voz de autoridad es masculina, hacer callar a una mujer o simplemente negarse a escucharla es una exhibici\u00f3n de masculinidad machista. Se\u00f1ala que a las mujeres s\u00f3lo se les es permitido hablar en p\u00fablico en calidad de v\u00edctimas y lo hacen para hablar asuntos considerados de mujeres (familia, hijos, maridos, otras mujeres), siendo abominable que toquen temas que implican a toda la sociedad.<\/p>\n\n\n\n<p class=\"wp-block-paragraph\">Beatriz Pa\u00f1eda Murcia, en una rese\u00f1a, recuerda que las mujeres m\u00edticas citadas por Beard \u201cinspiraron la concepci\u00f3n de la femme fatale decimon\u00f3nica, mujer perversa que con sus artes de seducci\u00f3n es capaz de dominar al hombre y conducirlo a la perdici\u00f3n\u201d, mientras que las mujeres que han conseguido hacer valer su voz p\u00fablicamente, que hasta nuestros d\u00edas han ocupado puestos de poder, en muchos casos han sido caracterizadas como andr\u00f3ginas, ya que han adoptado las formas de hacer masculinas.<\/p>\n\n\n\n<p class=\"wp-block-paragraph\">As\u00ed, en la cultura machista, a las mujeres que hablan en p\u00fablico se las califica finalmente, o de inicio, de putas o de marimachos o no-mujeres, y son los primeros insultos que a un hombre se le ocurre lanzar cuando no tiene capacidad de hablar o debatir p\u00fablicamente con una mujer \u00bfA eso se refiere el senador Padilla, cuando dice que por respeto a su madre no pelear\u00e1 con una mujer? No tiene que pelear, se\u00f1or, hable, argumente, defienda su posici\u00f3n, muestre que la otra persona no tiene raz\u00f3n y h\u00e1galo con respeto y, as\u00ed, usted quedar\u00e1 muy bien, tambi\u00e9n su partido y quienes le han votado. &nbsp;<\/p>\n\n\n\n<p class=\"wp-block-paragraph\">Hay que cambiar ese pensamiento colonial; hay iron\u00eda, pero es en serio. El MAS (cuyos militantes aplaudieron chistes y expresiones machistas de su l\u00edder Evo Morales, no sancionaron a quienes con representaci\u00f3n p\u00fablica cometieron actos de violencia machista y otros) ofrece este tema como motivo continuo para ser atacado desde otras posturas pol\u00edticas, pese a que tambi\u00e9n tienen lo suyo. Tanto es as\u00ed que, de hecho, una de las r\u00e9moras que cargan como sello de presentaci\u00f3n es el machismo. Ya es hora de hacer algo, podr\u00edan comenzar con sancionar a Padilla.<\/p>\n","protected":false},"excerpt":{"rendered":"<p>Es de \u201chombres\u201d negarse a debatir, a discutir e, inclusive, a deliberar con una mujer. Es una forma de mandar a callar a quien no es considerada su igual en el ejercicio de exposici\u00f3n de ideas, all\u00ed hay desprecio por mucho paternalismo o galanteo que se observe.\u00a0 Es algo que viene de lejos en la cultura occidental global y de ello habla Mary Beard, catedr\u00e1tica en literatura, que recuerda que ya en La Odisea aparece Tel\u00e9maco haciendo callar a su madre Pen\u00e9lope porque lo hac\u00eda en p\u00fablico y con autoridad.<\/p>\n","protected":false},"author":3,"featured_media":8467,"comment_status":"open","ping_status":"open","sticky":false,"template":"","format":"standard","meta":{"_monsterinsights_skip_tracking":false,"footnotes":""},"categories":[692,77,35,102],"tags":[],"class_list":["post-39065","post","type-post","status-publish","format-standard","has-post-thumbnail","category-692","category-drina-ergueta","category-opinion","category-textura-violeta"],"_links":{"self":[{"href":"https:\/\/redsemlac.com\/semmexico\/wp-json\/wp\/v2\/posts\/39065","targetHints":{"allow":["GET"]}}],"collection":[{"href":"https:\/\/redsemlac.com\/semmexico\/wp-json\/wp\/v2\/posts"}],"about":[{"href":"https:\/\/redsemlac.com\/semmexico\/wp-json\/wp\/v2\/types\/post"}],"author":[{"embeddable":true,"href":"https:\/\/redsemlac.com\/semmexico\/wp-json\/wp\/v2\/users\/3"}],"replies":[{"embeddable":true,"href":"https:\/\/redsemlac.com\/semmexico\/wp-json\/wp\/v2\/comments?post=39065"}],"version-history":[{"count":0,"href":"https:\/\/redsemlac.com\/semmexico\/wp-json\/wp\/v2\/posts\/39065\/revisions"}],"wp:featuredmedia":[{"embeddable":true,"href":"https:\/\/redsemlac.com\/semmexico\/wp-json\/wp\/v2\/media\/8467"}],"wp:attachment":[{"href":"https:\/\/redsemlac.com\/semmexico\/wp-json\/wp\/v2\/media?parent=39065"}],"wp:term":[{"taxonomy":"category","embeddable":true,"href":"https:\/\/redsemlac.com\/semmexico\/wp-json\/wp\/v2\/categories?post=39065"},{"taxonomy":"post_tag","embeddable":true,"href":"https:\/\/redsemlac.com\/semmexico\/wp-json\/wp\/v2\/tags?post=39065"}],"curies":[{"name":"wp","href":"https:\/\/api.w.org\/{rel}","templated":true}]}}