{"id":39059,"date":"2021-08-03T16:28:26","date_gmt":"2021-08-03T22:28:26","guid":{"rendered":"https:\/\/redsemlac.com\/semmexico\/?p=39059"},"modified":"2023-07-21T17:05:34","modified_gmt":"2023-07-21T22:05:34","slug":"evalua-el-inmujeres-la-politica-de-genero-en-el-pais-san-luis-potosi-avance-sostenido-en-los-ultimos-5-anos-erika-velazquez-gutierrez","status":"publish","type":"post","link":"https:\/\/redsemlac.com\/semmexico\/evalua-el-inmujeres-la-politica-de-genero-en-el-pais-san-luis-potosi-avance-sostenido-en-los-ultimos-5-anos-erika-velazquez-gutierrez\/","title":{"rendered":"Eval\u00faa el Inmujeres la pol\u00edtica de g\u00e9nero en el pa\u00eds, San  Luis Potos\u00ed, avance sostenido en los \u00faltimos 5 a\u00f1os: Erika Vel\u00e1zquez Guti\u00e9rrez"},"content":{"rendered":"\n<ul class=\"wp-block-list\"><li><strong>Por su trabajo y &nbsp;efectividad pas\u00f3 del vig\u00e9simo&nbsp; al quinto &nbsp;lugar &nbsp;entre 32 institutos<\/strong><\/li><\/ul>\n\n\n\n<ul class=\"wp-block-list\"><li><strong>La evaluaci\u00f3n &nbsp;se presenta en &nbsp;la plataforma \u201cM\u00e9xico Rumbo a la Igualdad\u201d.<\/strong><\/li><\/ul>\n\n\n\n<p class=\"wp-block-paragraph\"><strong>Redacci\u00f3n<\/strong><\/p>\n\n\n\n<p class=\"wp-block-paragraph\">SemM\u00e9xico, San Luis Potos\u00ed, SLP, 3 de agosto, 2021.- El Instituto de las Mujeres del Estado (IMES) en San Luis Potos\u00ed avanz\u00f3 del sitio 20 al 5 a nivel nacional, en el cumplimiento y tareas sobre &nbsp;la transversalizaci\u00f3n de enfoque de g\u00e9nero, en los \u00faltimos 5 a\u00f1os.<\/p>\n\n\n\n<p class=\"wp-block-paragraph\">As\u00ed lo Inform\u00f3 Erika Vel\u00e1zquez Guti\u00e9rrez, directora general del IMES, de acuerdo con evaluaciones realizadas por el Instituto Nacional de las Mujeres (INMUJERES).<\/p>\n\n\n\n<p class=\"wp-block-paragraph\">La funcionaria explic\u00f3 que la ruta hacia la transversalizaci\u00f3n del enfoque de g\u00e9nero es un proceso que permite a los gobiernos integrar la perspectiva de g\u00e9nero de forma gradual, avanzando en cuatro tem\u00e1ticas: los marcos normativos, programas para la igualdad de mujeres y hombres, presupuestos p\u00fablicos y cuentas p\u00fablicas.<\/p>\n\n\n\n<p class=\"wp-block-paragraph\">Vel\u00e1zquez Guti\u00e9rrez dijo que esta ruta es medida a trav\u00e9s de un cuestionario solicitado por el Inmujeres en las 32 entidades del pa\u00eds, a trav\u00e9s de una metodolog\u00eda que se realiza con un cuestionario de r 116 preguntas, cuyos resultados son presentados en la plataforma M\u00e9xico Rumbo a la Igualdad.&nbsp;<\/p>\n\n\n\n<p class=\"wp-block-paragraph\">Detall\u00f3 que en el a\u00f1o 2015 el Instituto report\u00f3 un resultado de 50 puntos ubic\u00e1ndose en el lugar 20. Sin embargo, en 2018, hubo un avance significativo en la materia dado que se obtuvieron 76 puntos, lo que ubic\u00f3 a la entidad en la posici\u00f3n diez de los 32 estados, teniendo un avance del 52 por ciento.&nbsp;<\/p>\n\n\n\n<p class=\"wp-block-paragraph\">Para la medici\u00f3n de septiembre de 2020, el IMES tuvo nuevamente un avance significativo obteniendo 113 puntos de 153 evaluados, con un avance del 49 por ciento respecto al a\u00f1o 2018, lo que hizo posicionarse en el quinto lugar.&nbsp;<\/p>\n\n\n\n<p class=\"wp-block-paragraph\">Vel\u00e1zquez Guti\u00e9rrez se\u00f1al\u00f3 que del 2018 al 2020 se avanz\u00f3 en los rubros de incorporaci\u00f3n de la perspectiva de g\u00e9nero en la cuenta p\u00fablica y en el tema por una vida libre de violencia.<\/p>\n\n\n\n<p class=\"wp-block-paragraph\">La titular del IMES resalt\u00f3 que en la evaluaci\u00f3n de 2020 se incorpor\u00f3 un nuevo tema a evaluar que son los Centros para el Desarrollo de las Mujeres (CDM) donde el estado cumpli\u00f3 al 100 por ciento en todas las preguntas respecto a la operaci\u00f3n y participaci\u00f3n social.<\/p>\n\n\n\n<p class=\"wp-block-paragraph\">La directora general dijo que al inicio del sexenio del gobernador Juan Manuel Carreras el IMES solo contaba con cuatro CDM y actualmente existen doce en los municipios de: San Vicente Tancuayalab, Villa de Reyes, Villa de Ramos, Villa Ju\u00e1rez, Santa Catarina, Huehuetl\u00e1n, Cerro de San Pedro, San Ciro de Acosta, Tierra Nueva, Catorce,&nbsp; Ray\u00f3n y Delegaci\u00f3n Bocas, triplicando con ello el n\u00famero de Centros en beneficio de las mujeres de San Lu\u00eds Potos\u00ed. &nbsp;<\/p>\n","protected":false},"excerpt":{"rendered":"<p>El Instituto de las Mujeres del Estado (IMES) en San Luis Potos\u00ed avanz\u00f3 del sitio 20 al 5 a nivel nacional, en el cumplimiento y tareas sobre \u00a0la transversalizaci\u00f3n de enfoque de g\u00e9nero, en los \u00faltimos 5 a\u00f1os.<\/p>\n","protected":false},"author":3,"featured_media":39060,"comment_status":"open","ping_status":"open","sticky":false,"template":"","format":"standard","meta":{"_monsterinsights_skip_tracking":false,"footnotes":""},"categories":[692,51],"tags":[],"class_list":["post-39059","post","type-post","status-publish","format-standard","has-post-thumbnail","category-692","category-ejecutivo"],"_links":{"self":[{"href":"https:\/\/redsemlac.com\/semmexico\/wp-json\/wp\/v2\/posts\/39059","targetHints":{"allow":["GET"]}}],"collection":[{"href":"https:\/\/redsemlac.com\/semmexico\/wp-json\/wp\/v2\/posts"}],"about":[{"href":"https:\/\/redsemlac.com\/semmexico\/wp-json\/wp\/v2\/types\/post"}],"author":[{"embeddable":true,"href":"https:\/\/redsemlac.com\/semmexico\/wp-json\/wp\/v2\/users\/3"}],"replies":[{"embeddable":true,"href":"https:\/\/redsemlac.com\/semmexico\/wp-json\/wp\/v2\/comments?post=39059"}],"version-history":[{"count":0,"href":"https:\/\/redsemlac.com\/semmexico\/wp-json\/wp\/v2\/posts\/39059\/revisions"}],"wp:featuredmedia":[{"embeddable":true,"href":"https:\/\/redsemlac.com\/semmexico\/wp-json\/wp\/v2\/media\/39060"}],"wp:attachment":[{"href":"https:\/\/redsemlac.com\/semmexico\/wp-json\/wp\/v2\/media?parent=39059"}],"wp:term":[{"taxonomy":"category","embeddable":true,"href":"https:\/\/redsemlac.com\/semmexico\/wp-json\/wp\/v2\/categories?post=39059"},{"taxonomy":"post_tag","embeddable":true,"href":"https:\/\/redsemlac.com\/semmexico\/wp-json\/wp\/v2\/tags?post=39059"}],"curies":[{"name":"wp","href":"https:\/\/api.w.org\/{rel}","templated":true}]}}