{"id":39057,"date":"2021-08-03T16:08:06","date_gmt":"2021-08-03T22:08:06","guid":{"rendered":"https:\/\/redsemlac.com\/semmexico\/?p=39057"},"modified":"2023-07-21T17:04:57","modified_gmt":"2023-07-21T22:04:57","slug":"el-parto-de-los-montes","status":"publish","type":"post","link":"https:\/\/redsemlac.com\/semmexico\/el-parto-de-los-montes\/","title":{"rendered":"El parto de los montes\u2026"},"content":{"rendered":"\n<h2 class=\"wp-block-heading\"><strong>ENTRESEMANA<\/strong><\/h2>\n\n\n\n<p class=\"wp-block-paragraph\"><strong>Mois\u00e9s S\u00e1nchez Lim\u00f3n<\/strong><\/p>\n\n\n\n<p class=\"wp-block-paragraph\">SemM\u00e9xico. Cd. de M\u00e9xico. 03 de agosto 2021.- Don Andr\u00e9s nunca pierde, m\u00ednimo empata y, en la par\u00e1frasis del fil\u00f3sofo de Siempre en Domingo: \u00a1A\u00fan hay m\u00e1s!<\/p>\n\n\n\n<p class=\"wp-block-paragraph\">As\u00ed, en esa moda que irrumpi\u00f3 en la pasarela pol\u00edtica con la llamada 4T el 1 de diciembre de 2018, levantar una encuesta en la esquina de cualquier rancho, como \u00e9sta de si se est\u00e1 de acuerdo con llevar a chirona al contrincante pol\u00edtico, por corrupto pero m\u00e1s porque no cuadra con el gobierno en turno, el Duce ha dado carta de legalidad hasta a la consulta patito que enterr\u00f3 en el ex lago de Texcoco m\u00e1s de 100 mil millones de pesos.<\/p>\n\n\n\n<p class=\"wp-block-paragraph\">En \u00e9se \u00e1nimo justiciero, \u00bfpor qu\u00e9 no?, llueva, truene o relampaguee y si quiere no conteste, vale preguntar, por supuesto con el aval de los ministros de la Suprema Corte de Justicia de la Naci\u00f3n, nom\u00e1s por no dejar:<\/p>\n\n\n\n<p class=\"wp-block-paragraph\">\u00bfUsted est\u00e1 de acuerdo en procesar y sentenciar a prisi\u00f3n in s\u00e9cula seculorum \u2013por los siglos de los siglos&#8211; a ex presidentes pillos y todo tipo de ladrones de cuello blanco, incluso a los actuales de la 4T como el dem\u00f3crata y pr\u00edstino Manuel Bartlett D\u00edaz, a la doctora Irma Er\u00e9ndira Sandoval Ballesteros y et al junto con el licenciado Andr\u00e9s Manuel por su responsabilidad en da\u00f1os al erario p\u00fablico y mentirle al pueblo bueno y fif\u00ed todos los d\u00edas?<\/p>\n\n\n\n<p class=\"wp-block-paragraph\">No, no se r\u00eda.<\/p>\n\n\n\n<p class=\"wp-block-paragraph\">Mire usted, si analiza la pregunta que el pasado domingo se hizo a los 93.6 millones de ciudadanos mexicanos, encontrar\u00e1 m\u00e1s claridad en la propuesta con jiribilla por Su Alteza Seren\u00edsima al Senado que luego cambi\u00f3 en un galimat\u00edas la Suprema Corte de Justicia de la Naci\u00f3n. Leamos:<\/p>\n\n\n\n<p class=\"wp-block-paragraph\">\u00ab\u00bfEst\u00e1s de acuerdo o no en que se lleven a cabo las acciones pertinentes con apego al marco constitucional y legal, para emprender un proceso de esclarecimiento de las decisiones pol\u00edticas tomadas en los a\u00f1os pasados por los actores pol\u00edticos, encaminado a garantizar la justicia y los derechos de las posibles v\u00edctimas?\u00bb<\/p>\n\n\n\n<p class=\"wp-block-paragraph\">En cambio, ni qu\u00e9 decir de la pregunta original planteada por el Duce:<\/p>\n\n\n\n<p class=\"wp-block-paragraph\">\u00ab\u00bfEst\u00e1 de acuerdo o no con que las autoridades competentes, con apego a las leyes y procedimientos aplicables, investiguen, y en su caso sancionen, la presunta comisi\u00f3n de delitos por parte de los expresidentes Carlos Salinas de Gortari, Ernesto Zedillo Ponce de Le\u00f3n, Vicente Fox Quesada, Felipe Calder\u00f3n Hinojosa y Enrique Pe\u00f1a Nieto antes, durante y despu\u00e9s de sus respectivas gestiones?\u00bb<\/p>\n\n\n\n<p class=\"wp-block-paragraph\">Pues s\u00ed, eso planteaba el licenciado presidente, aunque con inocultable sed de venganza personal y \u00e1nimo para pasar a la historia en el s\u00edmil del llanero solitario, pero que pretendi\u00f3 endosar al ciudadano que, harto de la corrupci\u00f3n en las ligas mayores del poder supremo, vot\u00f3 encabronadamente a su favor.<\/p>\n\n\n\n<p class=\"wp-block-paragraph\">Y la noche del domingo 1 de julio de 2018 se hizo la luz. Sin duda fue el Parto de los montes que, cuenta la f\u00e1bula de Esopo, despu\u00e9s de la expectativa generada eparieron un rat\u00f3n, es decir un fiasco, nada espectacular como se esperar\u00eda y se comprueba todos los d\u00edas en esta singular gesti\u00f3n del espejo retrovisor y la culpa permanente de todos los males del pa\u00eds a los ex presidentes que no van m\u00e1s all\u00e1 de Carlos Salinas de Gortari.<\/p>\n\n\n\n<p class=\"wp-block-paragraph\">Pero, \u00a1caray!, resulta que mientras en las urnas de aquel domingo 1 de julio de 2018 la alianza Juntos haremos historia (Morena, PES y PT) que llev\u00f3 a la Presidencia de la Rep\u00fablica al licenciado L\u00f3pez Obrador, obtuvo en conjunto 30 millones 113 mil 483 votos, en la elecci\u00f3n intermedia del pasado domingo 6 de junio se redujo a 16 millones 759 mil 917 sufragios a favor de Morena, es decir, el partido de cuyo consejo de administraci\u00f3n es, en los hechos, Su Alteza Seren\u00edsima.<\/p>\n\n\n\n<p class=\"wp-block-paragraph\">Digamos que \u00e9se es el voto duro de Morena, \u00e9se que le permiti\u00f3 arrasar en la intermedia en el interior del pa\u00eds pero no le dio suficiente para mantener hegemon\u00eda en la Ciudad de M\u00e9xico y zona conurbada del Estado de M\u00e9xico, donde la oposici\u00f3n le gan\u00f3 a personajes emblem\u00e1ticos del c\u00edrculo defensor del Duce y sus iniciativas en la C\u00e1mara de Diputados, como Pablo G\u00f3mez y Dolores Padierna.<\/p>\n\n\n\n<p class=\"wp-block-paragraph\">En esa tendencia del desencanto, la noche del domingo \u00faltimo, Lorenzo C\u00f3rdova Vianello, consejero presidente del Instituto Nacional Electoral, rindi\u00f3 cuentas de la Consulta Popular en la sesi\u00f3n extraordinaria del Consejo General del \u00f3rgano colegiado.<\/p>\n\n\n\n<p class=\"wp-block-paragraph\">Inform\u00f3 que \u201cde los pocos m\u00e1s de 93.6 millones de personas que hoy pudimos ejercer el derecho a emitir nuestra opini\u00f3n en las 57 mil 70 mesas receptoras instaladas por el INE, el porcentaje de participaci\u00f3n en la Consulta Popular, con el corte de muestra recibida a las 20:35 horas fue de entre 7.07 y 7.74 por ciento\u201d.<\/p>\n\n\n\n<p class=\"wp-block-paragraph\">Y, a partir del Conteo R\u00e1pido, refiri\u00f3 que por el S\u00cd habr\u00e1n optado entre 89.36 y 96.28 por ciento; por el NO habr\u00e1n optado entre 1.38 y el 1,58 por ciento. Y las opiniones nulas habr\u00e1n alcanzado entre 2.19 y 9.21 por ciento.<\/p>\n\n\n\n<p class=\"wp-block-paragraph\">S\u00ed, importa la opini\u00f3n de 7 millones de mexicanos, importa encarcelar a los corruptos, pero \u00bfd\u00f3nde est\u00e1n los 23 millones de ciudadanos que en 2018 votaron por la alianza Juntos haremos historia? \u00bfD\u00f3nde los 16 millones de la intermedia? Vaya, en suma, \u00bfd\u00f3nde est\u00e1n las huestes de Andr\u00e9s Manuel L\u00f3pez Obrador?<\/p>\n\n\n\n<p class=\"wp-block-paragraph\">\u00bfDesencanto con el dejar hacer y dejar pasar de Su Alteza Seren\u00edsima que, en plena consulta popular se queja por ausencia de una casilla especial pero se gasta el tiempo en un desayuno con la se\u00f1ora madre de El Chapo Guzm\u00e1n y desatiende demandas de sinaloenses?<\/p>\n\n\n\n<p class=\"wp-block-paragraph\">El ciudadano Andr\u00e9s Manuel L\u00f3pez Obrador puede reunirse, platicar, comer, cenar y desayunar con quien se le pegue la gana. Pero es el depositario del Poder Ejecutivo Federal y, sin duda, el desencanto social con su gesti\u00f3n se demostr\u00f3 en esa consulta popular que llevaba la esencia de la venganza personal y el \u00e1nimo politiquero del Duce.<\/p>\n\n\n\n<p class=\"wp-block-paragraph\">Triunfo p\u00edrrico a partir del baj\u00edsimo porcentaje de participaci\u00f3n. \u00bfHubo transa, embarazo de urnas? Lo hubo pero pillar a morenistas en esa pr\u00e1ctica que desprecia el licenciado Andr\u00e9s Manuel no requiri\u00f3 comentario alguno en la ma\u00f1anera. \u00a1Ah!, pero eso s\u00ed, el malo de la pel\u00edcula fue ni m\u00e1s ni menos que el Instituto Nacional Electoral y, \u00a1claro!, Lorenzo C\u00f3rdova y los perversos consejeros electorales que atienden a intereses de partidos, incluso de Morena.<\/p>\n\n\n\n<p class=\"wp-block-paragraph\">Dice Su Alteza Seren\u00edsima en la ma\u00f1anera desde Puerto Vallarta, que \u201cse hablaba mucho de la democracia participativa en el discurso, era mucha la demagogia, pero no se llevaba a la pr\u00e1ctica este m\u00e9todo, esta forma de gobernar pregunt\u00e1ndole al pueblo, consultando al pueblo, y ayer fue realmente muy importante, ejemplar, lo que se vivi\u00f3 en esta jornada\u201d.<\/p>\n\n\n\n<p class=\"wp-block-paragraph\">Y con ello sus consultas patito obtuvieron legalidad. Record\u00f3 que \u201chubo esta consulta, muy importante tambi\u00e9n, ciudadana, para decidir si continu\u00e1bamos con la construcci\u00f3n del aeropuerto en Texcoco o si se cancelaba y se hac\u00eda el aeropuerto en Santa Luc\u00eda, y participaron un mill\u00f3n 69 mil 870 ciudadanos\u201d. \u00a1Aj\u00e1!<\/p>\n\n\n\n<p class=\"wp-block-paragraph\">No, \u00e9l no es responsable de esa barbaridad, la culpa, en todo caso, es de quienes votaron porque, dijo, \u201cesta consulta, aunque no se dio en el marco de la legislaci\u00f3n vigente, fue muy importante porque la gente decidi\u00f3 que se cancelara el aeropuerto de Texcoco y que se construyera el aeropuerto en Santa Luc\u00eda\u201d. \u00bfLa gente? \u00bfUn mill\u00f3n 69 mil 870 ciudadanos decidi\u00f3 por m\u00e1s de 96 millones de mexicanos?<\/p>\n\n\n\n<p class=\"wp-block-paragraph\">Pero, vaya, vaya, el resultado de esta consulta popular del domingo \u00faltimo tiene un responsable, dec\u00eda, el INE. Por eso el Duce adelanta propondr\u00e1 reforma para que no sea 40% sino 30% el porcentaje de la lista nominal que se tome en cuenta para proceder en la consumaci\u00f3n de la venganza, que no justicia, contra el enemigo pol\u00edtico. Y, \u00a1claro!, que la pregunta se haga el d\u00eda de la elecci\u00f3n federal. \u00bfAlgo m\u00e1s?<\/p>\n\n\n\n<p class=\"wp-block-paragraph\">Por ah\u00ed un diputado de Morena se hizo cargo de la propuesta, am\u00e9n de las combativas y dem\u00f3cratas senadoras Mal\u00fa Micher Camarena y Lupita Antares V\u00e1zquez Alatorre que, en autom\u00e1tico plantearon la necesidad de reestructurar al INE \u201cpara que en M\u00e9xico exista una verdadera democracia\u201d.<\/p>\n\n\n\n<p class=\"wp-block-paragraph\">Entonces, \u00bflas senadoras y el Duce ganaron esca\u00f1o y Presidencia mediante una falsa democracia? De que los hay, los hay. Vaya desencanto sin maquillaje con el Parto de los montes. \u00a1Fue rat\u00f3n!, \u00a1fue rat\u00f3n! Digo.<\/p>\n\n\n\n<p class=\"wp-block-paragraph\"><a href=\"mailto:sanchezlimon@gmail.com\" target=\"_blank\" rel=\"noreferrer noopener\">sanchezlimon@gmail.com<\/a><\/p>\n\n\n\n<p class=\"wp-block-paragraph\"><a href=\"http:\/\/www.entresemana.mx\/\" target=\"_blank\" rel=\"noreferrer noopener\">www.entresemana.mx<\/a><\/p>\n\n\n\n<p class=\"wp-block-paragraph\"><strong>@sanchezlimon @sanchezlimon1<\/strong><\/p>\n","protected":false},"excerpt":{"rendered":"<p>Don Andr\u00e9s nunca pierde, m\u00ednimo empata y, en la par\u00e1frasis del fil\u00f3sofo de Siempre en Domingo: \u00a1A\u00fan hay m\u00e1s!<\/p>\n","protected":false},"author":3,"featured_media":15805,"comment_status":"open","ping_status":"open","sticky":false,"template":"","format":"standard","meta":{"_monsterinsights_skip_tracking":false,"footnotes":""},"categories":[692,105,83,35],"tags":[],"class_list":["post-39057","post","type-post","status-publish","format-standard","has-post-thumbnail","category-692","category-entresemana","category-moises-sanchez-limon","category-opinion"],"_links":{"self":[{"href":"https:\/\/redsemlac.com\/semmexico\/wp-json\/wp\/v2\/posts\/39057","targetHints":{"allow":["GET"]}}],"collection":[{"href":"https:\/\/redsemlac.com\/semmexico\/wp-json\/wp\/v2\/posts"}],"about":[{"href":"https:\/\/redsemlac.com\/semmexico\/wp-json\/wp\/v2\/types\/post"}],"author":[{"embeddable":true,"href":"https:\/\/redsemlac.com\/semmexico\/wp-json\/wp\/v2\/users\/3"}],"replies":[{"embeddable":true,"href":"https:\/\/redsemlac.com\/semmexico\/wp-json\/wp\/v2\/comments?post=39057"}],"version-history":[{"count":0,"href":"https:\/\/redsemlac.com\/semmexico\/wp-json\/wp\/v2\/posts\/39057\/revisions"}],"wp:featuredmedia":[{"embeddable":true,"href":"https:\/\/redsemlac.com\/semmexico\/wp-json\/wp\/v2\/media\/15805"}],"wp:attachment":[{"href":"https:\/\/redsemlac.com\/semmexico\/wp-json\/wp\/v2\/media?parent=39057"}],"wp:term":[{"taxonomy":"category","embeddable":true,"href":"https:\/\/redsemlac.com\/semmexico\/wp-json\/wp\/v2\/categories?post=39057"},{"taxonomy":"post_tag","embeddable":true,"href":"https:\/\/redsemlac.com\/semmexico\/wp-json\/wp\/v2\/tags?post=39057"}],"curies":[{"name":"wp","href":"https:\/\/api.w.org\/{rel}","templated":true}]}}