{"id":3905,"date":"2018-08-20T07:19:32","date_gmt":"2018-08-20T07:19:32","guid":{"rendered":"https:\/\/redsemlac.com\/semmexico\/?p=3905"},"modified":"2023-07-21T14:32:45","modified_gmt":"2023-07-21T19:32:45","slug":"que-debemos-leer-entrelineas-de-los-dichos-de-elba-esther-gordillo-morales","status":"publish","type":"post","link":"https:\/\/redsemlac.com\/semmexico\/que-debemos-leer-entrelineas-de-los-dichos-de-elba-esther-gordillo-morales\/","title":{"rendered":"\u00bfQu\u00e9 debemos leer entrel\u00edneas de los dichos de Elba Esther Gordillo Morales?"},"content":{"rendered":"\n<p class=\"wp-block-paragraph\">Maestras y maestros de M\u00e9xico, lo que viene exige actuar sin obsesiones, odios o rencores.<\/p>\n\n\n\n<h5 class=\"wp-block-heading\"> Apabullantes aplausos, manifestaciones de apoyo y griter\u00eda festiva.<\/h5>\n\n\n\n<p class=\"wp-block-paragraph\"><a href=\"https:\/\/semmexico.com\/gallery-post.php?id=5614#\">Sara Lovera<\/a><\/p>\n\n\n\n<p class=\"wp-block-paragraph\">SemM\u00e9xico. Cd. de M\u00e9xico. 20 de agosto de 2018.- Habr\u00e1 mil interpretaciones. Lo que vi fue a una mujer echada para adelante. Se dir\u00eda segura y con temple. Guerrera como ella misma se autodenomina. Con advertencias claras: la reforma educativa se derrumb\u00f3; los maestros no son responsables del mal sistema educativo; juntos har\u00e1n una educaci\u00f3n de excelencia, est\u00e1n llamados a encabezar los cambios por venir.<\/p>\n\n\n\n<p class=\"wp-block-paragraph\">Y acus\u00f3: fuimos un blanco f\u00e1cil, un chivo expiatorio. \u201cSoy inocente\u201d y los maestros y maestras volver\u00e1n a valorarse. Y recalc\u00f3 trascendente \u201cla lecci\u00f3n ciudadana\u201d \u2013 refiri\u00e9ndose a las elecciones del uno de julio- hay que actuar frente a lo que viene sin obsesiones, sin odios, sin rencores, dejar el pasado y prepararse para el futuro.<\/p>\n\n\n\n<p class=\"wp-block-paragraph\">Elba Esther Gordillo Morales durante m\u00e1s de 30 a\u00f1os fue la dirigente del sindicato m\u00e1s grande de Am\u00e9rica Latina, uno que apertur\u00f3 la demanda salarial y avanz\u00f3 al control administrativo y estructural del Sistema Educativo Nacional. Ella durante mucho tiempo estuvo en la primera fila de los poderosos.<\/p>\n\n\n\n<p class=\"wp-block-paragraph\">Estuvo colocada en el estrado, habl\u00f3 en medio de c\u00e1maras y micr\u00f3fonos. Su locuci\u00f3n no tuvo ninguna fisura en el discurso ni en las palabras. M\u00e1s que dura, se la ve\u00eda serena y firme. El ambiente de su aparici\u00f3n en p\u00fablico estuvo &nbsp;perfectamente preparado, &nbsp;leer\u00eda durante casi 13 minutos frases bien pensadas y bien construidas en dos sentidos, llamando al sentimiento, que ha demostrado ser eficaz y certero mostr\u00e1ndose como v\u00edctima de una acci\u00f3n pol\u00edtica y el resto del discurso, diciendo lo mismo, us\u00f3 6 formas distintas, que nos llevan a proclamar su regreso. Habl\u00f3 4 horas antes de que oficialmente el presidente Enrique Pe\u00f1a Nieto, se\u00f1alado como responsable de su encarcelamiento, diera el banderazo del comienzo del ciclo escolar. Y dos horas antes del encuentro entre los dos presidentes, el que est\u00e1 en funciones y el electo.<\/p>\n\n\n\n<p class=\"wp-block-paragraph\">La trayectoria de la maestra, analizada y explicada en al menos 5 libros, muchas tesis y hasta un an\u00e1lisis de g\u00e9nero, es muy singular. Una mujer de poder real en un pa\u00eds de machos donde abri\u00f3 compuertas y espacios en el pasado. Cre\u00f3 el grupo Mujeres de M\u00e9xico y en su haber, cierto o falso, estuvo en su mano el fracaso en 2006 de Andr\u00e9s Manuel L\u00f3pez Obrador, el primero en darle p\u00fablicamente un lugar privilegiado en las decisiones pol\u00edticas y luego se la consider\u00f3 como un dique para la reforma educativa del sexenio que est\u00e1 por terminar.<\/p>\n\n\n\n<p class=\"wp-block-paragraph\">En el SNTE cre\u00f3 estructuras paralelas del Sistema educativo, ayud\u00f3 a construir 2 partidos pol\u00edticos. La Reforma Educativa que defini\u00f3 como derrumbada, pensada como un intento de cambios de fondo, que ofreci\u00f3 revolucionar a todo el sistema y se pretendi\u00f3 de gran calado, sin embargo ha sido interpretada como un mecanismo de reforma laboral, defendida y criticada y que hoy, seg\u00fan Elba Esther, fracas\u00f3.<\/p>\n\n\n\n<p class=\"wp-block-paragraph\">Palabras fuertes. Pensadas con detenimiento. No se pueden leer en la superficie que abren un nuevo debate. Ella se dijo v\u00edctima de una persecuci\u00f3n pol\u00edtica, de acoso e injusticia, producto de un expediente basado en \u00abmentiras y acusaciones falsas\u00bb. Su liberaci\u00f3n ya es interpretada como un remate al actual gobierno, acosado por hechos y circunstancias graves, de la falta de crecimiento econ\u00f3mico a los esc\u00e1ndalos de corrupci\u00f3n sistem\u00e1ticos, desde hace 5 a\u00f1os.<\/p>\n\n\n\n<p class=\"wp-block-paragraph\">Es espectacular ver esta que se llam\u00f3 conferencia de prensa. Parec\u00eda el discurso de alguien que regresa por el poder. Como dije entretejido de sutilezas para jalar el sentimiento y no precisamente la raz\u00f3n.\u00a0 Habl\u00f3 al coraz\u00f3n, dijo que sufri\u00f3 ella, pero tambi\u00e9n su familia, durante todos los minutos frente al micr\u00f3fono fue interrumpida 14 veces por el auditorio, con aplausos, gritos de apoyo, porras, en sala llena, donde tambi\u00e9n aplaudieron los periodistas.\u00a0<\/p>\n\n\n\n<figure class=\"wp-block-image\"><img decoding=\"async\" src=\"https:\/\/redsemlac.com\/semmexico\/wp-content\/uploads\/2019\/04\/elba-1024x537.jpg\" alt=\"\" class=\"wp-image-3906\"\/><\/figure>\n\n\n\n<p class=\"wp-block-paragraph\">Ella, como algunos otros l\u00edderes de la \u00faltima fase de lo que los obrer\u00f3logos de mi tiempo \u2013los a\u00f1os 80- llamaron el sindicalismo de la Revoluci\u00f3n Mexicana, integrantes del primer c\u00edrculo del poder que cogobernaron con los presidentes de la Rep\u00fablica se ve\u00eda triunfadora y dolida. Este sistema de poderes diversos en M\u00e9xico ha llamado la atenci\u00f3n en todo el mundo, pero definitivamente fue real.<\/p>\n\n\n\n<p class=\"wp-block-paragraph\">De ella se habl\u00f3 en todos sentidos. Un testimonio en televisi\u00f3n, la muestra como una mujer que vino de abajo y se fue encumbrando. Informaciones diversas la consideran en su origen como una militante de izquierda y como ella se dice, guerrera.<\/p>\n\n\n\n<p class=\"wp-block-paragraph\">Y parafraseando el presidente electo, llam\u00f3 al pueblo y todos y todas a estar a la altura de los tiempos por venir. Y explic\u00f3, lo que escuchamos sistem\u00e1ticamente en la campa\u00f1a de MORENA, c\u00f3mo se minimiz\u00f3 a su gremio al que llam\u00f3 a trabajar por una educaci\u00f3n de excelencia: p\u00fablica, gratuita, laica, de calidad integral y humanista. No estaba enojada. M\u00e1s bien sonriente, y defini\u00f3 que para ella la educaci\u00f3n que hoy tenemos no responde al tiempo en que vivimos, nuevas corrientes de pensamiento y una nueva sociedad \u201cnos obligan a cambios que debemos encabezar los maestros y maestras vayamos por su excelencia, maestros y maestros, como ha sido siempre, por nuestros ni\u00f1os\/as y adolescentes\u201d.<\/p>\n\n\n\n<p class=\"wp-block-paragraph\">Si este discurso no es su regreso, no entiendo. Sin temblar acus\u00f3 a quienes la traicionaron al definir que el sindicato est\u00e1 en crisis, seg\u00fan se percibe en cada rinc\u00f3n del pa\u00eds, fue cuando llam\u00f3 a la unidad en un tiempo que exige al SNTE ser una organizaci\u00f3n firme y determinada. Luego acudi\u00f3 a la historia, recurso usado con precisi\u00f3n: \u201cfuimos una organizaci\u00f3n fuerte de una larga y compleja historia, pero nunca se hab\u00edan enfrentado a la autodestrucci\u00f3n producto de la abyecci\u00f3n\u201d.<\/p>\n\n\n\n<p class=\"wp-block-paragraph\">En el seno del Sindicato Nacional de Trabajadores de la Educaci\u00f3n hace cerca de 40 a\u00f1os surgi\u00f3 la Coordinadora Nacional de Trabajadores de la Educaci\u00f3n, (la CNTE) organizaci\u00f3n surgida para opon\u00e9rsele, y que ella, a la luz de muchos hechos, cobij\u00f3. Uno de sus fundadores, del ex partido comunista, seg\u00fan algunos analistas podr\u00eda ser el nuevo dirigente oficial. Ella entretelones en la conferencia de prensa, al actual, lo llam\u00f3 traidor.<\/p>\n\n\n\n<p class=\"wp-block-paragraph\">Aunque en las redes sociales no hay confianza y existe una profunda confusi\u00f3n para interpretar su liberaci\u00f3n, ella estaba en lo suyo. Dijo m\u00e1s. \u201cMaestras y maestros, en esta hora con la frente en alto est\u00e1n llamados a una gran haza\u00f1a, que exige unidad, responsabilidad, integridad, palabra veraz, con amor a la gente\u201d, para rematar diciendo que el tiempo le dio la raz\u00f3n y ella no tiene m\u00e1s lealtad que con los agremiados.<\/p>\n\n\n\n<p class=\"wp-block-paragraph\">La vuelta de la lideresa abona a la incertidumbre. Parece que estamos al frente de grandes escenarios teatrales, precisamente cuando todo lo reciente quiere ser borrado y lo que es verdad es que la crisis educativa est\u00e1 determinando la imposibilidad del cambio. Ella parece que ha vuelto a la pol\u00edtica, y a pelar por lo que considera suyo. &nbsp;No habl\u00f3 nunca de conciliaci\u00f3n. En los pr\u00f3ximos d\u00edas aparecer\u00e1 en nuestro ambiente pol\u00edtico toda clase de conjeturas. Habr\u00e1 choque con los empresarios, decididos apoyadores de lo que ha sido la Reforma Educativa del sexenio, expresiones sesudas sobre el futuro inmediato van a multiplicarse, ya que el gobierno que entrar\u00e1 en diciembre precisamente ha ofrecido echar para atr\u00e1s esa reforma.<\/p>\n\n\n\n<p class=\"wp-block-paragraph\">Elba Esther es una mujer atrevida. Se enfrent\u00f3 a su partido, fue expulsada del PRI, cre\u00f3 su propio partido pol\u00edtico, que en sus inicios dirigi\u00f3 su hija, hoy su familia forma parte de quienes est\u00e1n muy de cerca del presidente electo. Habl\u00f3 de cambios, esos en boga, esos que no se saben cu\u00e1les ser\u00e1n.<\/p>\n\n\n\n<p class=\"wp-block-paragraph\">Acus\u00f3 al gobierno: \u201cNo se ahorraron recursos ni tinta, desde una visi\u00f3n medi\u00e1tica, para tratarme con una dureza que s\u00f3lo una orquestaci\u00f3n perversa pod\u00eda propiciar\u00bb. Y dijo: \u00abLamento que nos hayan responsabilizado de la compleja situaci\u00f3n educativa del pa\u00eds, cuando la mayor\u00eda de los maestros hacen lo mejor que pueden con las herramientas insuficientes que el gobierno les da. Se prefiri\u00f3 gastar en propaganda que invertir en un programa de reactivaci\u00f3n escolar\u00bb.<\/p>\n\n\n\n<p class=\"wp-block-paragraph\">Luego fue muy clara: \u00ablo que viene debe plantearse con cuidado, sin obsesiones, ni odios\u00bb ya que se debe estar a la altura de los retos por venir.&nbsp; El mensaje fue trasmitido en vivo, a esta hora es la comidilla del d\u00eda y ser\u00e1 interesante lo que viene. Al tiempo.<\/p>\n\n\n\n<p class=\"wp-block-paragraph\">saraloveralopez@gmail.com<\/p>\n\n\n\n<p class=\"wp-block-paragraph\"><br><\/p>\n","protected":false},"excerpt":{"rendered":"<p>Maestras y maestros de M\u00e9xico, lo que viene exige actuar sin obsesiones, odios o rencores. Apabullantes aplausos, manifestaciones de apoyo y griter\u00eda festiva. Sara Lovera SemM\u00e9xico. Cd. de M\u00e9xico. 20 de agosto de 2018.- Habr\u00e1 mil interpretaciones. Lo que vi fue a una mujer echada para adelante. Se dir\u00eda segura y con temple. Guerrera como [&hellip;]<\/p>\n","protected":false},"author":3,"featured_media":3824,"comment_status":"open","ping_status":"open","sticky":false,"template":"","format":"standard","meta":{"_monsterinsights_skip_tracking":false,"footnotes":""},"categories":[689,35,95,69],"tags":[],"class_list":["post-3905","post","type-post","status-publish","format-standard","has-post-thumbnail","category-689","category-opinion","category-palabra-de-antigona","category-sara-lovera"],"_links":{"self":[{"href":"https:\/\/redsemlac.com\/semmexico\/wp-json\/wp\/v2\/posts\/3905","targetHints":{"allow":["GET"]}}],"collection":[{"href":"https:\/\/redsemlac.com\/semmexico\/wp-json\/wp\/v2\/posts"}],"about":[{"href":"https:\/\/redsemlac.com\/semmexico\/wp-json\/wp\/v2\/types\/post"}],"author":[{"embeddable":true,"href":"https:\/\/redsemlac.com\/semmexico\/wp-json\/wp\/v2\/users\/3"}],"replies":[{"embeddable":true,"href":"https:\/\/redsemlac.com\/semmexico\/wp-json\/wp\/v2\/comments?post=3905"}],"version-history":[{"count":0,"href":"https:\/\/redsemlac.com\/semmexico\/wp-json\/wp\/v2\/posts\/3905\/revisions"}],"wp:featuredmedia":[{"embeddable":true,"href":"https:\/\/redsemlac.com\/semmexico\/wp-json\/wp\/v2\/media\/3824"}],"wp:attachment":[{"href":"https:\/\/redsemlac.com\/semmexico\/wp-json\/wp\/v2\/media?parent=3905"}],"wp:term":[{"taxonomy":"category","embeddable":true,"href":"https:\/\/redsemlac.com\/semmexico\/wp-json\/wp\/v2\/categories?post=3905"},{"taxonomy":"post_tag","embeddable":true,"href":"https:\/\/redsemlac.com\/semmexico\/wp-json\/wp\/v2\/tags?post=3905"}],"curies":[{"name":"wp","href":"https:\/\/api.w.org\/{rel}","templated":true}]}}