{"id":39035,"date":"2021-08-02T16:11:49","date_gmt":"2021-08-02T22:11:49","guid":{"rendered":"https:\/\/redsemlac.com\/semmexico\/?p=39035"},"modified":"2023-07-21T17:04:58","modified_gmt":"2023-07-21T22:04:58","slug":"opinion-descubriendo-el-agua-tibia-por-sara-lovera-lopez","status":"publish","type":"post","link":"https:\/\/redsemlac.com\/semmexico\/opinion-descubriendo-el-agua-tibia-por-sara-lovera-lopez\/","title":{"rendered":"Descubriendo el agua tibia"},"content":{"rendered":"<p><span style=\"font-weight: 400;\">Palabra de Ant\u00edgona<\/span><\/p>\n<p><!--more--><\/p>\n<p><span style=\"font-weight: 400;\">&nbsp;<\/span><span style=\"font-weight: 400;\">Sara Lovera*<\/span><\/p>\n<p><span style=\"font-weight: 400;\">SemM\u00e9xico, 2 de agosto, 2021.- Me asombra que actuemos con ese corazonzote priista. Cada nueva administraci\u00f3n tend\u00eda a olvidar lo hecho, hablando de ocurrencias o propuestas que parec\u00edan venir de una generaci\u00f3n espont\u00e1nea, sin historia. Es el caso de un anunciado plan para establecer una pol\u00edtica de cuidados en la Ciudad de M\u00e9xico para ni\u00f1os, ni\u00f1as, personas con discapacidad, vejez o enfermedad, tarea tradicional de trabajo no remunerado, asignado abrumadoramente a las mujeres.<\/span><\/p>\n<p><span style=\"font-weight: 400;\">Este anuncio requiere de ley, pol\u00edtica p\u00fablica y presupuesto. Pero instalarlo significar\u00eda para millones de mujeres \u201cliberar nuestro tiempo. Abrir\u00eda posibilidades de desarrollo y crecimiento, crear\u00eda condiciones s\u00f3lidas para nuestra autonom\u00eda econ\u00f3mica\u201d, dijo a esta columna Amalia Garc\u00eda Medina, exsecretaria de Trabajo y Fomento al Empleo de la capital del pa\u00eds.&nbsp;<\/span><\/p>\n<p><span style=\"font-weight: 400;\">Cuando le\u00ed acera de la construcci\u00f3n de un plan para crear el Sistema de Cuidados capitalino, fui a la memoria period\u00edstica. Los art\u00edculos 9 y 10 de la Constituci\u00f3n de la Ciudad de M\u00e9xico \u2014aprobada en 2016\u2014 establece el derecho a los cuidados y mandata a que se configure dicho sistema. Entre 2017 y 2018, el gobierno local, v\u00eda la secretar\u00eda que encabez\u00f3 la exgobernadora de Zacatecas, y el Consejo Econ\u00f3mico y Social de la Ciudad examinaron, evaluaron, diagnosticaron y delinearon esa pol\u00edtica p\u00fablica.&nbsp;<\/span><\/p>\n<p><span style=\"font-weight: 400;\">Se efectuaron dos foros internacionales, un estudio, algunas acciones para conformar el sistema, una iniciativa de ley reglamentaria, enviada a fuerza de convencimiento por el entonces jefe de Gobierno Miguel \u00c1ngel Mancera. Fueron productos con ideas de m\u00e1s de 80 organizaciones feministas, que ahora no gustan a la 4T, pero no pas\u00f3. La actual C\u00e1mara legislativa de la CDMX la retom\u00f3, a trav\u00e9s de la morenista Paula Soto, quien lucha porque se apruebe.<\/span><\/p>\n<p><span style=\"font-weight: 400;\">Lo m\u00e1s importante aqu\u00ed es el mandatado constitucional, primero en Am\u00e9rica, que recibi\u00f3 aplausos. Tambi\u00e9n existe una propuesta integral para el Sistema Nacional de Cuidados ahora pendiente en el Senado, entre m\u00e1s de 347 iniciativas de g\u00e9nero, las que habr\u00e1 de resolver la pr\u00f3xima legislatura federal.<\/span><\/p>\n<p><span style=\"font-weight: 400;\">Amalia Garc\u00eda Medina me dijo que es buena noticia que la jefa de gobierno, Claudia Sheinbaum Pardo, retome y empuje el asunto. En una tarjeta informativa, la Secretar\u00eda de la Mujer no detalla, pero habla de elaborar un plan. Lo dicho: como si el trabajo no existiera, como si no hubiera esa iniciativa \u2014incluso, reformulada\u2014, como si hubieran escrito al aire las m\u00e1s de 30 especialistas y otras que vinieron a los foros del extranjero, c\u00f3mo si jam\u00e1s hubiera existido la Coalici\u00f3n Cuidados y Tiempo Propio. Como si todo fuera nuevo.<\/span><\/p>\n<p><span style=\"font-weight: 400;\">Llama la atenci\u00f3n el grupo de feministas que van a hacer el plan, el que ya est\u00e1 hecho, evaluado y hasta presupuestado. En M\u00e9xico, se dice que si algo no se har\u00e1 se forma una comisi\u00f3n.&nbsp;<\/span><\/p>\n<p><span style=\"font-weight: 400;\">Revis\u00e9 igual tres vol\u00famenes con el an\u00e1lisis, diagn\u00f3stico, propuestas y estudios de lo hecho, los surgidos a partir de la crisis sanitaria. Rememor\u00e9 el aumento de violencia en casa y el desempleo femenino por atender los cuidados. Informes del INEGI dicen que las mujeres, por cuidar, dejaron de ser aut\u00f3nomas y viven de transferencias, sin trabajo y recursos propios.<\/span><\/p>\n<p><span style=\"font-weight: 400;\">Se busca que el cuidado sea digno para todas las personas, pero establece, internacionalmente, una visi\u00f3n profundamente emancipadora para las mujeres: reconocerlas no s\u00f3lo cuidadoras de otros y otras, sino libres contando con el derecho al tiempo propio. Para la Jefa de Gobierno, el tema es de recursos, cuando vivimos un r\u00e9gimen de austeridad. Veremos.<\/span><\/p>\n<p><span style=\"font-weight: 400;\">*Periodista, directora del portal informativo SemM\u00e9xico.mx<\/span><\/p>\n<p>&nbsp;<\/p>\n","protected":false},"excerpt":{"rendered":"<p>Palabra de Ant\u00edgona<\/p>\n","protected":false},"author":3,"featured_media":39036,"comment_status":"open","ping_status":"open","sticky":false,"template":"","format":"standard","meta":{"_monsterinsights_skip_tracking":false,"footnotes":""},"categories":[692,35,95,69],"tags":[459,611,612],"class_list":["post-39035","post","type-post","status-publish","format-standard","has-post-thumbnail","category-692","category-opinion","category-palabra-de-antigona","category-sara-lovera","tag-opinion","tag-sara-lovera-lopez","tag-sistema-de-cuidados-capitalino"],"_links":{"self":[{"href":"https:\/\/redsemlac.com\/semmexico\/wp-json\/wp\/v2\/posts\/39035","targetHints":{"allow":["GET"]}}],"collection":[{"href":"https:\/\/redsemlac.com\/semmexico\/wp-json\/wp\/v2\/posts"}],"about":[{"href":"https:\/\/redsemlac.com\/semmexico\/wp-json\/wp\/v2\/types\/post"}],"author":[{"embeddable":true,"href":"https:\/\/redsemlac.com\/semmexico\/wp-json\/wp\/v2\/users\/3"}],"replies":[{"embeddable":true,"href":"https:\/\/redsemlac.com\/semmexico\/wp-json\/wp\/v2\/comments?post=39035"}],"version-history":[{"count":0,"href":"https:\/\/redsemlac.com\/semmexico\/wp-json\/wp\/v2\/posts\/39035\/revisions"}],"wp:featuredmedia":[{"embeddable":true,"href":"https:\/\/redsemlac.com\/semmexico\/wp-json\/wp\/v2\/media\/39036"}],"wp:attachment":[{"href":"https:\/\/redsemlac.com\/semmexico\/wp-json\/wp\/v2\/media?parent=39035"}],"wp:term":[{"taxonomy":"category","embeddable":true,"href":"https:\/\/redsemlac.com\/semmexico\/wp-json\/wp\/v2\/categories?post=39035"},{"taxonomy":"post_tag","embeddable":true,"href":"https:\/\/redsemlac.com\/semmexico\/wp-json\/wp\/v2\/tags?post=39035"}],"curies":[{"name":"wp","href":"https:\/\/api.w.org\/{rel}","templated":true}]}}