{"id":39031,"date":"2021-08-02T14:25:36","date_gmt":"2021-08-02T20:25:36","guid":{"rendered":"https:\/\/redsemlac.com\/semmexico\/?p=39031"},"modified":"2023-07-21T17:04:58","modified_gmt":"2023-07-21T22:04:58","slug":"violencias-machistas-en-el-foco-de-una-cooperativa-mario-lazaro-diaz-carmona-panadero","status":"publish","type":"post","link":"https:\/\/redsemlac.com\/semmexico\/violencias-machistas-en-el-foco-de-una-cooperativa-mario-lazaro-diaz-carmona-panadero\/","title":{"rendered":"Violencias machistas en el foco de una cooperativa: Mario L\u00e1zaro D\u00edaz Carmona, panadero\u00a0"},"content":{"rendered":"<p><span style=\"font-weight: 400;\">Cuba<\/span><\/p>\n<p><!--more--><\/p>\n<p><span style=\"font-weight: 400;\">*Casa Potin hace meses que el covid-19 la puso en pausa y cambiado completamente las rutinas&nbsp;<\/span><\/p>\n<p><span style=\"font-weight: 400;\">Se acompa\u00f1a del&nbsp;<\/span><a href=\"https:\/\/www.facebook.com\/Galfisa\"><span style=\"font-weight: 400;\">Grupo Am\u00e9rica Latina, Filosof\u00eda Social y Axiolog\u00eda (Galfisa)<\/span><\/a><\/p>\n<p><i><span style=\"font-weight: 400;\">Sara M\u00e1s<\/span><\/i><\/p>\n<p><span style=\"font-weight: 400;\">SemM\u00e9xico\/Semlac, La Habana, &nbsp; Cuba, 2 de agosto 2021.- Identificar las violencias machistas desde el espacio personal y cotidiano, donde muchas veces transcurren como \u00abalgo normal y natural\u00bb, puede ser el primer paso para reconocer un problema social que hace falta cambiar.<\/span><\/p>\n<p><span style=\"font-weight: 400;\">\u00abVivimos en una sociedad machista y las expresiones de violencia se ven a diario en la calle, en la televisi\u00f3n, en los espacios de trabajo\u00bb, asegura Mario L\u00e1zaro D\u00edaz Carmona, panadero en Casa Potin, un restaurante en la c\u00e9ntrica barriada del Vedado, en La Habana.<\/span><\/p>\n<p><a href=\"https:\/\/redsemlac.com\/semmexico\/wp-content\/uploads\/2021\/08\/17057842477_d1209b8ac1_b.jpeg\"><img loading=\"lazy\" decoding=\"async\" class=\"alignnone size-full wp-image-39032\" src=\"https:\/\/redsemlac.com\/semmexico\/wp-content\/uploads\/2021\/08\/17057842477_d1209b8ac1_b.jpeg\" alt=\"\" width=\"1024\" height=\"680\"><\/a><\/p>\n<p><span style=\"font-weight: 400;\">Hace ya varios meses que la covid-19 ha puesto en pausa o cambiado completamente las rutinas de ese centro gastron\u00f3mico, que tuvo que cerrar sus puertas al p\u00fablico por un tiempo y pudo reabrir en febrero pasado apenas un punto de venta de alimentos, solo para llevar, sin hacer estancia all\u00ed para evitar contagios.<\/span><span style=\"font-weight: 400;\"><br \/>\n<\/span><span style=\"font-weight: 400;\">Esa posibilidad les ha permitido sostener varios servicios, cubrir algunas demandas, que sus asociadas y asociados se mantengan en actividad y reciban anticipos y utilidades para llevarse a casa.<\/span><\/p>\n<p><span style=\"font-weight: 400;\">Reinventarse ha sido la divisa para el colectivo de esa cooperativa gastron\u00f3mica creada en 2013 y que ha lidiado tambi\u00e9n con carencias materiales y de insumos para poder permanecer abierta al p\u00fablico. Almuerzos y alimentos para quienes viven cerca o est\u00e1n de paso, encargos de comida, ofertas de dulces y panes alivian los d\u00edas duros de pandemia.<\/span><\/p>\n<p><span style=\"font-weight: 400;\">Cuando han podido, han dirigido adem\u00e1s algunos servicios gratuitos de apoyo a la comunidad, incluida la polic\u00eda que patrulla la zona, el personal de algunos centros laborales del barrio, la Casa del Abuelo cercana y a quienes trabajan en el vacunatorio de la zona.<\/span><\/p>\n<p><span style=\"font-weight: 400;\">Con el acompa\u00f1amiento del&nbsp;<\/span><a href=\"https:\/\/www.facebook.com\/Galfisa\"><span style=\"font-weight: 400;\">Grupo Am\u00e9rica Latina, Filosof\u00eda Social y Axiolog\u00eda (Galfisa)<\/span><\/a><span style=\"font-weight: 400;\">, del Instituto de Filosof\u00eda, la cooperativa Casa Potin se adentra tambi\u00e9n en temas sobre econom\u00eda solidaria, g\u00e9nero y feminismos.<\/span><\/p>\n<p><span style=\"font-weight: 400;\">\u00abTrabajamos desde adentro en el apoyo a las mujeres, su liderazgo y los principios del trabajo cooperado\u00bb, dijo a SEMlac su presidenta,&nbsp;<\/span><a href=\"http:\/\/mujeres.redsemlac-cuba.net\/otra-tania-otra-guerrillera-una-historia-para-estos-tiempos\/\"><span style=\"font-weight: 400;\">Tania Cano M\u00e9ndez<\/span><\/a><span style=\"font-weight: 400;\">.<\/span><span style=\"font-weight: 400;\"><br \/>\n<\/span><span style=\"font-weight: 400;\">Justamente por la inestabilidad provocada por la pandemia y la falta de insumos, combinadas con situaciones personales y de cuidado familia<\/span><span style=\"font-weight: 400;\">r, no pocas asociadas han abandonado la cooperativa, donde actualmente laboran 13 hombres y siete mujeres, la mayor\u00eda j\u00f3venes.<\/span><\/p>\n<p><span style=\"font-weight: 400;\">Junto a Galfisa, Casa Potin se involucra ahora en una nueva experiencia: la de tratar de convertirse en un espacio seguro y libre de violencias al interior de su colectivo laboral y tambi\u00e9n de cara a la comunidad donde se enclava, rodeada de teatros, paradas de \u00f3mnibus, un banco, un correo, otros centros de trabajo, edificios multifamiliares y viviendas, en una zona de paso frecuente en la ciudad.<\/span><span style=\"font-weight: 400;\"><br \/>\n<\/span><span style=\"font-weight: 400;\"><br \/>\n<\/span><b>Reconocer el problema<\/b><\/p>\n<p><span style=\"font-weight: 400;\">Lidiar con sus propias percepciones y creencias ha sido el primer pelda\u00f1o. No es posible prever y ayudar consecuentemente a otras personas, sin admitir primero sus propios mitos y desconocimientos, sin librarse antes de pr\u00e1cticas pratriarcales y machistas que est\u00e1n en la base de las desigualdades de g\u00e9nero que sostienen las violencias. O, al menos, reconocerlas.<\/span><\/p>\n<p><span style=\"font-weight: 400;\">\u00abQuien no ha sido v\u00edctima de alg\u00fan acto violento, conoce alguna historia o ha sido testigo\u00bb, sostuvo Cano M\u00e9ndez a SEMlac e insisti\u00f3 en la necesidad de actuar ante estos hechos, cuestionarlos y contribuir a erradicarlos.<\/span><span style=\"font-weight: 400;\"><br \/>\n<\/span><span style=\"font-weight: 400;\">Los espacios laborales son tambi\u00e9n escenario ideal para irradiar conocimientos y brindar apoyo a las mujeres en situaci\u00f3n de violencia que lo necesiten, agreg\u00f3. Para ella, que la raz\u00f3n de ser de Casa Potin sea brindar servicios al p\u00fablico es una fortaleza en ese sentido.<\/span><\/p>\n<p><span style=\"font-weight: 400;\">En un primer taller junto a la <\/span><a href=\"http:\/\/www.redsemlac-cuba.net\/economia\/dajo,-un-emprendimiento-que-sobrevive-a-la-pandemia.html\"><span style=\"font-weight: 400;\">cooperativa Dijo<\/span><\/a><span style=\"font-weight: 400;\">&nbsp;y en alianza con la&nbsp;<\/span><a href=\"https:\/\/www.facebook.com\/search\/top?q=evoluciona.%20campa%C3%B1a%20cubana%20por%20la%20no%20violencia%20hacia%20mujeres\"><span style=\"font-weight: 400;\">Campa\u00f1a cubana Evoluciona contra la violencia de g\u00e9nero<\/span><\/a><span style=\"font-weight: 400;\">, en diciembre de 2020, se trat\u00f3 el tema colectivamente en la cooperativa, por primera vez, a prop\u00f3sito de los 16 d\u00edas de activismo contra la violencia hacia las mujeres.<\/span><span style=\"font-weight: 400;\"><br \/>\n<\/span><span style=\"font-weight: 400;\">Adem\u00e1s de intercambiar ideas y conocimientos, idearon una variante culinaria de \u00abpollo 0 tolerancia al machismo\u00bb como parte de un supuesto \u00abrecetario para encerrar al patriarcado\u00bb. La combinaci\u00f3n ten\u00eda, entre otros ingredientes, \u00absal de vida sin estereotipos sexistas\u00bb y recomendaron servirla \u00abcon respeto y paciencia\u00bb.<\/span><\/p>\n<p><span style=\"font-weight: 400;\">El pasado mes de julio retomaron el debate de ideas y propuestas, con la intenci\u00f3n de activar algunas iniciativas, volver a discutir sobre el tema, pensar variantes de apoyo y conocimiento de cara al p\u00fablico que se acerca y concretar acciones.<\/span><span style=\"font-weight: 400;\"><br \/>\n<\/span><span style=\"font-weight: 400;\">\u00abEs un tema del que se habla porque la violencia existe. \u00daltimamente se ve y se habla mucho de esto, lo que ayuda tambi\u00e9n a conocer y a tener una perspectiva diferente\u00bb, reconoce D\u00edaz Carmona.<\/span><\/p>\n<p><span style=\"font-weight: 400;\">Dialogaron sobre las causas de las violencias machistas, de las formas sutiles en que se expresa y tambi\u00e9n las m\u00e1s evidentes, de las desigualdades naturalizadas que sobrecargan a las mujeres en los cuidados familiares, del acoso callejero y el laboral, del control en la pareja, del peligro de compartir contrase\u00f1as del m\u00f3vil y las redes como prueba de amor y confianza, de los motivos que mantienen a las mujeres en las relaciones violentas, del tipo de ayuda que necesitan, entre otros asuntos.<\/span><span style=\"font-weight: 400;\"><br \/>\n<\/span><span style=\"font-weight: 400;\">Georgina Alfonso, directora del Instituto de Filosof\u00eda e integrante de Galfisa, les insisti\u00f3 en que \u00abno tiene que ser el odio o la violencia lo que se imponga, sino el sentido humano de la vida. Ocurre en la casa, en la calle; entre padres, hermanos, en la pareja\u0085 y hace falta conocer tambi\u00e9n c\u00f3mo fluye en un espacio productivo\u00bb.<\/span><\/p>\n<p><span style=\"font-weight: 400;\">Mensajes en los envases de productos, sueltos con informaci\u00f3n, videos bien seleccionados y sin im\u00e1genes sexistas en los televisores y un sello que distinga al colectivo como cooperativa libre de violencias fueron algunas de las propuestas que seguir\u00e1n discutiendo en un grupo de WhatsApp y van perfilando en el camino.<\/span><\/p>\n<p><span style=\"font-weight: 400;\">Para Dayana Guti\u00e9rrez L\u00f3pez, elaboradora de 24 a\u00f1os, result\u00f3 una experiencia interesante. \u00abMe gust\u00f3\u00bb, dice escuetamente sobre su primera experiencia en este tipo de intercambio, donde todo lo que se habl\u00f3 le parec\u00eda interesante y aprendi\u00f3 a ver el problema, a conocerlo.<\/span><\/p>\n<p><span style=\"font-weight: 400;\">El taller fue tambi\u00e9n el espacio para que Adri\u00e1n Gonz\u00e1lez Torres, \u00abdependiente, cajero y lo que haga falta\u00bb y quien ahora se desempe\u00f1a como vendedor, conociera que hay un mapa que recoge los lugares a los cuales pueden acudir las personas en situaci\u00f3n de violencia para encontrar alguna ayuda.<\/span><\/p>\n<p><span style=\"font-weight: 400;\">El joven de 28 a\u00f1os no solo supo de informaci\u00f3n para transmitirle a una pareja amiga que ya pas\u00f3 de la violencia verbal a la f\u00edsica, tambi\u00e9n conf\u00eda en lo que se puede hacer en el intercambio con el p\u00fablico que llega hasta Casa Potin. \u00abAqu\u00ed se acerca todo tipo de gente, con diferente nivel de instrucci\u00f3n y situaci\u00f3n econ\u00f3mica, que puede irse de aqu\u00ed con una informaci\u00f3n que le sirva para actuar\u00bb, asevera.<\/span><\/p>\n<p><span style=\"font-weight: 400;\">Una apuesta que es necesario aprovechar, a juicio de Mirell P\u00e9rez Gonz\u00e1lez, de Galfisa, porque \u00abtienen la posibilidad real de ser replicadores de mensajes contra la violencia machista y de ayudar a su prevenci\u00f3n no solo a lo interno, sino tambi\u00e9n en su entorno social, hacia la comunidad\u00bb.<\/span><i><span style=\"font-weight: 400;\">(<\/span><\/i><a href=\"mailto:masfarias5@gmail.com\"><i><span style=\"font-weight: 400;\">masfarias5@gmail.com<\/span><\/i><\/a><i><span style=\"font-weight: 400;\">)<\/span><\/i><\/p>\n<p>&nbsp;<\/p>\n","protected":false},"excerpt":{"rendered":"<p>Cuba<\/p>\n","protected":false},"author":3,"featured_media":39033,"comment_status":"open","ping_status":"open","sticky":false,"template":"","format":"standard","meta":{"_monsterinsights_skip_tracking":false,"footnotes":""},"categories":[692,53],"tags":[605,522,610,606,609,607,608,604],"class_list":["post-39031","post","type-post","status-publish","format-standard","has-post-thumbnail","category-692","category-internacional","tag-casa-potin","tag-cuba","tag-filosofia-social-y-axiologia","tag-galfisa","tag-grupo-america-latina","tag-mario-lazaro-diaz-carmona","tag-tania-cano-mendez","tag-violencia-machista"],"_links":{"self":[{"href":"https:\/\/redsemlac.com\/semmexico\/wp-json\/wp\/v2\/posts\/39031","targetHints":{"allow":["GET"]}}],"collection":[{"href":"https:\/\/redsemlac.com\/semmexico\/wp-json\/wp\/v2\/posts"}],"about":[{"href":"https:\/\/redsemlac.com\/semmexico\/wp-json\/wp\/v2\/types\/post"}],"author":[{"embeddable":true,"href":"https:\/\/redsemlac.com\/semmexico\/wp-json\/wp\/v2\/users\/3"}],"replies":[{"embeddable":true,"href":"https:\/\/redsemlac.com\/semmexico\/wp-json\/wp\/v2\/comments?post=39031"}],"version-history":[{"count":0,"href":"https:\/\/redsemlac.com\/semmexico\/wp-json\/wp\/v2\/posts\/39031\/revisions"}],"wp:featuredmedia":[{"embeddable":true,"href":"https:\/\/redsemlac.com\/semmexico\/wp-json\/wp\/v2\/media\/39033"}],"wp:attachment":[{"href":"https:\/\/redsemlac.com\/semmexico\/wp-json\/wp\/v2\/media?parent=39031"}],"wp:term":[{"taxonomy":"category","embeddable":true,"href":"https:\/\/redsemlac.com\/semmexico\/wp-json\/wp\/v2\/categories?post=39031"},{"taxonomy":"post_tag","embeddable":true,"href":"https:\/\/redsemlac.com\/semmexico\/wp-json\/wp\/v2\/tags?post=39031"}],"curies":[{"name":"wp","href":"https:\/\/api.w.org\/{rel}","templated":true}]}}