{"id":39027,"date":"2021-08-02T13:34:29","date_gmt":"2021-08-02T19:34:29","guid":{"rendered":"https:\/\/redsemlac.com\/semmexico\/?p=39027"},"modified":"2023-07-21T17:04:58","modified_gmt":"2023-07-21T22:04:58","slug":"vejez-digna-y-sin-violencias-un-derecho-en-crisis-por-el-covid-19","status":"publish","type":"post","link":"https:\/\/redsemlac.com\/semmexico\/vejez-digna-y-sin-violencias-un-derecho-en-crisis-por-el-covid-19\/","title":{"rendered":"Vejez digna y sin violencias, un derecho en crisis por el Covid 19"},"content":{"rendered":"<p>Cuba&nbsp;<\/p>\n<p><span style=\"font-weight: 400;\">*Hacer visibles el maltrato, conflicto cotidiano es una urgencia social y una nueva brecha<\/span><\/p>\n<p><b><br \/>\n<\/b><span style=\"font-weight: 400;\">Realizadora de Palomas, Lizette Vila habla con Semlac<\/span><!--more--><\/p>\n<p><span style=\"font-weight: 400;\">Redacci\u00f3n<\/span><\/p>\n<p><span style=\"font-weight: 400;\">SemM\u00e9xico, La Habana, Cuba, 2 de agosto, 2021.- Un enfoque de corresponsabilidad familiar e institucional ante el envejecimiento, en el acercamiento a tem\u00e1ticas como la igualdad sustantiva, la equidad, el maltrato y otros conflictos cotidianos que viven las personas mayores es, a juicio de activistas y expertos, una urgencia en la sociedad cubana y una brecha que ha remarcado la pandemia de covid-19.<\/span><\/p>\n<p><span style=\"font-weight: 400;\">Para la realizadora cubana&nbsp;<\/span><a href=\"http:\/\/directoriogenero.redsemlac-cuba.net\/lizette-vila-espina\/\"><span style=\"font-weight: 400;\">Lizette Vila<\/span><\/a><span style=\"font-weight: 400;\">, fundadora del&nbsp;<\/span><a href=\"http:\/\/www.proyectopalomas.cult.cu\/?m=202104\"><span style=\"font-weight: 400;\">proyecto Palomas, Casa productora de audiovisuales para el activismo social<\/span><\/a><span style=\"font-weight: 400;\">, la crisis sanitaria generada por la pandemia del coronavirus es cada vez m\u00e1s agresiva.<\/span><\/p>\n<p><span style=\"font-weight: 400;\">\u00abMuchas personas mayores que ya ven\u00edan perdiendo espacios dentro de sus hogares y cada vez eran m\u00e1s apartadas, como consecuencia de esta crisis han perdido tambi\u00e9n sus rituales y su modo de vida. Est\u00e1n obligadas a un distanciamiento, ya no pueden salir al parque a reunirse, ni caminar por la calle. Todo eso se une a un entorno familiar complejizado, porque con tantas personas conviviendo juntas los conflictos intergeneracionales se agudizan\u00bb, apunt\u00f3 a SEMlac la documentalista.<\/span><\/p>\n<p><span style=\"font-weight: 400;\">A ello se suma el hecho de que las personas mayores son m\u00e1s vulnerables econ\u00f3micamente y est\u00e1n expuestas, por ejemplo, a desigualdades en el acceso a los alimentos, dijo Vila.<\/span><\/p>\n<p><span style=\"font-weight: 400;\">\u00abEn Palomas consideramos que el tema del envejecimiento en Cuba necesita de una fuerza mayor, de mostrar en nuestros medios una estrategia comunicacional de respeto y colocar la vejez no desde la invalidez que pudieran tener las personas mayores, sino desde el aporte de cada individuo, aunque est\u00e9 incluso en una silla de ruedas\u00bb, opin\u00f3.<\/span><\/p>\n<p><span style=\"font-weight: 400;\">Se\u00f1al\u00f3 que ese segmento de poblaci\u00f3n est\u00e1 experimentando un aumento r\u00e1pido y progresivo a nivel mundial, que tambi\u00e9n se asocia a un incremento progresivo del abuso y maltrato en la vejez, incluso en formas invisibles, con fuertes implicaciones en la calidad de vida de las personas mayores.<\/span><\/p>\n<p><span style=\"font-weight: 400;\">\u00abLos maltratos y las diferentes formas de violencia en estas edades se han revelado como un serio problema. Se habla mucho del acoso en la adolescencia, hacia las personas homosexuales y trans, pero el acoso verbal y psicol\u00f3gico hacia las personas mayores en diferentes espacios de la sociedad cubana se invisibiliza\u00bb, explic\u00f3 la fundadora del proyecto Palomas.<\/span><\/p>\n<p><span style=\"font-weight: 400;\">Vila opin\u00f3 que se necesita una definici\u00f3n suficientemente amplia y visible para poder identificar los diferentes comportamientos que puedan constituir abuso y los escenarios en que pueden ocurrir.<\/span><\/p>\n<p><span style=\"font-weight: 400;\">\u00abNo es un fen\u00f3meno nuevo y en muchos casos contin\u00faa oculto, con bajas tasas de detecci\u00f3n que pueden estar relacionadas con la ausencia de protocolos de protecci\u00f3n y falta de conciencia de quienes tienen responsabilidad; primero dentro de las familias, pero tambi\u00e9n de esas mismas personas de denunciarlo\u00bb, dijo la realizadora.<\/span><span style=\"font-weight: 400;\"><br \/>\n<\/span><span style=\"font-weight: 400;\"><br \/>\n<\/span><b>Arte y salud por un envejecimiento activo<\/b><\/p>\n<p><span style=\"font-weight: 400;\">Desde su fundaci\u00f3n, Palomas ha querido mostrar las diversas o plurales realidades en las que mujeres y hombres se desenvuelven, desde un enfoque de interseccionalidad. Con esa premisa nace un proyecto de tres cortos audiovisuales, a\u00fan en producci\u00f3n, que tiene como t\u00edtulo \u00abDel maltrato al buen trato\u00bb y promueve la importancia de una vejez digna.<\/span><\/p>\n<p><span style=\"font-weight: 400;\">En opini\u00f3n de Vila, la creaci\u00f3n audiovisual es una oportunidad para expresarse como parte de las demandas de las agendas sociales cubanas, internacionales y tambi\u00e9n propiciar una conciencia ciudadana en el tema del abuso y el maltrato a las mujeres y hombres adultos mayores.<\/span><\/p>\n<p><span style=\"font-weight: 400;\">Un primer material explora el empoderamiento de las personas mayores, mientras un segundo corto aborda el maltrato en los servicios y la necesidad de que estos se ofrezcan con respeto, adelant\u00f3.<\/span><\/p>\n<p><span style=\"font-weight: 400;\">El tercero habla de la vulnerabilidad. \u00abPalomas siempre dice que nadie es vulnerable, las personas son vulneradas\u00bb, se\u00f1al\u00f3 la realizadora y subray\u00f3 que se trata de historias de personas que, desde su libertad, respeto, autonom\u00eda y capacidades, tienen todav\u00eda aportes que entregar a la sociedad cubana.<\/span><\/p>\n<p><span style=\"font-weight: 400;\">\u00abDel maltrato al buen trato\u00bb, expuso, es una iniciativa conjunta con el Programa Integral de Envejecimiento Saludable en Plaza de la Revoluci\u00f3n (PIES-Plaza), el municipio m\u00e1s envejecido de Cuba, que tiene hoy \u00edndices de envejecimiento que se pronostican para Cuba en 2030, con m\u00e1s de 28 por ciento de su poblaci\u00f3n con 60 a\u00f1os y m\u00e1s, de acuerdo con cifras oficiales.<\/span><\/p>\n<p><span style=\"font-weight: 400;\">Seg\u00fan el doctor Jes\u00fas Men\u00e9ndez, especialista del Centro de Investigaciones sobre Longevidad, Envejecimiento y Salud (Cited) y coordinador de PIES-Plaza, este proyecto surge en 2016 con el objetivo de contribuir al desarrollo de un envejecimiento saludable, digno y activo, mediante procesos e iniciativas socio-sanitarias para potenciar el bienestar de las personas mayores de ese territorio capitalino.<\/span><span style=\"font-weight: 400;\"><br \/>\n<\/span><span style=\"font-weight: 400;\">Financiado por la Uni\u00f3n Europea y coordinado por la Sociedad Cubana de Gerontolog\u00eda y Geriatr\u00eda, y el Gobierno del municipio, PIES-Plaza concibe un grupo de estrategias dirigidas a lograr el empoderamiento de las personas mayores y un afrontamiento exitoso del envejecimiento en el pa\u00eds, dijo el especialista.<\/span><span style=\"font-weight: 400;\"><br \/>\n<\/span><span style=\"font-weight: 400;\">\u00abHemos logrado sinergias con los servidores p\u00fablicos del territorio y se ha logrado colocar al municipio como el primero del pa\u00eds en formar parte de la Red Mundial de Ciudades Amigables con las Personas Mayores de la Organizaci\u00f3n Mundial de la Salud (OMS), como muestra de una voluntad pol\u00edtica de mejorar el ambiente en aras de un envejecimiento saludable\u00bb, apunt\u00f3 Men\u00e9ndez.<\/span><\/p>\n<p><span style=\"font-weight: 400;\">Desde antes del comienzo de la pandemia, el proyecto ha dado visibilidad al <\/span><a href=\"http:\/\/www.redsemlac-cuba.net\/sociedad-cultura\/los-retos-que-trae-la-vejez.html\"><span style=\"font-weight: 400;\">envejecimiento del pa\u00eds&nbsp;<\/span><\/a><span style=\"font-weight: 400;\">y propicia el empoderamiento de sus protagonistas, las personas mayores.<\/span><\/p>\n<p><span style=\"font-weight: 400;\">La iniciativa tiene puntos de contactos con otros proyectos de la ciudad, como el Corredor Cultural de L\u00ednea, que coordina el Gobierno de la Ciudad, VIAS de la Oficina Nacional de Dise\u00f1o Industrial y KNOW-Havana de la Universidad de Ciencias Tecnol\u00f3gicas (CUJAE), los cuales abogan por una ciudad amigable. \u00abEl marco legal vigente en el pa\u00eds potencia la presentaci\u00f3n de Proyectos de Desarrollo Local donde las personas mayores son sus gestores y protagonistas\u00bb, dijo.<\/span><\/p>\n<p><span style=\"font-weight: 400;\">Seg\u00fan explic\u00f3, desde el comienzo de la pandemia, PIES-PLAZA se ha tenido que reinventar, por la imposibilidad de realizar actividades presenciales con personas mayores o servidores p\u00fablicos, donde reca\u00edan gran parte de sus acciones.<\/span><\/p>\n<p><span style=\"font-weight: 400;\">&nbsp;\u00abTransformamos gran parte de esas acciones en otras de car\u00e1cter educativo a distancia, as\u00ed como de promoci\u00f3n gr\u00e1fica y audiovisual sobre el envejecimiento saludable, los buenos tratos y la amigabilidad del ambiente\u00bb, resalt\u00f3.<\/span><span style=\"font-weight: 400;\"><\/p>\n<p><\/span><\/p>\n<p><b>Derecho a la resiliencia y a la esperanza<\/b><\/p>\n<p><span style=\"font-weight: 400;\">Para Vila, \u00abla creaci\u00f3n en el proyecto social cubano va por el rumbo de un desarrollo humano integral, el cual reformula proyectos, esperanzas y aportes que se\u00f1alan que el bienestar es un estado de salud. Los cubanos tenemos que hacer ese capital social resiliente, una meta por la cual trabaja Palomas\u00bb, dijo.<\/span><\/p>\n<p><span style=\"font-weight: 400;\">De esa inspiraci\u00f3n nace <\/span><a href=\"http:\/\/www.redsemlac-cuba.net\/comunicacion\/resiliencia-y-felicidad,-propuesta-de-palomas-ante-la-pandemia.html\"><span style=\"font-weight: 400;\">F\u00e1brica de felicidad<\/span><\/a><span style=\"font-weight: 400;\">, la m\u00e1s reciente obra de la casa productora, compuesta por tres cortos con tres mensajes: la producci\u00f3n de respeto, la producci\u00f3n de esperanza y la producci\u00f3n de dignidad de las abuelas y los abuelos, que voltean la mirada hacia las personas mayores y su resiliencia.<\/span><span style=\"font-weight: 400;\"><br \/>\n<\/span><span style=\"font-weight: 400;\">\u00abCon la participaci\u00f3n de los actores Obelia Blanco y Enrique Molina, la narraci\u00f3n gu\u00eda esta propuesta en contrapunteo con fragmentos de documentales nuestros que hab\u00edan abordado esta tem\u00e1tica desde 2009\u00bb, refiere Vila.<\/span><span style=\"font-weight: 400;\"><br \/>\n<\/span><span style=\"font-weight: 400;\">El doctor Jes\u00fas Men\u00e9ndez se\u00f1al\u00f3 que \u00abla&nbsp;<\/span><a href=\"http:\/\/mail.redsemlac-cuba.net\/salud\/mayores,-m%C3%A1s-vulnerables-ante-la-pandemia.html\"><span style=\"font-weight: 400;\">pandemia ha puesto a prueba la capacidad de resistencia<\/span><\/a><span style=\"font-weight: 400;\">&nbsp;del pa\u00eds y, por supuesto, de las personas mayores\u00bb, precis\u00f3.<\/span><\/p>\n<p><span style=\"font-weight: 400;\">\u00abCuando lleguemos a la nueva normalidad, se debe promover que todas las personas, pero principalmente las mayores, incorporen o reincorporen estilos de vida saludables. Los sectores y servicios comunitarios dedicados a la atenci\u00f3n de este grupo etario y sus familias jugar\u00e1n un papel importante en la recuperaci\u00f3n de la satisfacci\u00f3n personal de nuestros mayores que, aunque no hayan enfermado de covid-19, podr\u00e1n tener las secuelas psicol\u00f3gicas y f\u00edsicas del tiempo de aislamiento social\u00bb, dijo.<\/span><\/p>\n<p><span style=\"font-weight: 400;\">Leonardo P\u00e9rez Gallardo, presidente de la Sociedad Cubana de Derecho de Familia, apunt\u00f3 que estamos viviendo la peor pandemia de los \u00faltimos 100 a\u00f1os. \u00abLa covid-19 nos ha dejado muchas lecciones. Entre ellas est\u00e1 la necesidad de fortalecer los lazos familiares, de seguir apostando por el valor que tiene la familia\u00bb, un objetivo del nuevo <\/span><a href=\"https:\/\/amecopress.net\/Cuba-Retos-frente-al-nuevo-Codigo-de-las-Familias\"><span style=\"font-weight: 400;\">C\u00f3digo de las Familias que ser\u00e1 valorado por el legislativo cubano en 2021<\/span><\/a><span style=\"font-weight: 400;\">&nbsp;y luego votado en referendo.<\/span><\/p>\n<p><span style=\"font-weight: 400;\">\u00abLa solidaridad de la familia ha sido hoy un aliciente ante las tragedias que hemos vivido todos por la p\u00e9rdida de seres afectivos, importantes en nuestras vidas. Tambi\u00e9n ha dejado en evidencia la fragilidad que tiene el adulto mayor\u00bb, sostuvo P\u00e9rez Gallardo.<\/span><\/p>\n<p><span style=\"font-weight: 400;\">A juicio del experto, \u00ablas lecturas de los dem\u00f3grafos sobre el envejecimiento deben ser comprendidas y entendidas por los juristas inexorablemente: primero, por la necesidad de darles protagonismo a las personas adultas mayores en el entorno familiar y, segundo, por la importancia que tienen &#8211;y cada d\u00eda tendr\u00e1n m\u00e1s&#8211; las personas adultas mayores dentro de los grupos familiares\u00bb.<\/span><\/p>\n<p><span style=\"font-weight: 400;\">\u00abHoy se habla del principio de diversidad familiar, que est\u00e1 consagrado en el art\u00edculo 81 de la Constituci\u00f3n. El nuevo C\u00f3digo de las Familias responder\u00e1 a ese principio, pero si hay un m\u00ednimo com\u00fan m\u00faltiplo en todas estas construcciones familiares, son los adultos mayores. Cualquiera que sea la modalidad de familia que construya la persona, ya estar\u00e1 en la tercera edad o traer\u00e1 consigo alg\u00fan familiar de ese grupo que requiera protecci\u00f3n o abrigo\u00bb, se\u00f1al\u00f3 el jurista.<\/span><\/p>\n<p><span style=\"font-weight: 400;\">P\u00e9rez Gallardo explic\u00f3 que el Derecho debe ofrecer una visi\u00f3n muy diversa tambi\u00e9n de las personas adultas mayores, para verlas no solo como objeto de protecci\u00f3n y amparo de otros miembros de la familia, sino como sujeto de derechos en la familia y la sociedad.<\/span><\/p>\n<p><span style=\"font-weight: 400;\">Para el jurista, los cambios que el nuevo c\u00f3digo supone en materia de comunicaci\u00f3n familiar, derechos y deberes jur\u00eddicos de la persona cuidada y del cuidador, derechos de los abuelos, derechos patrimoniales del adulto mayor, entre otros, son esenciales en un envejecimiento digno y libre de violencias.<\/span><\/p>\n<p><span style=\"font-weight: 400;\"><br \/>\n<\/span><span style=\"font-weight: 400;\">\u00abEn cualquier modelo familiar que construyamos en la Cuba de hoy, hay personas adultas mayores. Debemos hacer es darles el protagonismo que merecen, visibilizar sus derechos en su faceta tuitiva o protectora, ante la vulnerabilidad que puede suponer la adultez mayor; pero tambi\u00e9n el protagonismo que tienen en aras de la inclusi\u00f3n social, comunitaria, familiar. Potenciar su autonom\u00eda y el respeto de sus decisiones\u00bb, concluy\u00f3.<\/span><b><i> (<\/i><\/b><a href=\"mailto:semlaccu@enet.cu\"><span style=\"font-weight: 400;\">semlaccu@enet.cu<\/span><\/a><\/p>\n<p>&nbsp;<\/p>\n","protected":false},"excerpt":{"rendered":"<p>Cuba&nbsp; *Hacer visibles el maltrato, conflicto cotidiano es una urgencia social y una nueva brecha Realizadora de Palomas, Lizette Vila habla con Semlac<\/p>\n","protected":false},"author":3,"featured_media":39029,"comment_status":"open","ping_status":"open","sticky":false,"template":"","format":"standard","meta":{"_monsterinsights_skip_tracking":false,"footnotes":""},"categories":[692,53],"tags":[500,603,522,602,601,600,599],"class_list":["post-39027","post","type-post","status-publish","format-standard","has-post-thumbnail","category-692","category-internacional","tag-adultos-mayores","tag-crisis-humanitaria","tag-cuba","tag-lizette-vila","tag-proyecto-palomares","tag-semlac","tag-vejez-digna"],"_links":{"self":[{"href":"https:\/\/redsemlac.com\/semmexico\/wp-json\/wp\/v2\/posts\/39027","targetHints":{"allow":["GET"]}}],"collection":[{"href":"https:\/\/redsemlac.com\/semmexico\/wp-json\/wp\/v2\/posts"}],"about":[{"href":"https:\/\/redsemlac.com\/semmexico\/wp-json\/wp\/v2\/types\/post"}],"author":[{"embeddable":true,"href":"https:\/\/redsemlac.com\/semmexico\/wp-json\/wp\/v2\/users\/3"}],"replies":[{"embeddable":true,"href":"https:\/\/redsemlac.com\/semmexico\/wp-json\/wp\/v2\/comments?post=39027"}],"version-history":[{"count":0,"href":"https:\/\/redsemlac.com\/semmexico\/wp-json\/wp\/v2\/posts\/39027\/revisions"}],"wp:featuredmedia":[{"embeddable":true,"href":"https:\/\/redsemlac.com\/semmexico\/wp-json\/wp\/v2\/media\/39029"}],"wp:attachment":[{"href":"https:\/\/redsemlac.com\/semmexico\/wp-json\/wp\/v2\/media?parent=39027"}],"wp:term":[{"taxonomy":"category","embeddable":true,"href":"https:\/\/redsemlac.com\/semmexico\/wp-json\/wp\/v2\/categories?post=39027"},{"taxonomy":"post_tag","embeddable":true,"href":"https:\/\/redsemlac.com\/semmexico\/wp-json\/wp\/v2\/tags?post=39027"}],"curies":[{"name":"wp","href":"https:\/\/api.w.org\/{rel}","templated":true}]}}