{"id":38934,"date":"2021-08-01T08:53:08","date_gmt":"2021-08-01T14:53:08","guid":{"rendered":"https:\/\/redsemlac.com\/semmexico\/?p=38934"},"modified":"2023-07-21T17:05:00","modified_gmt":"2023-07-21T22:05:00","slug":"entrevista-a-martha-sanchez-defensora-de-los-pueblos-y-mujeres-indigenas-en-mexico","status":"publish","type":"post","link":"https:\/\/redsemlac.com\/semmexico\/entrevista-a-martha-sanchez-defensora-de-los-pueblos-y-mujeres-indigenas-en-mexico\/","title":{"rendered":"Entrevista a Martha S\u00e1nchez(+), defensora de los pueblos y mujeres ind\u00edgenas en M\u00e9xico"},"content":{"rendered":"<div style=\"width: 640px;\" class=\"wp-video\"><video class=\"wp-video-shortcode\" id=\"video-38934-1\" width=\"640\" height=\"480\" preload=\"metadata\" controls=\"controls\"><source type=\"video\/mp4\" src=\"https:\/\/redsemlac.com\/semmexico\/wp-content\/uploads\/2021\/08\/41.-Martha-Sanchez.mp4?_=1\" \/><a href=\"https:\/\/redsemlac.com\/semmexico\/wp-content\/uploads\/2021\/08\/41.-Martha-Sanchez.mp4\">https:\/\/redsemlac.com\/semmexico\/wp-content\/uploads\/2021\/08\/41.-Martha-Sanchez.mp4<\/a><\/video><\/div>\n<p>&nbsp;<\/p>\n<p>&nbsp;<\/p>\n","protected":false},"excerpt":{"rendered":"<p>&nbsp; &nbsp;<\/p>\n","protected":false},"author":3,"featured_media":38937,"comment_status":"open","ping_status":"open","sticky":false,"template":"","format":"standard","meta":{"_monsterinsights_skip_tracking":false,"footnotes":""},"categories":[692,49,54],"tags":[],"class_list":["post-38934","post","type-post","status-publish","format-standard","has-post-thumbnail","category-692","category-desde","category-mujeres"],"_links":{"self":[{"href":"https:\/\/redsemlac.com\/semmexico\/wp-json\/wp\/v2\/posts\/38934","targetHints":{"allow":["GET"]}}],"collection":[{"href":"https:\/\/redsemlac.com\/semmexico\/wp-json\/wp\/v2\/posts"}],"about":[{"href":"https:\/\/redsemlac.com\/semmexico\/wp-json\/wp\/v2\/types\/post"}],"author":[{"embeddable":true,"href":"https:\/\/redsemlac.com\/semmexico\/wp-json\/wp\/v2\/users\/3"}],"replies":[{"embeddable":true,"href":"https:\/\/redsemlac.com\/semmexico\/wp-json\/wp\/v2\/comments?post=38934"}],"version-history":[{"count":0,"href":"https:\/\/redsemlac.com\/semmexico\/wp-json\/wp\/v2\/posts\/38934\/revisions"}],"wp:featuredmedia":[{"embeddable":true,"href":"https:\/\/redsemlac.com\/semmexico\/wp-json\/wp\/v2\/media\/38937"}],"wp:attachment":[{"href":"https:\/\/redsemlac.com\/semmexico\/wp-json\/wp\/v2\/media?parent=38934"}],"wp:term":[{"taxonomy":"category","embeddable":true,"href":"https:\/\/redsemlac.com\/semmexico\/wp-json\/wp\/v2\/categories?post=38934"},{"taxonomy":"post_tag","embeddable":true,"href":"https:\/\/redsemlac.com\/semmexico\/wp-json\/wp\/v2\/tags?post=38934"}],"curies":[{"name":"wp","href":"https:\/\/api.w.org\/{rel}","templated":true}]}}