{"id":38904,"date":"2021-07-31T17:36:05","date_gmt":"2021-07-31T23:36:05","guid":{"rendered":"https:\/\/redsemlac.com\/semmexico\/?p=38904"},"modified":"2023-07-21T17:05:01","modified_gmt":"2023-07-21T22:05:01","slug":"el-senado-de-la-republica-se-apresta-a-nueva-legislacion-sobre-la-trata-de-personas","status":"publish","type":"post","link":"https:\/\/redsemlac.com\/semmexico\/el-senado-de-la-republica-se-apresta-a-nueva-legislacion-sobre-la-trata-de-personas\/","title":{"rendered":"El Senado de la Rep\u00fablica se apresta a nueva legislaci\u00f3n sobre\u00a0la Trata de Personas"},"content":{"rendered":"<p><span style=\"font-weight: 400;\">*65 por ciento de las v\u00edctimas son mujeres y ni\u00f1as<\/span><\/p>\n<p><!--more--><\/p>\n<p><span style=\"font-weight: 400;\">&nbsp;<\/span><span style=\"font-weight: 400;\">En la&nbsp; industria sexual&nbsp; 99 por ciento de las v\u00edctimas son mujeres y ni\u00f1as, y una de cada tres, es menor de 18 a\u00f1os.&nbsp;<\/span><\/p>\n<p><span style=\"font-weight: 400;\">Redacci\u00f3n&nbsp;<\/span><\/p>\n<p><span style=\"font-weight: 400;\">SemM\u00e9xico, Cd. de M\u00e9xico, 31 de julio 2021.- En el D\u00eda Mundial contra la Trata de Personas, en el Senado de la Rep\u00fablica&nbsp; legisladoras de todos los partidos llamaron a combatir y erradicar este delito que explota a ni\u00f1as, ni\u00f1os, mujeres y hombres con diferentes prop\u00f3sitos, como el trabajo forzado y la explotaci\u00f3n sexual.&nbsp;<\/span><\/p>\n<p><span style=\"font-weight: 400;\">&nbsp;<\/span><span style=\"font-weight: 400;\">Ah\u00ed dijeron que&nbsp; el Reporte Mundial de Trata de Personas 2020 de la Oficina de las Naciones Unidas contra la Droga y el Delito, se\u00f1ala que este il\u00edcito afecta principalmente a mujeres y ni\u00f1as con 65 por ciento de las v\u00edctimas identificadas. &nbsp;<\/span><\/p>\n<p><span style=\"font-weight: 400;\">&nbsp;<\/span><span style=\"font-weight: 400;\">Grave, expresaron, que ese informe reporta&nbsp; un aumento de ocho por ciento de los ni\u00f1os y ni\u00f1as afectados, en comparaci\u00f3n con el reporte&nbsp; de 2018. Entonces era de 15 por ciento&nbsp; y ahora del 23 del total de v\u00edctimas identificadas.&nbsp;<\/span><\/p>\n<p><span style=\"font-weight: 400;\">&nbsp;<\/span><span style=\"font-weight: 400;\">Ello sucedi\u00f3 en&nbsp; la sesi\u00f3n extraordinaria de este viernes. La senadora Nancy De la Sierra Ar\u00e1mburo, del Partido del Trabajo PT, expuso que se requiere reforzar la legislaci\u00f3n para erradicar este flagelo y poner un alto a la impunidad. &nbsp;<\/span><\/p>\n<p><span style=\"font-weight: 400;\">&nbsp;<\/span><span style=\"font-weight: 400;\">Desde la tribuna, hizo un llamado a continuar trabajando de la mano de la sociedad civil, en favor de las v\u00edctimas. La legisladora indic\u00f3 que la Agenda 2030 para el Desarrollo Sostenible alerta que se tienen menos de 10 a\u00f1os para adoptar medidas inmediatas y eficaces para poner fin a la trata. &nbsp;<\/span><\/p>\n<p><span style=\"font-weight: 400;\">&nbsp;<\/span><span style=\"font-weight: 400;\">En tanto, a trav\u00e9s de mensajes en sus redes sociales, senadoras, como X\u00f3chitl G\u00e1lvez Ruiz, urgieron a la sociedad y gobierno a crear conciencia sobre este grave delito, que atenta contra los derechos humanos de las personas.&nbsp;<\/span><\/p>\n<p><span style=\"font-weight: 400;\">La legisladora del PAN advirti\u00f3 que en la industria sexual comercial, 99 por ciento de las v\u00edctimas son mujeres y ni\u00f1as, y una de cada tres, es menor de 18 a\u00f1os.&nbsp;<\/span><\/p>\n<p><span style=\"font-weight: 400;\">&nbsp;<\/span><span style=\"font-weight: 400;\">La senadora Josefina V\u00e1zquez Mota, presidenta de la Comisi\u00f3n de los Derechos de la Ni\u00f1ez y la Adolescencia, llam\u00f3 a no tolerar los cr\u00edmenes relacionados con la explotaci\u00f3n y tr\u00e1fico de ni\u00f1as, ni\u00f1os y adolescentes. Exigi\u00f3 cero tolerancia a este delito.&nbsp;<\/span><\/p>\n<p><span style=\"font-weight: 400;\">&nbsp;<\/span><span style=\"font-weight: 400;\">En el mismo sentido, la titular de la Comisi\u00f3n para la Igualdad de G\u00e9nero, Martha Luc\u00eda Micher Camarena, de Morena, subray\u00f3 que nadie puede ser omiso ante el \u201cterrible crimen que representa la trata de personas\u201d.&nbsp;<\/span><\/p>\n<p><span style=\"font-weight: 400;\">&nbsp;<\/span><span style=\"font-weight: 400;\">La tambi\u00e9n presidenta de la Comisi\u00f3n de Igualdad demand\u00f3 hacer \u201ctodo lo que est\u00e9 en nuestras manos para detener este delito\u201d y se\u00f1al\u00f3 que se debe escuchar a las y los supervivientes y fortalecer a las v\u00edctimas.&nbsp;<\/span><\/p>\n<p><span style=\"font-weight: 400;\">&nbsp;<\/span><span style=\"font-weight: 400;\">Por su parte, la senadora Geovanna del Carmen Ba\u00f1uelos de la Torre, coordinadora del Grupo Parlamentario del PT, reconoci\u00f3 que su estado, Zacatecas, es una de las entidades con mayor \u00edndice de ese delito, donde siete de cada 10 v\u00edctimas de trata, son mujeres.&nbsp;<\/span><\/p>\n<p><span style=\"font-weight: 400;\">&nbsp;<\/span><span style=\"font-weight: 400;\">Este il\u00edcito, refiri\u00f3, se ha incrementado en 45 por ciento en los \u00faltimos a\u00f1os, por lo que tambi\u00e9n llam\u00f3 a combatir este mal. &nbsp;<\/span><\/p>\n<p><span style=\"font-weight: 400;\">&nbsp;<\/span><span style=\"font-weight: 400;\">La senadora Sylvana Beltrones S\u00e1nchez, quien encabeza la Comisi\u00f3n de Ciencia y Tecnolog\u00eda, del&nbsp; Partido Revolucionario Institucional PRI refrend\u00f3 el compromiso con las personas que son v\u00edctimas de trata de personas.&nbsp;<\/span><\/p>\n<p><span style=\"font-weight: 400;\">&nbsp;<\/span><span style=\"font-weight: 400;\">\u201cNo est\u00e1n solos\u201d, estamos juntos para prevenir este delito, identificar y rescatar a las v\u00edctimas y apoyarlas en su camino hacia la rehabilitaci\u00f3n, se\u00f1al\u00f3.&nbsp;<\/span><\/p>\n<p><span style=\"font-weight: 400;\">&nbsp;<\/span><span style=\"font-weight: 400;\">Por \u00faltimo, el senador independiente, Emilio \u00c1lvarez Icaza se sum\u00f3 a los planteamientos y consider\u00f3 que se trata de una fecha fundamental para recordar uno de los desaf\u00edos y flagelos&nbsp;m\u00e1s dolorosos de la humanidad.&nbsp;<\/span><\/p>\n<p><span style=\"font-weight: 400;\">&nbsp;<\/span><\/p>\n","protected":false},"excerpt":{"rendered":"<p>*65 por ciento de las v\u00edctimas son mujeres y ni\u00f1as<\/p>\n","protected":false},"author":3,"featured_media":38905,"comment_status":"open","ping_status":"open","sticky":false,"template":"","format":"standard","meta":{"_monsterinsights_skip_tracking":false,"footnotes":""},"categories":[692,50],"tags":[],"class_list":["post-38904","post","type-post","status-publish","format-standard","has-post-thumbnail","category-692","category-congreso"],"_links":{"self":[{"href":"https:\/\/redsemlac.com\/semmexico\/wp-json\/wp\/v2\/posts\/38904","targetHints":{"allow":["GET"]}}],"collection":[{"href":"https:\/\/redsemlac.com\/semmexico\/wp-json\/wp\/v2\/posts"}],"about":[{"href":"https:\/\/redsemlac.com\/semmexico\/wp-json\/wp\/v2\/types\/post"}],"author":[{"embeddable":true,"href":"https:\/\/redsemlac.com\/semmexico\/wp-json\/wp\/v2\/users\/3"}],"replies":[{"embeddable":true,"href":"https:\/\/redsemlac.com\/semmexico\/wp-json\/wp\/v2\/comments?post=38904"}],"version-history":[{"count":0,"href":"https:\/\/redsemlac.com\/semmexico\/wp-json\/wp\/v2\/posts\/38904\/revisions"}],"wp:featuredmedia":[{"embeddable":true,"href":"https:\/\/redsemlac.com\/semmexico\/wp-json\/wp\/v2\/media\/38905"}],"wp:attachment":[{"href":"https:\/\/redsemlac.com\/semmexico\/wp-json\/wp\/v2\/media?parent=38904"}],"wp:term":[{"taxonomy":"category","embeddable":true,"href":"https:\/\/redsemlac.com\/semmexico\/wp-json\/wp\/v2\/categories?post=38904"},{"taxonomy":"post_tag","embeddable":true,"href":"https:\/\/redsemlac.com\/semmexico\/wp-json\/wp\/v2\/tags?post=38904"}],"curies":[{"name":"wp","href":"https:\/\/api.w.org\/{rel}","templated":true}]}}