{"id":38893,"date":"2021-07-31T16:09:27","date_gmt":"2021-07-31T22:09:27","guid":{"rendered":"https:\/\/redsemlac.com\/semmexico\/?p=38893"},"modified":"2023-07-21T17:05:01","modified_gmt":"2023-07-21T22:05:01","slug":"rita-levi-montalcini-y-el-cerebro-humano","status":"publish","type":"post","link":"https:\/\/redsemlac.com\/semmexico\/rita-levi-montalcini-y-el-cerebro-humano\/","title":{"rendered":"Rita Levi-Montalcini y el cerebro humano"},"content":{"rendered":"<p><span style=\"font-weight: 400;\">*La capacidad de razonar<\/span> <!--more--><\/p>\n<p><a href=\"https:\/\/periodistas-es.com\/author\/marisa-babiano\"><span style=\"font-weight: 400;\">Marisa Babiano<\/span><\/a><\/p>\n<p><span style=\"font-weight: 400;\">SemM\u00e9xico\/Periodistas en Espa\u00f1ol, Madrid, Espa\u00f1a, 31 de julio, 2021.- Rita Levi-Montalcini (1909-2012) fue una neurocient\u00edfica que estudi\u00f3 Medicina en la universidad de Tur\u00edn, y en los a\u00f1os 50 en colaboraci\u00f3n con el bioqu\u00edmico Stanley Cohen, aisl\u00f3 el Factor de Crecimiento Nervioso (FCN o NGF en ingl\u00e9s, Nerve Growth Factor).&nbsp;<\/span><\/p>\n<p><b>Nota de la Redacci\u00f3n:<\/b><span style=\"font-weight: 400;\"> Descubri\u00f3 el primer&nbsp;<\/span><a href=\"https:\/\/es.wikipedia.org\/wiki\/Factor_de_crecimiento\"><span style=\"font-weight: 400;\">factor de crecimiento<\/span><\/a><span style=\"font-weight: 400;\">&nbsp;conocido en el&nbsp;<\/span><a href=\"https:\/\/es.wikipedia.org\/wiki\/Sistema_nervioso\"><span style=\"font-weight: 400;\">sistema nervioso<\/span><\/a><span style=\"font-weight: 400;\">, investigaci\u00f3n por la que obtuvo el&nbsp;<\/span><a href=\"https:\/\/es.wikipedia.org\/wiki\/Anexo:Premio_Nobel_de_Fisiolog%C3%ADa_o_Medicina\"><span style=\"font-weight: 400;\">Premio Nobel de Fisiolog\u00eda o Medicina<\/span><\/a><span style=\"font-weight: 400;\">&nbsp;en&nbsp;<\/span><a href=\"https:\/\/es.wikipedia.org\/wiki\/1986\"><span style=\"font-weight: 400;\">1986<\/span><\/a><span style=\"font-weight: 400;\">, compartido con&nbsp;<\/span><a href=\"https:\/\/es.wikipedia.org\/wiki\/Stanley_Cohen_(bioqu%C3%ADmico)\"><span style=\"font-weight: 400;\">Stanley Cohen<\/span><\/a><span style=\"font-weight: 400;\">. \u200b Sus hallazgos han sido fundamentales para la comprensi\u00f3n de los mecanismos de control que regulan el crecimiento de las&nbsp;<\/span><a href=\"https:\/\/es.wikipedia.org\/w\/index.php?title=C%C3%A9lulas.&amp;action=edit&amp;redlink=1\"><span style=\"font-weight: 400;\">c\u00e9lulas.<\/span><\/a><\/p>\n<p><span style=\"font-weight: 400;\">El FCN o NGF es una prote\u00edna que est\u00e1 en el sistema nervioso y otros sistemas del cuerpo humano, siendo fundamental para la vida y crecimiento de las neuronas en el periodo embrionario, entre otras funciones. Lo que les llev\u00f3 en 1986 a recibir el Premio Nobel de Fisiolog\u00eda o Medicina por estos descubrimientos.<\/span><\/p>\n<p><span style=\"font-weight: 400;\">Tuvo especial importancia para la biolog\u00eda y el avance cient\u00edfico, porque contribuyeron con este este factor al hallazgo de m\u00e1s mensajeros de comunicaci\u00f3n entre c\u00e9lulas. En palabras del Instituto Karolinska con ocasi\u00f3n de la entrega del Nobel, Rita Levi-Montalcini hizo mucho m\u00e1s que descubrir una biomol\u00e9cula primordial, \u201ccre\u00f3 un concepto a partir de un aparente caos\u201d.<\/span><\/p>\n<p><span style=\"font-weight: 400;\">El 22 de abril de 2009 alcanz\u00f3 los 100 a\u00f1os de edad, y se convirti\u00f3 en la primera persona centenaria galardonada con un Nobel. Cuando falleci\u00f3 se la valor\u00f3 por su imprescindible contribuci\u00f3n al avance de la ciencia, a pesar de todas las dificultades por las que tuvo que pasar. As\u00ed, tras su fallecimiento \u201cThe Guardian\u201d le dedic\u00f3 la siguiente esquela: \u201cParec\u00eda capaz de enfrentarse con la misma ecuanimidad a los rigores de la crueldad fascista que sufri\u00f3 como persona de ascendencia jud\u00eda; a los problemas de practicar la medicina clandestina en \u00e9poca de guerra; las dificultades que plantean los prejuicios y la discriminaci\u00f3n hacia las mujeres; y los retos de quienes trabajan en la vanguardia de la ciencia, que pueden generar un sentimiento de soledad\u201d.<\/span><\/p>\n<p><span style=\"font-weight: 400;\">Al leer sobre su biograf\u00eda dice que siempre elogi\u00f3 a sus padres por haberse criado en un ambiente familiar lleno de amor, en el que se valoraba la cultura y se apreciaban los esfuerzos intelectuales. Esto bajo mi punto de vista es esencial, vivir con una familia que apoye emocional e intelectualmente a sus hijos e hijas y les den alas para caminar creativamente, siendo una base primordial para adquirir fortaleza y \u00e9tica.<\/span><\/p>\n<p><span style=\"font-weight: 400;\">Frases de esta neurocient\u00edfica que vivi\u00f3 103 a\u00f1os:<\/span><\/p>\n<ul>\n<li style=\"font-weight: 400;\" aria-level=\"1\"><span style=\"font-weight: 400;\">\u201cA los cien a\u00f1os, tengo una mente que es superior a la que ten\u00eda a los 20 gracias a la experiencia\u201d.<\/span><\/li>\n<li style=\"font-weight: 400;\" aria-level=\"1\"><span style=\"font-weight: 400;\">\u201cEl Progreso depende de nuestro cerebro. La parte m\u00e1s importante de nuestro cerebro, la que es neocortical, tiene que utilizarse para ayudar a los dem\u00e1s y no s\u00f3lo para hacer descubrimientos.<\/span><\/li>\n<li style=\"font-weight: 400;\" aria-level=\"1\"><span style=\"font-weight: 400;\">\u201cLas mujeres que han cambiado el mundo no han necesitado nunca mostrar otra cosa que su inteligencia\u201d<\/span><\/li>\n<li style=\"font-weight: 400;\" aria-level=\"1\"><span style=\"font-weight: 400;\">\u201cEl cuerpo se me arruga, es inevitable, pero no el cerebro. Mant\u00e9n tu cerebro ilusionado, activo, hazlo funcionar y nunca degenerar\u00e1\u201d.<\/span><\/li>\n<li style=\"font-weight: 400;\" aria-level=\"1\"><span style=\"font-weight: 400;\">\u201cPor encima de todo, no temas dif\u00edciles momentos. El mejor viene de ellos\u201d<\/span><\/li>\n<li style=\"font-weight: 400;\" aria-level=\"1\"><span style=\"font-weight: 400;\">\u201cEl talento no tiene sexo, mujeres y hombres tenemos id\u00e9ntica capacidad mental\u201d<\/span><\/li>\n<li style=\"font-weight: 400;\" aria-level=\"1\"><span style=\"font-weight: 400;\">\u201cEl cerebro tiene dos hemisferios, uno arcaico, que gobierna nuestros instintos y emociones, y otro m\u00e1s joven en el que reside nuestra capacidad de razonar\u201d.<\/span><\/li>\n<\/ul>\n<p><span style=\"font-weight: 400;\">Pero actualmente a quien ejerce y ostenta el poder econ\u00f3mico no le interesa perder sus privilegios, ni que el mundo cambie, por lo que no invierte ni un higo en el cultivo de la reflexi\u00f3n y el desarrollo de la inteligencia humana, y har\u00e1 todo lo posible y hasta lo imposible por aniquilarla. Y los ricos con los ricos y los pobres con los pobres\u2026<\/span><\/p>\n<p><span style=\"font-weight: 400;\">CEREBRO HUMANO Y MANIPULACI\u00d3N<\/span><\/p>\n<p><span style=\"font-weight: 400;\">A esta econom\u00eda de mercado <\/span><span style=\"font-weight: 400;\"><br \/>\n<\/span><span style=\"font-weight: 400;\">le interesa un mundo hipersexualizado<\/span><span style=\"font-weight: 400;\"><br \/>\n<\/span><span style=\"font-weight: 400;\">que no piense ni razone<\/span><span style=\"font-weight: 400;\"><br \/>\n<\/span><span style=\"font-weight: 400;\">y s\u00f3lo \u201cel me gusta\u201d presione.<\/span><\/p>\n<p><span style=\"font-weight: 400;\">Y as\u00ed la gente empantallada<\/span><span style=\"font-weight: 400;\"><br \/>\n<\/span><span style=\"font-weight: 400;\">sobrevive alienada y controlada.<\/span><\/p>\n<p>&nbsp;<\/p>\n","protected":false},"excerpt":{"rendered":"<p>*La capacidad de razonar<\/p>\n","protected":false},"author":3,"featured_media":38894,"comment_status":"open","ping_status":"open","sticky":false,"template":"","format":"standard","meta":{"_monsterinsights_skip_tracking":false,"footnotes":""},"categories":[692,35],"tags":[],"class_list":["post-38893","post","type-post","status-publish","format-standard","has-post-thumbnail","category-692","category-opinion"],"_links":{"self":[{"href":"https:\/\/redsemlac.com\/semmexico\/wp-json\/wp\/v2\/posts\/38893","targetHints":{"allow":["GET"]}}],"collection":[{"href":"https:\/\/redsemlac.com\/semmexico\/wp-json\/wp\/v2\/posts"}],"about":[{"href":"https:\/\/redsemlac.com\/semmexico\/wp-json\/wp\/v2\/types\/post"}],"author":[{"embeddable":true,"href":"https:\/\/redsemlac.com\/semmexico\/wp-json\/wp\/v2\/users\/3"}],"replies":[{"embeddable":true,"href":"https:\/\/redsemlac.com\/semmexico\/wp-json\/wp\/v2\/comments?post=38893"}],"version-history":[{"count":0,"href":"https:\/\/redsemlac.com\/semmexico\/wp-json\/wp\/v2\/posts\/38893\/revisions"}],"wp:featuredmedia":[{"embeddable":true,"href":"https:\/\/redsemlac.com\/semmexico\/wp-json\/wp\/v2\/media\/38894"}],"wp:attachment":[{"href":"https:\/\/redsemlac.com\/semmexico\/wp-json\/wp\/v2\/media?parent=38893"}],"wp:term":[{"taxonomy":"category","embeddable":true,"href":"https:\/\/redsemlac.com\/semmexico\/wp-json\/wp\/v2\/categories?post=38893"},{"taxonomy":"post_tag","embeddable":true,"href":"https:\/\/redsemlac.com\/semmexico\/wp-json\/wp\/v2\/tags?post=38893"}],"curies":[{"name":"wp","href":"https:\/\/api.w.org\/{rel}","templated":true}]}}