{"id":38876,"date":"2021-07-31T10:44:55","date_gmt":"2021-07-31T16:44:55","guid":{"rendered":"https:\/\/redsemlac.com\/semmexico\/?p=38876"},"modified":"2023-07-21T17:05:01","modified_gmt":"2023-07-21T22:05:01","slug":"la-consulta-popular-en-manos-de-la-sociedad-puede-ser-un-mecanismo-para-la-busqueda-de-verdad-y-justicia-de-las-victimas","status":"publish","type":"post","link":"https:\/\/redsemlac.com\/semmexico\/la-consulta-popular-en-manos-de-la-sociedad-puede-ser-un-mecanismo-para-la-busqueda-de-verdad-y-justicia-de-las-victimas\/","title":{"rendered":"La Consulta Popular en manos de la sociedad puede ser un mecanismo para la b\u00fasqueda de verdad y justicia de las v\u00edctimas\u00a0"},"content":{"rendered":"<p><span style=\"font-weight: 400;\">*Exigen crear una Comisi\u00f3n de la Verdad y un Mecanismo Internacional contra la impunidad: m\u00e1s de 3 mil desplazados este a\u00f1o<\/span><\/p>\n<p><!--more--><\/p>\n<p><span style=\"font-weight: 400;\">En esta administraci\u00f3n&nbsp; desaparecieron&nbsp; 21 mil 546, este a\u00f1o se cometieron 543 feminicidios, es decir 90 mujeres por mes&nbsp;<\/span><\/p>\n<p>&nbsp;<\/p>\n<p><span style=\"font-weight: 400;\">Elda Montiel<\/span><\/p>\n<p><span style=\"font-weight: 400;\">SemM\u00e9xico, Cd. de M\u00e9xico, 31 de julio 2021.- De manera conjunta el Centro para los Derechos Humanos Fray Juan de Larios (Fray Juan) Coahuila y el Centro de Derechos Humanos Fray Bartolom\u00e9 de Las Casas A.C. (Frayba), Chiapas ante la consulta ciudadana del 1\u00ba de agosto hacen un llamado a poner un alto a la impunidad y exigen justicia para v\u00edctimas de graves violaciones de derechos humanos y cr\u00edmenes de la humanidad.<\/span><\/p>\n<p><span style=\"font-weight: 400;\">Consideran que las v\u00edctimas tambi\u00e9n son sujetas de derechos.&nbsp;&nbsp;<\/span><\/p>\n<p><span style=\"font-weight: 400;\">Precisan que el Estado mexicano ha sido incapaz de rendir cuentas en la investigaci\u00f3n, identificaci\u00f3n y castigo a los responsables de graves violaciones a derechos humanos y cr\u00edmenes de lesa humanidad, asumiendo su responsabilidad ante la realidad de violencia e impunidad que vivimos. Las responsabilidades del Estado no se consultan.<\/span><\/p>\n<p><span style=\"font-weight: 400;\">Los cr\u00edmenes del pasado y del presente deben ser investigados y castigados, como exigencia irrenunciable para poder garantizar caminos de justicia y paz para nuestros pueblos en el campo y la ciudad. Los derechos de las v\u00edctimas por graves violaciones a derechos humanos no se consultan.&nbsp;<\/span><\/p>\n<p><span style=\"font-weight: 400;\">En lo que va la actual administraci\u00f3n federal no se observan decisiones contundentes de gobierno encaminadas a atender de fondo la seria crisis de justicia en nuestro pa\u00eds.&nbsp;<\/span><\/p>\n<p><span style=\"font-weight: 400;\">El recurso de la Consulta popular, libre e informada puede ser un mecanismo en manos de la sociedad en la seria crisis de seguridad y derecho humanos en nuestro pa\u00eds.<\/span><\/p>\n<p><span style=\"font-weight: 400;\">Por lo que exigen la creaci\u00f3n de una Comisi\u00f3n de la Verdad para el Esclarecimiento Hist\u00f3rico y un Mecanismo Internacional Contra la Impunidad, independientemente de los resultados de la Consulta Popular.&nbsp;<\/span><\/p>\n<p><span style=\"font-weight: 400;\">Tan solo en esta administraci\u00f3n han desaparecido 21 mil 546 personas y en los primeros seis meses del 2021 se cometieron 543 feminicidios, es decir 90 mujeres por mes se les asesina en nuestro pa\u00eds, oficialmente, dan a conocer.&nbsp;<\/span><\/p>\n<p><span style=\"font-weight: 400;\">Los derechos de las v\u00edctimas por graves violaciones a derechos humanos no se consultan, todas y cada una de ellas tienen el derecho de poder acceder a la verdad y a la justicia que el Estado ha tolerado y participado por acci\u00f3n y omisi\u00f3n.&nbsp;&nbsp;<\/span><\/p>\n<p><span style=\"font-weight: 400;\">Denuncian tambi\u00e9n las acciones que miembros de algunos partidos pol\u00edticos u otros grupos sociales por medio de mensajes a la sociedad convocan a no participar en la jornada del 1 de agosto, tach\u00e1ndola de inconstitucional e ilegal, lo cual consideran es falso.<\/span><\/p>\n<p><span style=\"font-weight: 400;\">Expresan su confianza en que la sociedad civil mexicana ejerza y defienda su derecho a la Consulta y a reorientar las acciones de gobierno para en verdad hacer el bien com\u00fan.<\/span><\/p>\n<p><span style=\"font-weight: 400;\">En el pronunciamiento conjunto reconocen a las v\u00edctimas como sujetos de derechos y su lucha digna, persistente y tenaz que no ha cesado ni claudicado en la b\u00fasqueda de verdad y justicia por las graves violaciones a derechos humanos cometidas en su contra, en todo el territorio nacional.&nbsp;<\/span><\/p>\n<p><span style=\"font-weight: 400;\">Tambi\u00e9n reconocen como un mecanismo trascendental para nuestra democracia las Consultas Ciudadanas, contempladas en el marco jur\u00eddico mexicano, y esperamos que en un futuro se puedan realizar m\u00e1s ejercicios similares que puedan apoyar y promover el derecho de todas las personas a participar activamente en las decisiones de gobierno en cualquier \u00e1mbito de responsabilidad.&nbsp;<\/span><\/p>\n<p><span style=\"font-weight: 400;\">Reafirman el compromiso con quienes siguen siendo victimizadas por el sistema de injusticia e impunidad que impera en nuestro pa\u00eds. \u00a1No est\u00e1n solas, no est\u00e1n solos!<\/span><\/p>\n<p><span style=\"font-weight: 400;\">Dan a conocer las cifras de la violencia en el pa\u00eds como el reconocimiento oficial de 89 mil 488 registros de personas que siguen desaparecidas al mes de julio del 2021, y que d\u00eda a d\u00eda se incrementa.&nbsp;<\/span><\/p>\n<p><span style=\"font-weight: 400;\">La Comisi\u00f3n Nacional de B\u00fasqueda reconoce la intervenci\u00f3n en unas mil 749 fosas clandestinas, con la recuperaci\u00f3n de 3 mil 25 cuerpos, de los cuales se han retornado a casa 822.<\/span><\/p>\n<p><span style=\"font-weight: 400;\">Tan solo en Coahuila, existen aproximadamente mil cuerpos sin identificar, que fueron inhumados arbitrariamente en panteones municipales y m\u00e1s de 100 mil fragmentos de restos recuperados en campos de exterminio.&nbsp;<\/span><\/p>\n<p><span style=\"font-weight: 400;\">Las Fiscal\u00edas se niegan a aportar datos certeros de cuerpos sin identificar bajo su custodia que se estiman en 38 mil hasta el 2019.&nbsp;<\/span><\/p>\n<p><span style=\"font-weight: 400;\">M\u00e1s de 340 mil personas desplazada por diferentes tipos de violencias. De enero a junio de este a\u00f1o se sumaron 3 mil 873 personas desplazadas, datos que se pueden corroborar porque son p\u00fablicos.&nbsp;<\/span><\/p>\n<p>&nbsp;<\/p>\n<p><span style=\"font-weight: 400;\">.&nbsp;<\/span><\/p>\n","protected":false},"excerpt":{"rendered":"<p>*Exigen crear una Comisi\u00f3n de la Verdad y un Mecanismo Internacional contra la impunidad: m\u00e1s de 3 mil desplazados este a\u00f1o<\/p>\n","protected":false},"author":3,"featured_media":38877,"comment_status":"open","ping_status":"open","sticky":false,"template":"","format":"standard","meta":{"_monsterinsights_skip_tracking":false,"footnotes":""},"categories":[692,1],"tags":[549,517,318,150,142],"class_list":["post-38876","post","type-post","status-publish","format-standard","has-post-thumbnail","category-692","category-uncategorized","tag-centro-para-los-derechos-humanos-fray-juan-de-larios","tag-consulta-popular","tag-elda-montiel","tag-justicia","tag-violencia"],"_links":{"self":[{"href":"https:\/\/redsemlac.com\/semmexico\/wp-json\/wp\/v2\/posts\/38876","targetHints":{"allow":["GET"]}}],"collection":[{"href":"https:\/\/redsemlac.com\/semmexico\/wp-json\/wp\/v2\/posts"}],"about":[{"href":"https:\/\/redsemlac.com\/semmexico\/wp-json\/wp\/v2\/types\/post"}],"author":[{"embeddable":true,"href":"https:\/\/redsemlac.com\/semmexico\/wp-json\/wp\/v2\/users\/3"}],"replies":[{"embeddable":true,"href":"https:\/\/redsemlac.com\/semmexico\/wp-json\/wp\/v2\/comments?post=38876"}],"version-history":[{"count":0,"href":"https:\/\/redsemlac.com\/semmexico\/wp-json\/wp\/v2\/posts\/38876\/revisions"}],"wp:featuredmedia":[{"embeddable":true,"href":"https:\/\/redsemlac.com\/semmexico\/wp-json\/wp\/v2\/media\/38877"}],"wp:attachment":[{"href":"https:\/\/redsemlac.com\/semmexico\/wp-json\/wp\/v2\/media?parent=38876"}],"wp:term":[{"taxonomy":"category","embeddable":true,"href":"https:\/\/redsemlac.com\/semmexico\/wp-json\/wp\/v2\/categories?post=38876"},{"taxonomy":"post_tag","embeddable":true,"href":"https:\/\/redsemlac.com\/semmexico\/wp-json\/wp\/v2\/tags?post=38876"}],"curies":[{"name":"wp","href":"https:\/\/api.w.org\/{rel}","templated":true}]}}