{"id":3886,"date":"2018-10-01T07:05:27","date_gmt":"2018-10-01T07:05:27","guid":{"rendered":"https:\/\/redsemlac.com\/semmexico\/?p=3886"},"modified":"2023-07-21T14:33:50","modified_gmt":"2023-07-21T19:33:50","slug":"palabra-de-antigona-fuerte-es-el-silencio","status":"publish","type":"post","link":"https:\/\/redsemlac.com\/semmexico\/palabra-de-antigona-fuerte-es-el-silencio\/","title":{"rendered":"Palabra de Ant\u00edgona Fuerte es el silencio"},"content":{"rendered":"\n<h5 class=\"wp-block-heading\"> Feministas y morenas callan el sexismo de AMLO<\/h5>\n\n\n\n<p class=\"wp-block-paragraph\"><a href=\"https:\/\/semmexico.com\/gallery-post.php?id=5995#\">Sara Lovera<\/a><\/p>\n\n\n\n<p class=\"wp-block-paragraph\">SemM\u00e9xico. Cd. de M\u00e9xico. 1 de octubre de 2018.- El silencio es como ese viento&nbsp;&nbsp; que arras\u00f3 con las prendas de quienes quedaron ca\u00eddos en la Plaza de las Tres Culturas y cuyo rumor dej\u00f3 en neblina la madrugada, donde apenas se percib\u00eda; un viento que se lleva a las golondrinas, el que cubre con un manto protector ocultando una desgracia. El silencio, es el vac\u00edo, la ausencia de noticias o palabras sobre un asunto.<\/p>\n\n\n\n<p class=\"wp-block-paragraph\">Nada tan tr\u00e1gico como el silencio frente a la injusticia; silencio seg\u00fan el diccionario hace referencia a la abstenci\u00f3n de hablar, recurso para expresar algo sin llevar a cabo ning\u00fan tipo de queja. Hay hechos que invitan a una reacci\u00f3n, pero quienes deben reaccionar prefieren no hacerlo. El silencio es como la nada, despu\u00e9s de un estallido.&nbsp;<em>Fuerte es el silencio<\/em>&nbsp;se llam\u00f3 un texto referido a la matanza del 2 de octubre en Tlatelolco; silencio es el que rodea el caminar por toda la geograf\u00eda mexicana a las buscadoras de cad\u00e1veres. El silencio que rode\u00f3 la lucha de una decena de a\u00f1os de Rosario Ibarra de Piedra, buscando a las y los desaparecidos.<\/p>\n\n\n\n<p class=\"wp-block-paragraph\">El silencio que se puede confundir con una virtud, es la muerte anticipada de la libertad de expresi\u00f3n.&nbsp; Ese es el silencio de las mujeres guerreras frente a las actitudes sexistas de Andr\u00e9s Manuel L\u00f3pez Obrador, el gran patriarca. El de los grandes medios sobre agravios de sus trabajadoras; el que pone un esparadrapo a la protesta feminista que tampoco lo ve, ni lo oye, y prefiere callar.<\/p>\n\n\n\n<p class=\"wp-block-paragraph\">Es silencio que se usa para expresar que algo se est\u00e1 haciendo sin llevar a cabo ning\u00fan tipo de queja.&nbsp; Pero es \u201cimponer a alguien silencio\u201d, cuando una persona o instituci\u00f3n obliga a otra a que se calle o a que guarde para s\u00ed determinados sentimientos.<\/p>\n\n\n\n<p class=\"wp-block-paragraph\">La ley del silencio. Esta no es una norma legislativa como tal pero s\u00ed un procedimiento carcelario que se ha llevado a cabo en distintas prisiones, como la de Alcatraz, como un m\u00e9todo de tortura psicol\u00f3gica.<\/p>\n\n\n\n<p class=\"wp-block-paragraph\">Otros usos del concepto de silencio est\u00e1n vinculados a la omisi\u00f3n o falta de algo por escrito y a la pasividad de las autoridades ante una petici\u00f3n del Poder Judicial: \u201cEl silencio de la prensa frente los hechos de corrupci\u00f3n\u201d. Que es bien conocido y frecuentemente demandado.<\/p>\n\n\n\n<p class=\"wp-block-paragraph\">Me duele el silencio impuesto por una religi\u00f3n o una postura pol\u00edtica. Es posible definir el silencio como una nota que no se ejecuta cuando hablamos de m\u00fasica.<\/p>\n\n\n\n<p class=\"wp-block-paragraph\">As\u00ed es el silencio que rodea las acciones sexistas y abusivas del presidente electo Andr\u00e9s Manuel L\u00f3pez Obrador que en p\u00fablico y sin el menor recato toma la cabeza&nbsp; de la periodista Laura Garc\u00eda, reportera de Tijuana desde hace 19 a\u00f1os, quien textualmente dijo que se sent\u00eda invadida en su espacio vital: su trabajo period\u00edstico, su cercan\u00eda a muchas personas \u201cimportantes\u201d. L\u00f3pez Obrador prefiri\u00f3 jalarla y besarla en lugar de responder a su pregunta. Fuera de algunos medios electr\u00f3nicos donde alguna periodista dijo estar muy enojada, el caso ha sido referido como algo anecd\u00f3tico.<\/p>\n\n\n\n<p class=\"wp-block-paragraph\">El presidente electo evadi\u00f3 otro tipo de preguntas diciendo a las reporteras, especialmente a ellas, \u201ccorazoncitos\u201d, en lugar de responder, entonces a un cochupo de su partido con el Partido Verde Ecologista que le regal\u00f3 a Morena algunos senadores y diputados para lograr la mayor\u00eda.<\/p>\n\n\n\n<p class=\"wp-block-paragraph\">Un amigo periodista escribi\u00f3 al respecto: Primero fue el \u201ccorazoncitos\u201d que dedic\u00f3 a un grupo de reporteras y que para algunas la palabra y el tono proyectaron una mezcla de machismo con desprecio a su actividad profesional. Despu\u00e9s el beso en la mejilla a una periodista de Baja California, Lorena Garc\u00eda, quien lo asumi\u00f3 como algo inapropiado: \u201cS\u00ed hay cierta molestia de mi parte porque finalmente hay una invasi\u00f3n a mi espacio vital\u201d, se quej\u00f3 en Radio F\u00f3rmula, ya que no fue \u201calgo pedido, solicitado, ni esperado\u201d.<\/p>\n\n\n\n<p class=\"wp-block-paragraph\">Sigue el texto del Asalto a la Raz\u00f3n: \u201cMe sorprende mucho el alboroto en ambos casos y creo que el disgusto es atizado por el feminismo extremo. Como sea, \u00bfqui\u00e9n lo iba a imaginar? AMLO deber\u00e1 reflexionar sobre c\u00f3mo conducirse y reprimir la espontaneidad en actos p\u00fablicos, donde est\u00e1 obligado casi siempre a saludar, eludir o despedirse de una o m\u00e1s mujeres.\u201d<\/p>\n\n\n\n<p class=\"wp-block-paragraph\">Para el periodista las actitudes de AMLO pueden ser \u201catizadas por el feminismo extremo\u201d. Lo lamentable es que las feministas est\u00e1n en silencio. El ruido, limitado, a las redes sociales y a la periodista que alude mi amigo, Azucena Uresti, a la \u00fanica que escuche indignada, precisamente porque AMLO recorre la Rep\u00fablica y ah\u00ed saluda, despide o atiende a mujeres, donde no hay testigos period\u00edsticos, o no hay sensibilidad para ver, ni hay \u201cfeministas\u201d extremas, y puede pasar desapercibida esa mezcla de machismo del pr\u00f3ximo presidente de la Rep\u00fablica.<\/p>\n\n\n\n<p class=\"wp-block-paragraph\">Qu\u00e9 sucede en los m\u00edtines, a quienes toca, c\u00f3mo las toca, qu\u00e9 les dice, \u201cmadrecitas\u201d, \u201ccorazoncitos\u201d. Fuerte es el silencio y el encubrimiento de esta rara personalidad. Parecida a Trump, s\u00f3lo que en versi\u00f3n de padre protector, marido preocupado o proveedor. El 29 de septiembre en la Plaza de las Tres Culturas declar\u00f3 que le quitar\u00e1 salarios a la gran burocracia \u2013tema ya muy dicho- y que aumentar\u00e1 el salario a las enfermeras y a las maestras, o sea, hay que aguantar los besos \u201crobados\u201d como dir\u00eda una prominente feminista y callar. Estar en silencio, omitir estos rasgos del pr\u00f3ximo jefe de estado, quien palomear\u00e1 o decidir\u00e1 sobre el presupuesto para disminuir la violencia contra las mujeres.&nbsp; Me pregunto si debemos callar y dejar pasar, como dice el periodista aludido, las que no callamos hacemos puro \u201calboroto\u201d, o se trata de algo m\u00e1s serio de una personalidad patriarcal que usa el poder desde una imagen de buen padre, para controlar cuerpos, pensamientos, centralizar el mandato y cercar al pueblo.<\/p>\n\n\n\n<p class=\"wp-block-paragraph\">Expresado en p\u00fabico a mujeres periodistas, es un \u201cchiste\u201d sin importancia, verlo de otra forma una \u201cexageraci\u00f3n, un alboroto\u201d, o \u00bfnos adelantamos a que a este predicador, como en el caso de los sacerdotes pederastas, todo se le perdone, en nombre de sus 30 millones de votos, en nombre de un desgastado discurso del cambio? \u00bfO tendr\u00edamos que ir m\u00e1s a fondo?<\/p>\n\n\n\n<p class=\"wp-block-paragraph\">Tampoco estoy de acuerdo en que su conducta sexista frente a mujeres periodistas para evadir preguntas atente contra la libertad de expresi\u00f3n. No lo creo, pienso que un entrevistado tiene el derecho a no contestar, para m\u00ed se puede quedar callado, sus silencios se pueden interpretar, lo que es grave es la forma de callar, de evadir, tomando a las mujeres como objetos y minimizando su calidad profesional de ser preguntonas, a lo que obliga nuestra profesi\u00f3n.<\/p>\n\n\n\n<p class=\"wp-block-paragraph\">Vale decir que entre todos los silencios sobre las actitudes de AMLO, la \u00fanica voz que se alz\u00f3 fue la de la Red de Periodistas y las Periodistas de a Pie, en una carta a la que ning\u00fan medio le ha dado peso y que tras ella no tiene qui\u00e9nes hagan fuerza, que centra la disputa en la libertad de expresi\u00f3n y encubre el enfrentamiento con el hombre concreto, el pr\u00f3ximo jefe del Estado Mexicano.<\/p>\n\n\n\n<p class=\"wp-block-paragraph\">La fuerza estar\u00eda en las mujeres que militan en Morena, las que inciden, como se dice, en la pol\u00edtica de g\u00e9nero, las que tienen decenas de grupos buscando la igualdad, protag\u00f3nicas legisladoras que parecen con un esparadrapo en&nbsp; la boca para no hablar, militantes del feminismo que se han autodenominado \u201cguerreras\u201d y se callan; militantes de otros \u00f3rganos pol\u00edticos que ni chistan, opinadoras y periodistas s\u00faper reconocidas que no se atreven; especialistas en g\u00e9nero que callan, como callan dentro de las Universidades los horrores de los profesores con doctorados que hostigan a las estudiantes. Duele el silencio de hombres inteligentes, que los hay.<\/p>\n\n\n\n<p class=\"wp-block-paragraph\"><strong>Silencio en las Morenas<\/strong><\/p>\n\n\n\n<p class=\"wp-block-paragraph\">En el partido del presidente electo hay mujeres que hoy ocupan la primera l\u00ednea de la defensa de la igualdad. Las que en otros ayeres hicieron trizas al presidente Vicente Fox cuando habl\u00f3 de la lavadora de dos patas, de dos piernas; que estuvieron al frente y crearon (creamos juntas) el estigma al Jefe Diego \u2013prominente panista &#8211; cuando nos dijo \u201cel viejer\u00edo\u201d refiri\u00e9ndose a nuestras protestas; y a qui\u00e9n, pregunto ya se les olvid\u00f3 nuestra indignaci\u00f3n cuando el secretario de gobernaci\u00f3n Carlos Abascal Carranza se refiri\u00f3 a las \u201cmasculinizaci\u00f3n de las mujeres\u201d.<\/p>\n\n\n\n<p class=\"wp-block-paragraph\">D\u00f3nde aparecen estas \u201cguerreras\u201d de Morena, cuando airadas criticaron una y otra vez a las mujeres de las bases del PRI, contradictoriamente al ahora, que ellas en coro, en una y otra actividad pol\u00edtica o administrativa, se empujan, pisotean, agreden para tomarse una foto con el presidente Enrique Pe\u00f1a Nieto, la otra cara de la moneda, un tipo de sexismo al rev\u00e9s, tan criticado, por el guapo de Pe\u00f1a Nieto, como en sus tiempos Felipe Gonz\u00e1lez en Espa\u00f1a.&nbsp; En fin, tiempos que pasan, hechos que suceden, poderes diversos, ahora es al padre al que hay que perdonar y justificar.<\/p>\n\n\n\n<p class=\"wp-block-paragraph\">Lean este recado en Facebook tremendo: \u201cEsta reportera \u00bfha protestado con la misma enjundia sobre los asesinatos de sus colegas o no se ha enterado? \u00bfQu\u00e9 ha hecho ante los cr\u00edmenes de sus colegas? \u00bfValora que es mejor que les den balazos a besos? \u00bfCu\u00e1l ha sido su postura ante el homicidio de Miroslava Breach? \u00bfLa pregunta que le hizo a AMLO es m\u00e1s importante que todo lo malo que ha ocurrido en M\u00e9xico? Van dos \u00abperiodistas\u00bb mujeres que se encabronan por un beso del presidente electo, \u00bfPero no les encabrona la impunidad del que se va? Un consejo tambi\u00e9n para AMLO: Ya no les de besos porque se enojan, ni les diga mis corazoncitos, se acostumbraron al chayote o al maltrato\u201d.<\/p>\n\n\n\n<p class=\"wp-block-paragraph\">Sin comentarios. Firma un morenista. Jes\u00fas Carlos Jaimes Bautista. Cultura que no cambia, patriarcado merecido, dir\u00eda alguien.<\/p>\n\n\n\n<p class=\"wp-block-paragraph\">Tras este silencio partidista e ideol\u00f3gico est\u00e1 la antigua disciplina priista e hist\u00f3rica de defender a los hombres con poder. Est\u00e1 una deleznable cultura patriarcal que subsiste en millones de mujeres que defienden la democracia s\u00f3lo masculina.<\/p>\n\n\n\n<p class=\"wp-block-paragraph\">&nbsp;La cultura religiosa de la esperanza y el perd\u00f3n est\u00e1 tambi\u00e9n detr\u00e1s, sobre todo en estos tiempos, donde una corriente de pensamiento desde el feminismo dice que el movimiento de las j\u00f3venes y de las mujeres del espect\u00e1culo conocido como #MeToo es el renacimiento de un postura de puritanismo sexual, algo as\u00ed como que \u201cla seducci\u00f3n\u201d no s\u00f3lo no es un delito, sino que es parte de algo \u201cbonito\u201d y que no distingue entre esa, la seducci\u00f3n y el hostigamiento. Se dir\u00eda que el presidente electo es simplemente un seductor, al que hay que aplaudir por su amor a las cabecitas blancas, mujeres mayores que frecuentemente abraza; el padre poderoso que toma en sus brazos a las ni\u00f1as y que con mucho \u201ccari\u00f1o\u201d toca la cara de las adolescentes y besa a las reporteras.<\/p>\n\n\n\n<p class=\"wp-block-paragraph\">Se olvida el perfil del patriarcado que hemos estudiado, y sobre el que hemos analizado efectos privados y p\u00fablicos. Los patriarcas son los jefes de las guerras; son los due\u00f1os del dinero y en el capitalismo los encargados directos de la explotaci\u00f3n de clase; los prohombres adorados por las masas son muchas veces el retrato hist\u00f3rico del fascismo, y son los art\u00edfices de las dictaduras.<\/p>\n\n\n\n<p class=\"wp-block-paragraph\">Cuidado. El perfil del nuevo jefe del Estado Mexicano se ajusta. El 14 de mayo de 2017, durante una entrevista con Jorge Ramos, quien le pregunt\u00f3 si era feminista respondi\u00f3: \u201cYo respeto a las mujeres\u201d, en segunda instancia volvi\u00f3 a repetir, \u201cyo respeto a las mujeres y las mujeres merecen ir al cielo\u201d, s\u00ed como \u00e1ngeles, \u00bfno?<\/p>\n\n\n\n<p class=\"wp-block-paragraph\">Ese es el tema. El perfil, el pensamiento, de una persona con un peso enorme en el M\u00e9xico de hoy y en los cambios por venir, buenos y malos. \u00c9l \u00bfes? un patriarca \u201camoroso\u201d al que las guerreras del feminismo le perdonan todo, por miedo a convertirse en puritanas y no modernas. Afortunadamente las j\u00f3venes de la ola verde, las j\u00f3venes contra el abuso y el hostigamiento, herederas del #MeToo, presentes en la revuelta estudiantil, 50 a\u00f1os despu\u00e9s de Tlatelolco est\u00e1n presentes. Alertas. Dispuestas. Hermosamente en procesos de organizaci\u00f3n. Por fortuna mi generaci\u00f3n est\u00e1 callada, en silencio y perdida. Veremos.<\/p>\n\n\n\n<p class=\"wp-block-paragraph\">saraloveralopez@gmail.com<\/p>\n","protected":false},"excerpt":{"rendered":"<p>Feministas y morenas callan el sexismo de AMLO Sara Lovera SemM\u00e9xico. Cd. de M\u00e9xico. 1 de octubre de 2018.- El silencio es como ese viento&nbsp;&nbsp; que arras\u00f3 con las prendas de quienes quedaron ca\u00eddos en la Plaza de las Tres Culturas y cuyo rumor dej\u00f3 en neblina la madrugada, donde apenas se percib\u00eda; un viento [&hellip;]<\/p>\n","protected":false},"author":3,"featured_media":3824,"comment_status":"open","ping_status":"open","sticky":false,"template":"","format":"standard","meta":{"_monsterinsights_skip_tracking":false,"footnotes":""},"categories":[689,35,95,69],"tags":[],"class_list":["post-3886","post","type-post","status-publish","format-standard","has-post-thumbnail","category-689","category-opinion","category-palabra-de-antigona","category-sara-lovera"],"_links":{"self":[{"href":"https:\/\/redsemlac.com\/semmexico\/wp-json\/wp\/v2\/posts\/3886","targetHints":{"allow":["GET"]}}],"collection":[{"href":"https:\/\/redsemlac.com\/semmexico\/wp-json\/wp\/v2\/posts"}],"about":[{"href":"https:\/\/redsemlac.com\/semmexico\/wp-json\/wp\/v2\/types\/post"}],"author":[{"embeddable":true,"href":"https:\/\/redsemlac.com\/semmexico\/wp-json\/wp\/v2\/users\/3"}],"replies":[{"embeddable":true,"href":"https:\/\/redsemlac.com\/semmexico\/wp-json\/wp\/v2\/comments?post=3886"}],"version-history":[{"count":0,"href":"https:\/\/redsemlac.com\/semmexico\/wp-json\/wp\/v2\/posts\/3886\/revisions"}],"wp:featuredmedia":[{"embeddable":true,"href":"https:\/\/redsemlac.com\/semmexico\/wp-json\/wp\/v2\/media\/3824"}],"wp:attachment":[{"href":"https:\/\/redsemlac.com\/semmexico\/wp-json\/wp\/v2\/media?parent=3886"}],"wp:term":[{"taxonomy":"category","embeddable":true,"href":"https:\/\/redsemlac.com\/semmexico\/wp-json\/wp\/v2\/categories?post=3886"},{"taxonomy":"post_tag","embeddable":true,"href":"https:\/\/redsemlac.com\/semmexico\/wp-json\/wp\/v2\/tags?post=3886"}],"curies":[{"name":"wp","href":"https:\/\/api.w.org\/{rel}","templated":true}]}}