{"id":38858,"date":"2021-07-30T10:12:47","date_gmt":"2021-07-30T16:12:47","guid":{"rendered":"https:\/\/redsemlac.com\/semmexico\/?p=38858"},"modified":"2023-07-21T17:05:02","modified_gmt":"2023-07-21T22:05:02","slug":"no-hay-que-ser-alcaldesa-de-oficina-judith-vanegas-va-por-agua-para-milpa-alta","status":"publish","type":"post","link":"https:\/\/redsemlac.com\/semmexico\/no-hay-que-ser-alcaldesa-de-oficina-judith-vanegas-va-por-agua-para-milpa-alta\/","title":{"rendered":"\u201cNo hay que ser alcaldesa de oficina\u201d: Judith Vanegas va por agua para Milpa Alta"},"content":{"rendered":"\n<p class=\"wp-block-paragraph\">Foto: Adri\u00e1n V\u00e1zquez<\/p>\n\n\n\n<p class=\"wp-block-paragraph\">Reconoci\u00f3 que a los habitantes de esta alcald\u00eda les hace falta mejorar sus condiciones de vida con un mayor desarrollo integral y humano<\/p>\n\n\n\n<p class=\"wp-block-paragraph\"><strong>Cecilia Nava&nbsp;<\/strong><strong><\/strong><\/p>\n\n\n\n<p class=\"wp-block-paragraph\">SemM\u00e9xico\/El Sol de M\u00e9xico, Cd. de M\u00e9xico, 30 de julio, 2021.- La cuarta transformaci\u00f3n va a reestructurarse y regresar\u00e1 a las calles como se hace en una campa\u00f1a. Ese es parte del plan de alcaldesa electa de Milpa Alta, Judith Vanegas, (Morena\/PT) luego de que el partido en el que milita, Morena, perdi\u00f3 alcald\u00edas y curules en el Congreso de la Ciudad de M\u00e9xico en el proceso electoral del 6 junio.<\/p>\n\n\n\n<p class=\"wp-block-paragraph\">En entrevista con El Sol de M\u00e9xico, Vanegas dijo que esa es la esencia de su partido pol\u00edtico e incluso est\u00e1 en los estatutos. \u201cNo tenemos que ser alcaldesas que estemos encerrados en un edificio, tenemos que salir y caminar como se hizo en la campa\u00f1a, tocando casas, la fortaleza nos la da la ciudadan\u00eda\u201d, cuenta.<\/p>\n\n\n\n<p class=\"wp-block-paragraph\">En su an\u00e1lisis previo a tomar protesta, reconoci\u00f3 que a los habitantes de esta alcald\u00eda les hace falta mejorar sus condiciones de vida con un mayor desarrollo integral y humano.<\/p>\n\n\n\n<p class=\"wp-block-paragraph\">Y adelant\u00f3 que al tomar las riendas de la administraci\u00f3n local iniciar\u00e1 con un calendario de audiencias p\u00fablicas, adem\u00e1s de tener presencia en todos los parajes y asentamientos irregulares en los diferentes barrios y pueblos para conocer de manera directa las necesidades de la poblaci\u00f3n de Milpa Alta.<\/p>\n\n\n\n<p class=\"wp-block-paragraph\"><strong>\u00bfEs una alcald\u00eda peligrosa?<\/strong><\/p>\n\n\n\n<p class=\"wp-block-paragraph\">Es la alcald\u00eda que menos \u00edndice delictivo tiene. Tenemos la menor densidad poblaci\u00f3n, casi somos 140 mil habitantes y vamos a hacer una estrategia de seguridad ciudadana en cada barrio y en colonias para tener acercamiento y que de viva voz la poblaci\u00f3n nos diga cu\u00e1les son las necesidades que tienen en materia de seguridad ciudadana<\/p>\n\n\n\n<p class=\"wp-block-paragraph\">Vamos a establecer tambi\u00e9n m\u00e1s interacci\u00f3n para que nos env\u00eden m\u00e1s elementos y patrullas e inclusive solicitar c\u00e1maras en puntos donde sean necesarios y hacer la revisi\u00f3n oportuna de todas las c\u00e1maras del C4 que hay en la alcald\u00eda.<\/p>\n\n\n\n<p class=\"wp-block-paragraph\"><strong>\u00bfC\u00f3mo har\u00e1 para que llegue el agua a todos los habitantes?<\/strong><\/p>\n\n\n\n<p class=\"wp-block-paragraph\">La solicitud de los habitantes es que haya cosecha de agua pluvial, porque este programa solamente est\u00e1 para las \u00e1reas urbanizadas y donde realmente se necesita este programa es dentro de nuestros asentamientos irregulares<\/p>\n\n\n\n<p class=\"wp-block-paragraph\">Tambi\u00e9n, tanques de almacenamiento, tenemos que reconstruir los tanques de almacenamiento, porque algunos son de concreto y est\u00e1n viejos, necesitamos hacer la revisi\u00f3n de los pozos, tenemos varios secos. Milpa Alta no pertenece al Sistema Cutzamala, en la alcald\u00eda&nbsp;&nbsp;dependemos de nuestros propios mantos acu\u00edferos, tenemos diferentes pozos, pero hay varios secos, entonces, tenemos que establecer reuniones puntuales con Sacmex y con las diferentes autoridades de la Ciudad de M\u00e9xico para hacer un estudio completo.<\/p>\n\n\n\n<p class=\"wp-block-paragraph\"><strong>La jefa de Gobierno anunci\u00f3 el cambio de secretario de gobierno, \u00bfqu\u00e9 le parece la llegada de Mart\u00ed Batres?<\/strong><\/p>\n\n\n\n<p class=\"wp-block-paragraph\">Me parece que la jefa de Gobierno est\u00e1 tomando las decisiones acertadas de acuerdo al panorama que ella tiene ahorita, el licenciado Mart\u00ed Batres es un pol\u00edtico con mucha experiencia, de izquierda, con un gran conocimiento de la Ciudad de M\u00e9xico.<\/p>\n\n\n\n<p class=\"wp-block-paragraph\"><strong>\u00bfEsto se debe a que Morena perdi\u00f3 algunas alcald\u00edas?<\/strong><\/p>\n\n\n\n<p class=\"wp-block-paragraph\">Ellos (la oposici\u00f3n) han estado haciendo un tipo de presi\u00f3n medi\u00e1tica, golpeteo, ellos s\u00ed son clasistas. Morena no perdi\u00f3, se hizo un an\u00e1lisis, nos lo presentaron a los alcaldes de Morena, y la alcaldesa Clara Brugada hizo un puntual mapeo, la ciudad no est\u00e1 dividida como ellos dicen, no se pint\u00f3 de color azul, ni magenta. Realmente hay un mayor n\u00famero de habitantes que siguen confiando en Morena y pues lo vemos, por ejemplo, en Iztapalapa, seguimos teniendo mayor\u00eda porque tenemos a las alcald\u00edas m\u00e1s pobladas.<\/p>\n\n\n\n<p class=\"wp-block-paragraph\">Pero en el caso de Milpa Alta y Venustiano Carranza, no eran de Morena y ahora las tenemos. Pienso que habr\u00e1 un piso parejo para todos.<\/p>\n\n\n\n<p class=\"wp-block-paragraph\"><strong>La oposici\u00f3n pide un presupuesto distinto conforme a su recaudaci\u00f3n, \u00bfqu\u00e9 opina?<\/strong><\/p>\n\n\n\n<p class=\"wp-block-paragraph\">Yo voy a trabajar de la mano con el gobierno de Claudia Sheinbaum Pardo, ya hay una f\u00f3rmula en donde es equitativa la repartici\u00f3n, entonces, la postura de ellos no debe ser&#8230; es una postura de presi\u00f3n y golpeteo, eso debe acabar, ellos tienen que pensar muy bien lo que est\u00e1n haciendo porque dentro de las alcald\u00edas no s\u00f3lo van a gobernar para los que votaron por ellos sino tambi\u00e9n para aquellos que no tuvieron la voluntad de votar.<\/p>\n\n\n\n<p class=\"wp-block-paragraph\">Lo mejor es que tengamos una buena relaci\u00f3n, Claudia Sheinbaum es una gobernante que tiene mucha empat\u00eda y puertas abiertas.<\/p>\n\n\n\n<p class=\"wp-block-paragraph\"><strong>\u00bfC\u00f3mo le gustar\u00eda que la recordaran al finalizar su administraci\u00f3n?<\/strong><\/p>\n\n\n\n<p class=\"wp-block-paragraph\">Como una milpaltense que lleg\u00f3 con un gobierno diferente, la que aplic\u00f3 los recursos para la gente, voy a tratar de cumplir mi palabra.<\/p>\n\n\n\n<p class=\"wp-block-paragraph\">No voy a cambiar, no ser\u00e9 d\u00e9spota, estos son puestos transitorios, uno sigue y vuelve a la comunidad.<\/p>\n","protected":false},"excerpt":{"rendered":"<p>Foto: Adri\u00e1n V\u00e1zquez Reconoci\u00f3 que a los habitantes de esta alcald\u00eda les hace falta mejorar sus condiciones de vida con un mayor desarrollo integral y humano Cecilia Nava&nbsp; SemM\u00e9xico\/El Sol de M\u00e9xico, Cd. de M\u00e9xico, 30 de julio, 2021.- La cuarta transformaci\u00f3n va a reestructurarse y regresar\u00e1 a las calles como se hace en una [&hellip;]<\/p>\n","protected":false},"author":3,"featured_media":38859,"comment_status":"open","ping_status":"open","sticky":false,"template":"","format":"standard","meta":{"_monsterinsights_skip_tracking":false,"footnotes":""},"categories":[692,141],"tags":[],"class_list":["post-38858","post","type-post","status-publish","format-standard","has-post-thumbnail","category-692","category-elecciones-2020-2021"],"_links":{"self":[{"href":"https:\/\/redsemlac.com\/semmexico\/wp-json\/wp\/v2\/posts\/38858","targetHints":{"allow":["GET"]}}],"collection":[{"href":"https:\/\/redsemlac.com\/semmexico\/wp-json\/wp\/v2\/posts"}],"about":[{"href":"https:\/\/redsemlac.com\/semmexico\/wp-json\/wp\/v2\/types\/post"}],"author":[{"embeddable":true,"href":"https:\/\/redsemlac.com\/semmexico\/wp-json\/wp\/v2\/users\/3"}],"replies":[{"embeddable":true,"href":"https:\/\/redsemlac.com\/semmexico\/wp-json\/wp\/v2\/comments?post=38858"}],"version-history":[{"count":0,"href":"https:\/\/redsemlac.com\/semmexico\/wp-json\/wp\/v2\/posts\/38858\/revisions"}],"wp:featuredmedia":[{"embeddable":true,"href":"https:\/\/redsemlac.com\/semmexico\/wp-json\/wp\/v2\/media\/38859"}],"wp:attachment":[{"href":"https:\/\/redsemlac.com\/semmexico\/wp-json\/wp\/v2\/media?parent=38858"}],"wp:term":[{"taxonomy":"category","embeddable":true,"href":"https:\/\/redsemlac.com\/semmexico\/wp-json\/wp\/v2\/categories?post=38858"},{"taxonomy":"post_tag","embeddable":true,"href":"https:\/\/redsemlac.com\/semmexico\/wp-json\/wp\/v2\/tags?post=38858"}],"curies":[{"name":"wp","href":"https:\/\/api.w.org\/{rel}","templated":true}]}}