{"id":38855,"date":"2021-07-30T10:09:54","date_gmt":"2021-07-30T16:09:54","guid":{"rendered":"https:\/\/redsemlac.com\/semmexico\/?p=38855"},"modified":"2023-07-21T17:05:02","modified_gmt":"2023-07-21T22:05:02","slug":"bullying-multa-a-padres-de-quien-lo-aplique","status":"publish","type":"post","link":"https:\/\/redsemlac.com\/semmexico\/bullying-multa-a-padres-de-quien-lo-aplique\/","title":{"rendered":"Bullying: multa a padres de quien lo aplique"},"content":{"rendered":"\n<p class=\"wp-block-paragraph\">Iniciativa de Marco Antonio Cabada Arias<\/p>\n\n\n\n<p class=\"wp-block-paragraph\">Redacci\u00f3n<\/p>\n\n\n\n<p class=\"wp-block-paragraph\">SemM\u00e9xico\/Ceprovysa, Chilpancingo, Guerrero, 30 de&nbsp;&nbsp;Julio, 2021.- El Congreso Local aprob\u00f3 una reforma al C\u00f3digo Penal que establece que los estudiantes que reciban bullying sean atendidos psicol\u00f3gicamente y los padres de quienes la causen paguen la terapia.<\/p>\n\n\n\n<p class=\"wp-block-paragraph\">En la exposici\u00f3n del dictamen a cargo del Legislador Marco Antonio Cabada Arias, integrante de la Comisi\u00f3n de Justicia, establece que la ley aplica a Instituciones educativas p\u00fablicas y privadas.<\/p>\n\n\n\n<p class=\"wp-block-paragraph\">En el planteamiento, el diputado Cabada Arias considera como \u201cdiscriminaci\u00f3n\u201d a la exclusi\u00f3n en raz\u00f3n de g\u00e9nero, as\u00ed como en religi\u00f3n, discapacidad f\u00edsica o intelectual, vestimenta, condici\u00f3n socioecon\u00f3mico, adem\u00e1s del lugar de origen o el estado de salud.<\/p>\n\n\n\n<p class=\"wp-block-paragraph\">Establece que el bullying provoca abandono de estudios por temor a sufrir alguna agresi\u00f3n, y presenten problemas de aprendizaje.<\/p>\n\n\n\n<p class=\"wp-block-paragraph\">El dictamen establece que el bullying reiterado en Instituciones de nivel b\u00e1sico, aplicar\u00e1 a los padres de qui\u00e9n lo provoque una multa de diez salarios m\u00ednimos as\u00ed como la obligaci\u00f3n de llevar y cubrir la terapia psicol\u00f3gica.<\/p>\n","protected":false},"excerpt":{"rendered":"<p>Iniciativa de Marco Antonio Cabada Arias Redacci\u00f3n SemM\u00e9xico\/Ceprovysa, Chilpancingo, Guerrero, 30 de&nbsp;&nbsp;Julio, 2021.- El Congreso Local aprob\u00f3 una reforma al C\u00f3digo Penal que establece que los estudiantes que reciban bullying sean atendidos psicol\u00f3gicamente y los padres de quienes la causen paguen la terapia. En la exposici\u00f3n del dictamen a cargo del Legislador Marco Antonio Cabada [&hellip;]<\/p>\n","protected":false},"author":3,"featured_media":38856,"comment_status":"open","ping_status":"open","sticky":false,"template":"","format":"standard","meta":{"_monsterinsights_skip_tracking":false,"footnotes":""},"categories":[692,50],"tags":[],"class_list":["post-38855","post","type-post","status-publish","format-standard","has-post-thumbnail","category-692","category-congreso"],"_links":{"self":[{"href":"https:\/\/redsemlac.com\/semmexico\/wp-json\/wp\/v2\/posts\/38855","targetHints":{"allow":["GET"]}}],"collection":[{"href":"https:\/\/redsemlac.com\/semmexico\/wp-json\/wp\/v2\/posts"}],"about":[{"href":"https:\/\/redsemlac.com\/semmexico\/wp-json\/wp\/v2\/types\/post"}],"author":[{"embeddable":true,"href":"https:\/\/redsemlac.com\/semmexico\/wp-json\/wp\/v2\/users\/3"}],"replies":[{"embeddable":true,"href":"https:\/\/redsemlac.com\/semmexico\/wp-json\/wp\/v2\/comments?post=38855"}],"version-history":[{"count":0,"href":"https:\/\/redsemlac.com\/semmexico\/wp-json\/wp\/v2\/posts\/38855\/revisions"}],"wp:featuredmedia":[{"embeddable":true,"href":"https:\/\/redsemlac.com\/semmexico\/wp-json\/wp\/v2\/media\/38856"}],"wp:attachment":[{"href":"https:\/\/redsemlac.com\/semmexico\/wp-json\/wp\/v2\/media?parent=38855"}],"wp:term":[{"taxonomy":"category","embeddable":true,"href":"https:\/\/redsemlac.com\/semmexico\/wp-json\/wp\/v2\/categories?post=38855"},{"taxonomy":"post_tag","embeddable":true,"href":"https:\/\/redsemlac.com\/semmexico\/wp-json\/wp\/v2\/tags?post=38855"}],"curies":[{"name":"wp","href":"https:\/\/api.w.org\/{rel}","templated":true}]}}